{"id":7705,"date":"2024-06-27T00:44:00","date_gmt":"2024-06-26T22:44:00","guid":{"rendered":"https:\/\/justynalorenc.com\/?p=7705"},"modified":"2024-07-12T10:52:35","modified_gmt":"2024-07-12T08:52:35","slug":"co-robic-w-krakowie-latem-pomysly-wycieczki-miejsca-atrakcje","status":"publish","type":"post","link":"https:\/\/justynalorenc.com\/en\/co-robic-w-krakowie-latem-pomysly-wycieczki-miejsca-atrakcje\/","title":{"rendered":"What to Do in Krakow in the Summer? The Best City Summer Ideas \u2013 Part I"},"content":{"rendered":"<h1 class=\"wp-block-heading\">Lato w Krakowie<\/h1>\n\n\n\n<p>Dla tych z was, kt\u00f3rzy wybieraj\u0105 si\u0119 do stolicy Ma\u0142opolski tego lata, przygotowa\u0142am list\u0119 rzeczy, kt\u00f3re warto zrobi\u0107 latem w Krakowie. To pierwszy z dw\u00f3ch wpis\u00f3w o tym, co najciekawszego mo\u017cna robi\u0107 w Krakowie podczas ciep\u0142ych wakacyjnych dni. Znajdziecie tu pomys\u0142y na aktywno\u015bci w wolnym czasie, atrakcje, muzea, co\u015b dla tych, kt\u00f3rzy lubi\u0105 miasto i kawiarnie, a tak\u017ce dla tych, kt\u00f3rzy wol\u0105 aktywny wypoczynek w naturze.&nbsp;<\/p>\n\n\n\n<p>Je\u015bli zastanawiacie si\u0119, co robi\u0107 w Krakowie w wakacje, ten wpis powsta\u0142 w\u0142a\u015bnie dla was. Krak\u00f3w latem jest wyj\u0105tkowo pi\u0119kny. D\u0142ugie dni i z\u0142ote zachody s\u0142o\u0144ca w kawiarniach nad Wis\u0142\u0105, wycieczki nad jeziora, nowe k\u0105pielisko na Zakrz\u00f3wku, kina plenerowe i ca\u0142a masa festiwali, spektakli i imprez. Nastr\u00f3j wakacji ju\u017c w pe\u0142ni zago\u015bci\u0142 pod Wawelem, ciep\u0142e wieczory sprzyjaj\u0105 wycieczkom i sp\u0119dzaniu czasu na \u015bwie\u017cym powietrzu.&nbsp;<\/p>\n\n\n\n<p>Sk\u0105pane w cieple i s\u0142o\u0144cu, miasto czaruje przyjezdnych wyj\u0105tkowym urokiem i oferuje milion pomys\u0142\u00f3w, jak sp\u0119dzi\u0107 tu ciekawie czas. Miejskie rozrywki nie wykluczaj\u0105 jednak przebywania w naturze &#8211; w Krakowie jej nie brakuje, a ja doceniam j\u0105 o wiele bardziej po latach sp\u0119dzonych we Francji, Luksemburgu i Belgii.<\/p>\n\n\n\n<h1 class=\"wp-block-heading\">Co robi\u0107 latem w Krakowie?<\/h1>\n\n\n\n<h2 class=\"wp-block-heading\"><strong>ODWIED\u0179 WSZYSTKIE KOPCE&nbsp;<\/strong><\/h2>\n\n\n\n<p>Jedne z najbardziej tajemniczych miejsc w Krakowie. Do dzi\u015b badacze nie s\u0105 zgodni, jakie dok\u0142adnie funkcje pe\u0142ni\u0142y: obronne, kultu religijnego, poch\u00f3wku wa\u017cnych os\u00f3b czy obserwacyjne. Mo\u017cliwe, \u017ce usypywano je, by stworzy\u0107 miejsce kultu lub upami\u0119tni\u0107 wa\u017cne historycznie wydarzenia. Dodajmy do tego liczne legendy i mamy niemal gotowy scenariusz na dobry serial.<\/p>\n\n\n\n<p>Najstarsze krakowskie kopce to <strong>kopiec Kraka<\/strong> i <strong>kopiec Wandy<\/strong>. Ten pierwszy znajduje si\u0119 w dzielnicy Podg\u00f3rze w bezpo\u015bredniej okolicy teren\u00f3w by\u0142ego obozu w P\u0142aszowie. To miejsce pe\u0142ne symboli i historii, tej dawnej pe\u0142nej poga\u0144skich wierze\u0144, jak i tej nowszej, zwi\u0105zanej z II wojn\u0105 \u015bwiatow\u0105. Przyjmuje si\u0119, \u017ce najpewniej by\u0142 to grobowiec kr\u00f3la Kraka, za\u0142o\u017cyciela Krakowa, ale te\u017c punkt obserwacyjny. Podobne funkcje mia\u0142 pe\u0142ni\u0107 mniejszy kopiec Wandy w Nowej Hucie. Kopiec Wandy zwi\u0105zany jest bowiem z legend\u0105 o Wandzie, c\u00f3rce Kraka, kt\u00f3ra rzuci\u0142a si\u0119 do Wis\u0142y, by unikn\u0105\u0107 przymusowego ma\u0142\u017ce\u0144stwa oraz gniewu i zemsty odrzuconego niemieckiego adoratora. Kopiec Wandy ma tak naprawd\u0119 by\u0107 jej grobowcem.&nbsp;<\/p>\n\n\n\n<p><strong>Kopce Ko\u015bciuszki i Pi\u0142sudskiego<\/strong> usypano du\u017co p\u00f3\u017aniej, jeden na pocz\u0105tku XIX w., a drugi w latach 30. XX w. ale one r\u00f3wnie\u017c maj\u0105 ogromne znaczenie dla polskiej historii.&nbsp;<\/p>\n\n\n\n<p>Do wszystkich kopc\u00f3w prowadz\u0105 spacerowe \u015bcie\u017cki i s\u0105 \u015bwietnym miejscem nie tylko na kontemplacj\u0119 historii, ale te\u017c przyjemn\u0105 przechadzk\u0119 z dala od zgie\u0142ku miasta i spojrzenie na miasto z g\u00f3ry.<\/p>\n\n\n\n<p><\/p>\n\n\n<div class=\"wp-block-image\">\n<figure class=\"aligncenter size-large is-resized\"><img fetchpriority=\"high\" decoding=\"async\" width=\"768\" height=\"1024\" src=\"https:\/\/justynalorenc.com\/wp-content\/uploads\/2023\/01\/DJI_0197-2-768x1024.jpg\" alt=\"krak\u00f3w kopiec kraka\" class=\"wp-image-9104\" style=\"aspect-ratio:0.75;width:647px;height:auto\" srcset=\"https:\/\/justynalorenc.com\/wp-content\/uploads\/2023\/01\/DJI_0197-2-768x1024.jpg 768w, https:\/\/justynalorenc.com\/wp-content\/uploads\/2023\/01\/DJI_0197-2-225x300.jpg 225w, https:\/\/justynalorenc.com\/wp-content\/uploads\/2023\/01\/DJI_0197-2.jpg 900w\" sizes=\"(max-width: 768px) 100vw, 768px\" \/><\/figure><\/div>\n\n\n<h2 class=\"wp-block-heading\"><strong>NAMALUJ OBRAZ PRZY WINIE<\/strong><\/h2>\n\n\n\n<p>Podobno sztuka uratuje \u015bwiat, a ja mam dzi\u015b dla was wydarzenie, kt\u00f3re na pewno uratuje ka\u017cdy wakacyjny weekend bez planu. Wydarzenie, na kt\u00f3rym czekaj\u0105 na was malowanie i wino, przek\u0105ski, \u015bwietne playlisty, du\u017co dobrej zabawy i radosnego tworzenia.<\/p>\n\n\n\n<p><strong>Odkryj artyst\u0119 czyli malowanie przy winie <\/strong>w<strong> <\/strong>Krakowie to wydarzenie doskona\u0142e na lato w mie\u015bcie. Impreza polega na spontanicznym malowaniu obraz\u00f3w przy dobrym winie i \u015bwietnej muzyce, ale przede wszystkim na dobrej, spontanicznej zabawie i odkrywaniu w sobie wewn\u0119trznego artysty. Temat jest losowany na miejscu, ale oczywi\u015bcie stanowi jedynie wskaz\u00f3wk\u0119 i inspiracj\u0119, a to wy sami decydujecie, w kt\u00f3r\u0105 stron\u0119 z tym tematem pod\u0105\u017ca\u0107. Organizatorzy zapewniaj\u0105 wszystkie narz\u0119dzia malarskie, profesjonalne podobrazie malarskie, fartuchy, farby, p\u0119dzle i niespodzianki, kt\u00f3re ka\u017cdy losuje i kt\u00f3rych mo\u017cecie u\u017cy\u0107 do tworzenia na p\u0142\u00f3tnie. Wszystko, \u0142\u0105cznie z bia\u0142ym, musuj\u0105cym i czerwonym winem (tak\u017ce bezalkoholowym) i przek\u0105skami (deska ser\u00f3w, hummus, nachos i deski wege), jest zapewnione na miejscu. Zabierzcie dobry humor i pozytywn\u0105 energi\u0119. Powsta\u0142e prace zabieracie ze sob\u0105 do domu odpowiednio spakowane i zabezpieczone do transportu.&nbsp;<\/p>\n\n\n\n<p>Odkryj artyst\u0119 to \u015bwietna zabawa na ciep\u0142y letni wiecz\u00f3r lub popo\u0142udnie, ale, niezale\u017cnie od pogody, pami\u0119tajcie, by zrobi\u0107 wcze\u015bniej rezerwacj\u0119! To impreza, na kt\u00f3rej mo\u017cna pozna\u0107 nowych ludzi, ale introwertycy te\u017c si\u0119 tutaj odnajd\u0105 &#8211; istot\u0105 imprezy jest, by ka\u017cdy czu\u0142 si\u0119 swobodnie i dobrze si\u0119 bawi\u0142.<\/p>\n\n\n\n<p>O miejscu wydarzenia uczestnicy dowiaduj\u0105 si\u0119 24 godziny przed planowanym rozpocz\u0119ciem. Wszystkie lokalizacje s\u0105 klimatyzowane. Sama impreza trwa 3 godziny.<\/p>\n\n\n\n<p>W sierpniu wydarzenie jest r\u00f3wnie\u017c organizowane w wyj\u0105tkowym miejscu: na tarasie z widokiem na Wawel (dost\u0119pne 2 terminy).&nbsp;<\/p>\n\n\n\n<p>Po wi\u0119cej szczeg\u00f3\u0142\u00f3w wejd\u017acie tutaj: <a href=\"https:\/\/www.facebook.com\/odkryjartyste\/?paipv=0&amp;eav=AfbT2YPtZsWgEOAMizazE3ideD_knUMFrJADDp7yGrRRoVD6EsoPAnHDM7lfboZas3c&amp;_rdr\" target=\"_blank\" rel=\"noreferrer noopener\">Facebook<\/a> i <a href=\"https:\/\/www.instagram.com\/odkryj_artyste\/\" target=\"_blank\" rel=\"noreferrer noopener\">Instagram<\/a> imprezy i na stron\u0119 organizator\u00f3w wydarzenia <a href=\"https:\/\/www.odkryjartyste.com\/\" target=\"_blank\" rel=\"noreferrer noopener\">Odkryj Artyst\u0119 &#8211; Malowanie przy winie Krak\u00f3w<\/a>.<\/p>\n\n\n\n<figure class=\"wp-block-gallery has-nested-images columns-default is-cropped wp-block-gallery-1 is-layout-flex wp-block-gallery-is-layout-flex\">\n<figure class=\"wp-block-image size-large\"><img decoding=\"async\" width=\"683\" height=\"1024\" data-id=\"12319\" src=\"https:\/\/justynalorenc.com\/wp-content\/uploads\/2024\/07\/DSC03310-683x1024.jpg\" alt=\"co robi\u0107 w krakowie latem\" class=\"wp-image-12319\" srcset=\"https:\/\/justynalorenc.com\/wp-content\/uploads\/2024\/07\/DSC03310-683x1024.jpg 683w, https:\/\/justynalorenc.com\/wp-content\/uploads\/2024\/07\/DSC03310-200x300.jpg 200w, https:\/\/justynalorenc.com\/wp-content\/uploads\/2024\/07\/DSC03310-768x1152.jpg 768w, https:\/\/justynalorenc.com\/wp-content\/uploads\/2024\/07\/DSC03310-1024x1536.jpg 1024w, https:\/\/justynalorenc.com\/wp-content\/uploads\/2024\/07\/DSC03310-1365x2048.jpg 1365w, https:\/\/justynalorenc.com\/wp-content\/uploads\/2024\/07\/DSC03310-8x12.jpg 8w, https:\/\/justynalorenc.com\/wp-content\/uploads\/2024\/07\/DSC03310-scaled.jpg 1707w\" sizes=\"(max-width: 683px) 100vw, 683px\" \/><\/figure>\n\n\n\n<figure class=\"wp-block-image size-large\"><img decoding=\"async\" width=\"683\" height=\"1024\" data-id=\"12320\" src=\"https:\/\/justynalorenc.com\/wp-content\/uploads\/2024\/07\/DSC03322-683x1024.jpg\" alt=\"co robi\u0107 w krakowie latem\" class=\"wp-image-12320\" srcset=\"https:\/\/justynalorenc.com\/wp-content\/uploads\/2024\/07\/DSC03322-683x1024.jpg 683w, https:\/\/justynalorenc.com\/wp-content\/uploads\/2024\/07\/DSC03322-200x300.jpg 200w, https:\/\/justynalorenc.com\/wp-content\/uploads\/2024\/07\/DSC03322-768x1152.jpg 768w, https:\/\/justynalorenc.com\/wp-content\/uploads\/2024\/07\/DSC03322-1024x1536.jpg 1024w, https:\/\/justynalorenc.com\/wp-content\/uploads\/2024\/07\/DSC03322-1365x2048.jpg 1365w, https:\/\/justynalorenc.com\/wp-content\/uploads\/2024\/07\/DSC03322-8x12.jpg 8w, https:\/\/justynalorenc.com\/wp-content\/uploads\/2024\/07\/DSC03322-scaled.jpg 1707w\" sizes=\"(max-width: 683px) 100vw, 683px\" \/><\/figure>\n<\/figure>\n\n\n\n<figure class=\"wp-block-video aligncenter\"><video controls muted src=\"https:\/\/justynalorenc.com\/wp-content\/uploads\/2024\/07\/copy_60C1E075-CBD3-4A2A-8D29-202508F77639-1.mov\"><\/video><\/figure>\n\n\n\n<figure class=\"wp-block-gallery alignwide has-nested-images columns-default is-cropped wp-block-gallery-3 is-layout-flex wp-block-gallery-is-layout-flex\">\n<figure class=\"wp-block-image size-large\"><img loading=\"lazy\" decoding=\"async\" width=\"683\" height=\"1024\" data-id=\"12318\" src=\"https:\/\/justynalorenc.com\/wp-content\/uploads\/2024\/07\/DSC03129-683x1024.jpg\" alt=\"co robi\u0107 w krakowie latem\" class=\"wp-image-12318\" srcset=\"https:\/\/justynalorenc.com\/wp-content\/uploads\/2024\/07\/DSC03129-683x1024.jpg 683w, https:\/\/justynalorenc.com\/wp-content\/uploads\/2024\/07\/DSC03129-200x300.jpg 200w, https:\/\/justynalorenc.com\/wp-content\/uploads\/2024\/07\/DSC03129-768x1152.jpg 768w, https:\/\/justynalorenc.com\/wp-content\/uploads\/2024\/07\/DSC03129-1024x1536.jpg 1024w, https:\/\/justynalorenc.com\/wp-content\/uploads\/2024\/07\/DSC03129-1365x2048.jpg 1365w, https:\/\/justynalorenc.com\/wp-content\/uploads\/2024\/07\/DSC03129-8x12.jpg 8w, https:\/\/justynalorenc.com\/wp-content\/uploads\/2024\/07\/DSC03129-scaled.jpg 1707w\" sizes=\"(max-width: 683px) 100vw, 683px\" \/><\/figure>\n\n\n\n<figure class=\"wp-block-image size-large\"><img loading=\"lazy\" decoding=\"async\" width=\"683\" height=\"1024\" data-id=\"12322\" src=\"https:\/\/justynalorenc.com\/wp-content\/uploads\/2024\/07\/DSC03144-683x1024.jpg\" alt=\"co robi\u0107 w krakowie latem\" class=\"wp-image-12322\" srcset=\"https:\/\/justynalorenc.com\/wp-content\/uploads\/2024\/07\/DSC03144-683x1024.jpg 683w, https:\/\/justynalorenc.com\/wp-content\/uploads\/2024\/07\/DSC03144-200x300.jpg 200w, https:\/\/justynalorenc.com\/wp-content\/uploads\/2024\/07\/DSC03144-768x1152.jpg 768w, https:\/\/justynalorenc.com\/wp-content\/uploads\/2024\/07\/DSC03144-1024x1536.jpg 1024w, https:\/\/justynalorenc.com\/wp-content\/uploads\/2024\/07\/DSC03144-1365x2048.jpg 1365w, https:\/\/justynalorenc.com\/wp-content\/uploads\/2024\/07\/DSC03144-8x12.jpg 8w, https:\/\/justynalorenc.com\/wp-content\/uploads\/2024\/07\/DSC03144-scaled.jpg 1707w\" sizes=\"(max-width: 683px) 100vw, 683px\" \/><\/figure>\n\n\n\n<figure class=\"wp-block-image size-large\"><img loading=\"lazy\" decoding=\"async\" width=\"683\" height=\"1024\" data-id=\"12323\" src=\"https:\/\/justynalorenc.com\/wp-content\/uploads\/2024\/07\/DSC03201-683x1024.jpg\" alt=\"co robi\u0107 w krakowie latem\" class=\"wp-image-12323\" srcset=\"https:\/\/justynalorenc.com\/wp-content\/uploads\/2024\/07\/DSC03201-683x1024.jpg 683w, https:\/\/justynalorenc.com\/wp-content\/uploads\/2024\/07\/DSC03201-200x300.jpg 200w, https:\/\/justynalorenc.com\/wp-content\/uploads\/2024\/07\/DSC03201-768x1152.jpg 768w, https:\/\/justynalorenc.com\/wp-content\/uploads\/2024\/07\/DSC03201-1024x1536.jpg 1024w, https:\/\/justynalorenc.com\/wp-content\/uploads\/2024\/07\/DSC03201-1365x2048.jpg 1365w, https:\/\/justynalorenc.com\/wp-content\/uploads\/2024\/07\/DSC03201-8x12.jpg 8w, https:\/\/justynalorenc.com\/wp-content\/uploads\/2024\/07\/DSC03201-scaled.jpg 1707w\" sizes=\"(max-width: 683px) 100vw, 683px\" \/><\/figure>\n<\/figure>\n\n\n\n<h2 class=\"wp-block-heading\"><strong>WYPIJ DRINKA NA DACHU<\/strong><\/h2>\n\n\n\n<p>Kiedy po ciep\u0142ym intensywnym dniu niebo z\u0142oci si\u0119 zachodz\u0105cym s\u0142o\u0144cem, a powietrze wci\u0105\u017c pachnie wakacyjnymi uciechami, warto wybra\u0107 si\u0119 do jednego z krakowskich rooftop\u00f3w. W ko\u0144cu ciep\u0142e wakacyjne wieczory najlepiej smakuj\u0105 z pi\u0119knym widokiem i dobrym drinkiem w mi\u0142ym miejscu. Jednym z takich miejsc s\u0105 bary na dachu, kt\u00f3rych w Krakowie jest kilka.&nbsp;<\/p>\n\n\n\n<p>Zajrzyjcie do <strong>Cafe Vidok na dachu domu towarowego Jubilat<\/strong>, by delektowa\u0107 si\u0119 mro\u017con\u0105 herbat\u0105 albo kaw\u0105 z przepi\u0119knym widokiem na zakole Wis\u0142y i Wawel. Podobny widok z innej perspektywy zobaczycie z <strong>Oran\u017cerii na dachu hotelu Kossak<\/strong> (przy Placu Kossaka 1) i z baru <strong>SIX Rooftop przy ul. \u015bw. Sebastiana<\/strong>.&nbsp;<\/p>\n\n\n\n<p>Na \u015bniadanie z widokiem wybierzcie si\u0119 do muzealnej kawiarni <strong>Cafe Manggha<\/strong> &#8211; taras wychodzi na Wis\u0142\u0119 i Wawel. Magiczny widok jest te\u017c z tarasu restauracji <strong>U Ziyada na zamku w Przegorza\u0142ach<\/strong> oraz ze sto\u0142\u00f3wki <strong>Metrum Restobistro<\/strong> (dawna sto\u0142\u00f3wka U Romana) na dachu krakowskiej Akademii Muzycznej, sk\u0105d rozci\u0105ga si\u0119 prze\u015bliczny widok na rynek.<\/p>\n\n\n\n<p>Mi\u0142o\u015bnikom klasyki i sztuki polecam <strong>kawiarni\u0119 Sza\u0142 na Sukiennicach<\/strong> z widokiem na Bazylik\u0119 Mariack\u0105 i p\u0142yt\u0119 rynku. Mo\u017cna st\u0105d obserwowa\u0107 \u017cycie tocz\u0105ce si\u0119 na dole i podziwia\u0107 stare kolorowe kamienice.<\/p>\n\n\n\n<figure class=\"wp-block-gallery has-nested-images columns-default is-cropped wp-block-gallery-5 is-layout-flex wp-block-gallery-is-layout-flex\">\n<figure class=\"wp-block-image size-large\"><img loading=\"lazy\" decoding=\"async\" width=\"768\" height=\"1024\" data-id=\"12324\" src=\"https:\/\/justynalorenc.com\/wp-content\/uploads\/2024\/06\/IMG_3542-768x1024.jpg\" alt=\"co robi\u0107 w krakowie latem\" class=\"wp-image-12324\" srcset=\"https:\/\/justynalorenc.com\/wp-content\/uploads\/2024\/06\/IMG_3542-768x1024.jpg 768w, https:\/\/justynalorenc.com\/wp-content\/uploads\/2024\/06\/IMG_3542-225x300.jpg 225w, https:\/\/justynalorenc.com\/wp-content\/uploads\/2024\/06\/IMG_3542-1152x1536.jpg 1152w, https:\/\/justynalorenc.com\/wp-content\/uploads\/2024\/06\/IMG_3542-1536x2048.jpg 1536w, https:\/\/justynalorenc.com\/wp-content\/uploads\/2024\/06\/IMG_3542-9x12.jpg 9w, https:\/\/justynalorenc.com\/wp-content\/uploads\/2024\/06\/IMG_3542-scaled.jpg 1920w\" sizes=\"(max-width: 768px) 100vw, 768px\" \/><\/figure>\n\n\n\n<figure class=\"wp-block-image size-large\"><img loading=\"lazy\" decoding=\"async\" width=\"768\" height=\"1024\" data-id=\"12325\" src=\"https:\/\/justynalorenc.com\/wp-content\/uploads\/2024\/06\/IMG_3550-768x1024.jpg\" alt=\"co robi\u0107 w krakowie latem\" class=\"wp-image-12325\" srcset=\"https:\/\/justynalorenc.com\/wp-content\/uploads\/2024\/06\/IMG_3550-768x1024.jpg 768w, https:\/\/justynalorenc.com\/wp-content\/uploads\/2024\/06\/IMG_3550-225x300.jpg 225w, https:\/\/justynalorenc.com\/wp-content\/uploads\/2024\/06\/IMG_3550-1152x1536.jpg 1152w, https:\/\/justynalorenc.com\/wp-content\/uploads\/2024\/06\/IMG_3550-1536x2048.jpg 1536w, https:\/\/justynalorenc.com\/wp-content\/uploads\/2024\/06\/IMG_3550-9x12.jpg 9w, https:\/\/justynalorenc.com\/wp-content\/uploads\/2024\/06\/IMG_3550-scaled.jpg 1920w\" sizes=\"(max-width: 768px) 100vw, 768px\" \/><\/figure>\n<\/figure>\n\n\n\n<figure class=\"wp-block-gallery has-nested-images columns-default is-cropped wp-block-gallery-7 is-layout-flex wp-block-gallery-is-layout-flex\">\n<figure class=\"wp-block-image size-large\"><img loading=\"lazy\" decoding=\"async\" width=\"683\" height=\"1024\" data-id=\"11544\" src=\"https:\/\/justynalorenc.com\/wp-content\/uploads\/2023\/11\/DSC08267-683x1024.jpg\" alt=\"sza\u0142 kawiarnia krak\u00f3w\" class=\"wp-image-11544\" srcset=\"https:\/\/justynalorenc.com\/wp-content\/uploads\/2023\/11\/DSC08267-683x1024.jpg 683w, https:\/\/justynalorenc.com\/wp-content\/uploads\/2023\/11\/DSC08267-200x300.jpg 200w, https:\/\/justynalorenc.com\/wp-content\/uploads\/2023\/11\/DSC08267-768x1152.jpg 768w, https:\/\/justynalorenc.com\/wp-content\/uploads\/2023\/11\/DSC08267-1024x1536.jpg 1024w, https:\/\/justynalorenc.com\/wp-content\/uploads\/2023\/11\/DSC08267-1365x2048.jpg 1365w, https:\/\/justynalorenc.com\/wp-content\/uploads\/2023\/11\/DSC08267-scaled.jpg 1707w\" sizes=\"(max-width: 683px) 100vw, 683px\" \/><\/figure>\n<\/figure>\n\n\n\n<figure class=\"wp-block-gallery alignfull has-nested-images columns-1 is-cropped wp-block-gallery-9 is-layout-flex wp-block-gallery-is-layout-flex\">\n<figure class=\"wp-block-image size-large\"><img loading=\"lazy\" decoding=\"async\" width=\"1024\" height=\"670\" data-id=\"9028\" src=\"https:\/\/justynalorenc.com\/wp-content\/uploads\/2022\/12\/DSC09463-1024x670.jpg\" alt=\"krak\u00f3w miejsca\" class=\"wp-image-9028\" srcset=\"https:\/\/justynalorenc.com\/wp-content\/uploads\/2022\/12\/DSC09463-1024x670.jpg 1024w, https:\/\/justynalorenc.com\/wp-content\/uploads\/2022\/12\/DSC09463-300x196.jpg 300w, https:\/\/justynalorenc.com\/wp-content\/uploads\/2022\/12\/DSC09463-768x502.jpg 768w, https:\/\/justynalorenc.com\/wp-content\/uploads\/2022\/12\/DSC09463-1080x707.jpg 1080w, https:\/\/justynalorenc.com\/wp-content\/uploads\/2022\/12\/DSC09463.jpg 1200w\" sizes=\"(max-width: 1024px) 100vw, 1024px\" \/><\/figure>\n\n\n\n<figure class=\"wp-block-image size-large\"><img loading=\"lazy\" decoding=\"async\" width=\"1024\" height=\"683\" data-id=\"11301\" src=\"https:\/\/justynalorenc.com\/wp-content\/uploads\/2023\/09\/DSC07898-1024x683.jpg\" alt=\"\u015bniadania krak\u00f3w\" class=\"wp-image-11301\" srcset=\"https:\/\/justynalorenc.com\/wp-content\/uploads\/2023\/09\/DSC07898-1024x683.jpg 1024w, https:\/\/justynalorenc.com\/wp-content\/uploads\/2023\/09\/DSC07898-300x200.jpg 300w, https:\/\/justynalorenc.com\/wp-content\/uploads\/2023\/09\/DSC07898-768x512.jpg 768w, https:\/\/justynalorenc.com\/wp-content\/uploads\/2023\/09\/DSC07898-1536x1024.jpg 1536w, https:\/\/justynalorenc.com\/wp-content\/uploads\/2023\/09\/DSC07898-2048x1365.jpg 2048w\" sizes=\"(max-width: 1024px) 100vw, 1024px\" \/><\/figure>\n<\/figure>\n\n\n\n<h2 class=\"wp-block-heading\"><strong>WYBIERZ SI\u0118 W REJS PO WI\u015aLE<\/strong><\/h2>\n\n\n\n<p>Rejs \u0142\u00f3dk\u0105 po Wi\u015ble to doskona\u0142y pomys\u0142 na ciep\u0142e popo\u0142udnie w Krakowie. To nie tylko idealna opcja na randk\u0119, ale te\u017c na zobaczenie miasta z nowej, nietypowej perspektywy wody.&nbsp;<\/p>\n\n\n\n<p>Je\u015bli lubicie wizualne przyjemno\u015bci, odrobin\u0119 przygody i dobr\u0105 zabaw\u0119, wybierzcie si\u0119 na rejs jedn\u0105 z \u0142\u00f3dek, zwykle czekaj\u0105cych na pasa\u017cer\u00f3w przy bulwarze pod Wawelem.<\/p>\n\n\n\n<p>Do wyboru macie ma\u0142e, przytulne drewniane gondole z zadaszeniem (do 12 os\u00f3b), katamarany lub wi\u0119ksze statki wycieczkowe (200 os\u00f3b). Cena za p\u00f3\u0142 godziny gondoli to oko\u0142o 40-45 z\u0142. Ma\u0142e tradycyjne gondole odp\u0142ywaj\u0105 co oko\u0142o 40 minut, wi\u0119ksze troch\u0119 rzadziej, ale zale\u017cy od firmy, kt\u00f3r\u0105 wybierzecie. Dla por\u00f3wnania, 4-godzinny rejs do Ty\u0144ca to koszt oko\u0142o 190 z\u0142.&nbsp;<\/p>\n\n\n\n<p>Przyjemne ko\u0142ysanie \u0142\u00f3dki pozwoli wam odp\u0142yn\u0105\u0107 po intensywnym dniu zwiedzania.<\/p>\n\n\n<div class=\"wp-block-image\">\n<figure class=\"aligncenter size-large\"><img loading=\"lazy\" decoding=\"async\" width=\"1024\" height=\"683\" src=\"https:\/\/justynalorenc.com\/wp-content\/uploads\/2024\/06\/MG_1054-kopia-1024x683.jpg\" alt=\"co robi\u0107 w krakowie latem\" class=\"wp-image-12327\" srcset=\"https:\/\/justynalorenc.com\/wp-content\/uploads\/2024\/06\/MG_1054-kopia-1024x683.jpg 1024w, https:\/\/justynalorenc.com\/wp-content\/uploads\/2024\/06\/MG_1054-kopia-300x200.jpg 300w, https:\/\/justynalorenc.com\/wp-content\/uploads\/2024\/06\/MG_1054-kopia-768x512.jpg 768w, https:\/\/justynalorenc.com\/wp-content\/uploads\/2024\/06\/MG_1054-kopia-1536x1024.jpg 1536w, https:\/\/justynalorenc.com\/wp-content\/uploads\/2024\/06\/MG_1054-kopia-2048x1365.jpg 2048w, https:\/\/justynalorenc.com\/wp-content\/uploads\/2024\/06\/MG_1054-kopia-18x12.jpg 18w\" sizes=\"(max-width: 1024px) 100vw, 1024px\" \/><\/figure><\/div>\n\n\n<figure class=\"wp-block-image alignfull size-large\"><img loading=\"lazy\" decoding=\"async\" width=\"1024\" height=\"683\" src=\"https:\/\/justynalorenc.com\/wp-content\/uploads\/2024\/06\/MG_1846-1024x683.jpg\" alt=\"co robi\u0107 w krakowie latem\" class=\"wp-image-12329\" srcset=\"https:\/\/justynalorenc.com\/wp-content\/uploads\/2024\/06\/MG_1846-1024x683.jpg 1024w, https:\/\/justynalorenc.com\/wp-content\/uploads\/2024\/06\/MG_1846-300x200.jpg 300w, https:\/\/justynalorenc.com\/wp-content\/uploads\/2024\/06\/MG_1846-768x512.jpg 768w, https:\/\/justynalorenc.com\/wp-content\/uploads\/2024\/06\/MG_1846-1536x1024.jpg 1536w, https:\/\/justynalorenc.com\/wp-content\/uploads\/2024\/06\/MG_1846-2048x1365.jpg 2048w, https:\/\/justynalorenc.com\/wp-content\/uploads\/2024\/06\/MG_1846-18x12.jpg 18w\" sizes=\"(max-width: 1024px) 100vw, 1024px\" \/><\/figure>\n\n\n\n<h2 class=\"wp-block-heading\"><strong>ODKRYWAJ UKRYTE OGRODY<\/strong><\/h2>\n\n\n\n<p>Ciep\u0142e poranki i popo\u0142udnia warto sp\u0119dzi\u0107 w jednym z pi\u0119knych kawiarnianych ukrytych ogr\u00f3dk\u00f3w w Krakowie.<\/p>\n\n\n\n<p>Krak\u00f3w skrywa wiele tajemnic, ukrytych przed wzrokiem turyst\u00f3w, ale i mieszka\u0144c\u00f3w. Jednym z sekret\u00f3w Krakowa s\u0105 ma\u0142o znane ogr\u00f3dki kawiarniane. Mam dla was propozycj\u0119 kilku \u015blicznych kawiarni ukrytych w tajemniczych ogrodach Krakowa.<\/p>\n\n\n\n<p>Moim ulubionym ogrodem jest <strong>Meho Cafe<\/strong>. To kawiarnia schowana za Domem Mehoffera, gdzie przeniesiesz si\u0119 w czasie do Krakowa prze\u0142omu wiek\u00f3w i wypijesz kaw\u0119 w zielonym ogrodzie zaprojektowanym przez samego J\u00f3zefa Mehoffera. W ciep\u0142y dzie\u0144 warto usi\u0105\u015b\u0107 tu na chwil\u0119, mimo \u017ce kawiarnia staje si\u0119 coraz bardziej popularna, wci\u0105\u017c jest tu cicho i mo\u017cna znale\u017a\u0107 odrobin\u0119 spokoju i odpocz\u0105\u0107 od zgie\u0142ku miasta.<\/p>\n\n\n\n<p>Wakacyjne popo\u0142udnia warto sp\u0119dzi\u0107 te\u017c w pi\u0119knym ogrodzie botanicznym i w jego kawiarni. <strong>Milin Cafe<\/strong> to miejsce naprawd\u0119 wyj\u0105tkowe &#8211; w tej \u015blicznej bajkowej scenerii a\u017c chce si\u0119 napi\u0107 zimnej lemoniady lub mro\u017conej kawy. By wej\u015b\u0107 do kawiarni trzeba kupi\u0107 bilet do ogrodu botanicznego.&nbsp;<\/p>\n\n\n\n<p><a href=\"https:\/\/justynalorenc.com\/en\/kawiarnie-w-krakowie-6-najpiekniejszych-ukrytych-ogrodow\/\" target=\"_blank\" rel=\"noreferrer noopener\">W tym wpisie znajdziesz naj\u0142adniejsze ukryte ogrody kawiarniane w Krakowie.<\/a><\/p>\n\n\n\n<figure class=\"wp-block-image alignfull size-large\"><img loading=\"lazy\" decoding=\"async\" width=\"1024\" height=\"683\" src=\"https:\/\/justynalorenc.com\/wp-content\/uploads\/2023\/11\/DSC09879-2-1024x683.jpg\" alt=\"meho cafe krak\u00f3w\" class=\"wp-image-11405\" srcset=\"https:\/\/justynalorenc.com\/wp-content\/uploads\/2023\/11\/DSC09879-2-1024x683.jpg 1024w, https:\/\/justynalorenc.com\/wp-content\/uploads\/2023\/11\/DSC09879-2-300x200.jpg 300w, https:\/\/justynalorenc.com\/wp-content\/uploads\/2023\/11\/DSC09879-2-768x512.jpg 768w, https:\/\/justynalorenc.com\/wp-content\/uploads\/2023\/11\/DSC09879-2-1536x1024.jpg 1536w, https:\/\/justynalorenc.com\/wp-content\/uploads\/2023\/11\/DSC09879-2-2048x1365.jpg 2048w\" sizes=\"(max-width: 1024px) 100vw, 1024px\" \/><\/figure>\n\n\n\n<h2 class=\"wp-block-heading\"><strong>WE\u0179 UDZIA\u0141 W GRZE MIEJSKIEJ<\/strong><\/h2>\n\n\n\n<p>Je\u015bli mnie znacie to wiecie, ze kocham ciekawostki i przedziwne historie. Uwa\u017cam, \u017ce nie ma bardziej ekscytuj\u0105cego sposobu na poznanie sekret\u00f3w miasta, r\u00f3\u017cnych dziwnych historii i ciekawostek, ni\u017c gry miejskie.<\/p>\n\n\n\n<p>Takie odkrywanie zakamark\u00f3w miasta, jego tradycji, historii, legend miejskich i upiornych historii, mo\u017ce by\u0107 \u015bwietn\u0105 alternatyw\u0105 dla tradycyjnego zwiedzania miasta z przewodnikiem i odwiedzania muze\u00f3w i galerii.&nbsp;<\/p>\n\n\n\n<p>Gry miejskie to \u015bwietny spos\u00f3b na aktywne poznawanie miasta i jego historii, ale te\u017c na dobr\u0105 zabaw\u0119 &#8211; pisz\u0119 o tym jako o pomy\u015ble og\u00f3lnie, bez polecania konkretnej gry, poniewa\u017c jeszcze w \u017cadnej krakowskiej grze miejskiej nie bra\u0142am udzia\u0142u, ale jest to bardzo wysoko na mojej li\u015bcie rzeczy do zrobienia tego lata. Wtedy wpis b\u0119dzie zaktualizowany, najpewniej z poleceniem konkretnego miejsca!<\/p>\n\n\n\n<p><\/p>\n\n\n\n<figure class=\"wp-block-image size-large\"><img loading=\"lazy\" decoding=\"async\" width=\"1024\" height=\"669\" src=\"https:\/\/justynalorenc.com\/wp-content\/uploads\/2023\/05\/DSC09390-1024x669.jpg\" alt=\"planty krak\u00f3w\" class=\"wp-image-9898\" srcset=\"https:\/\/justynalorenc.com\/wp-content\/uploads\/2023\/05\/DSC09390-1024x669.jpg 1024w, https:\/\/justynalorenc.com\/wp-content\/uploads\/2023\/05\/DSC09390-300x196.jpg 300w, https:\/\/justynalorenc.com\/wp-content\/uploads\/2023\/05\/DSC09390-768x502.jpg 768w, https:\/\/justynalorenc.com\/wp-content\/uploads\/2023\/05\/DSC09390-1080x706.jpg 1080w, https:\/\/justynalorenc.com\/wp-content\/uploads\/2023\/05\/DSC09390.jpg 1200w\" sizes=\"(max-width: 1024px) 100vw, 1024px\" \/><\/figure>\n\n\n\n<h2 class=\"wp-block-heading\"><strong>ODKRYJ SMAKI LOKALNEJ (I MNIEJ) KUCHNI <\/strong><\/h2>\n\n\n\n<p><strong>Fiorentina<\/strong> to restauracja polska z prze\u015blicznym ogr\u00f3dkiem niczym z filmu. Troch\u0119 ni\u017csze ceny, ale r\u00f3wnie bajkowy ogr\u00f3d znajdziecie we w\u0142oskiej <strong>La Campana<\/strong>. Pobliska <strong>Dynia<\/strong> przy Krupniczej tak\u017ce kusi niesamowitym filmowym ogrodem. <strong>Zielone Tarasy<\/strong> na najwy\u017cszym pi\u0119trze biurowca Herbewo przy Nowym Kleparzu kusz\u0105 prawdziw\u0105 d\u017cungl\u0105, a spomi\u0119dzy ro\u015blin i kwiat\u00f3w kt\u00f3re daj\u0105 przyjemny ch\u0142\u00f3d pod parasolem w s\u0142oneczny dzie\u0144, rozpo\u015bciera si\u0119 widok na miasto. <strong>Szklanki<\/strong> na Kazimierzu maj\u0105 \u015bwietny taras, idealny na kaw\u0119 albo karafk\u0119 wina z przyjaci\u00f3\u0142mi w letni wiecz\u00f3r. Z kolei <strong>Dzikie Wino<\/strong> to miejsce schowane przed t\u0142umem, ukryte na dziedzi\u0144cu w samym rynku, bardzo klimatyczne i przytulne. Na wodzie powsta\u0142y tego lata dwa nowe miejsca: <strong>Slay Space<\/strong>, gdzie zjecie pizz\u0119 i bu\u0142eczki bao i wypijecie kolorowe drinki, a tu\u017c obok dzia\u0142aj\u0105 <strong>Pok\u0142ady<\/strong>, te\u017c na barce. Ponadto w sierpniu na Ma\u0142ym Rynku odbywa si\u0119 m\u00f3j ulubiony festiwal: <strong>Festiwal Pieroga<\/strong>, kt\u00f3rego jestem samozwa\u0144cz\u0105 ambasadork\u0105. Poza tym spr\u00f3bujcie <strong>ma\u0142drzyk\u00f3w<\/strong>, tradycyjnych ma\u0142opolskich plack\u00f3w twarogowych &#8211; w kawiarni <strong>LAS<\/strong> przy Go\u0142\u0119biej albo w restauracji <strong>Srebrna G\u00f3ra<\/strong>, na rowerowej trasie do Ty\u0144ca. Mniej lokalnie polecam te\u017c <strong>VAMOS<\/strong> &#8211; klimatyczne miejsce z kilkoma stolikami i przepysznym jedzeniem.<\/p>\n\n\n\n\n\n<h2 class=\"wp-block-heading\"><strong>OBEJRZYJ FILM W PLENERZE<\/strong><\/h2>\n\n\n\n<p>D\u0142ugie i ciep\u0142e wakacyjne wieczory to idealny moment na zanurzenie si\u0119 w filmowych historiach. W Krakowie ka\u017cdego lata kina, festiwale i centra kultury organizuj\u0105 letnie seanse na \u015bwie\u017cym powietrzu. W tym roku filmy pod chmurk\u0105 zobaczymy mi\u0119dzy innymi tutaj:<\/p>\n\n\n\n<p><strong>Kino Agrafka<\/strong> &#8211; codziennie na tarasie kina b\u0119d\u0105 wy\u015bwietlane filmy. Seanse pod go\u0142ym niebem zaczynaj\u0105 si\u0119 od 21 czerwca i potrwaj\u0105 a\u017c do 31 sierpnia. Bilet kosztuje 20 z\u0142, a ka\u017cdy tydzie\u0144 ma inny motyw przewodni film\u00f3w. Dok\u0142adny repertuar znajdziecie <a href=\"http:\/\/kinonatarasie.pl\/\" target=\"_blank\" rel=\"noreferrer noopener\">tutaj<\/a>.<\/p>\n\n\n\n<p><strong>Fort Sidzina <\/strong>&#8211; w ka\u017cd\u0105 3. sobot\u0119 miesi\u0105ca oryginalne kino plenerowe w Forcie Sidzina zaprasza na ogl\u0105danie film\u00f3w siedz\u0105c na wale obronnym. Najbli\u017csze seanse: 20.07, 17.08 i 21.09. Bilety 25 z\u0142. Repertuar p\u00f3ki co pozostaje tajemnic\u0105, a fundacja dzia\u0142aj\u0105ca w forcie b\u0119dzie publikowa\u0107 szczeg\u00f3\u0142y film\u00f3w i <a href=\"https:\/\/www.facebook.com\/events\/1375819583079250\/1375819593079249?acontext=%7B%22event_action_history%22%3A[%7B%22surface%22%3A%22external%22%7D%2C%7B%22mechanism%22%3A%22surface%22%2C%22surface%22%3A%22permalink%22%7D]%2C%22ref_notif_type%22%3Anull%7D\" target=\"_blank\" rel=\"noreferrer noopener\">formularz zapisu tutaj<\/a>. Dla fan\u00f3w starych fortyfikacji i dobrego kina.<\/p>\n\n\n\n<p><strong>Kino Plenerowe w Ogrodzie Muzeum Manggha<\/strong> &#8211; w ramach festiwalu filmowego <a href=\"https:\/\/www.kinopodbaranami.pl\/wydarzenie.php?evnt_id=5995\" target=\"_blank\" rel=\"noreferrer noopener\">Letnie Tanie Kinobranie<\/a> organizowanego przez Kino pod Baranami przez ca\u0142e wakacje, bo a\u017c do 30 sierpnia, 2 razy w tygodniu w ogrodzie Muzeum Manggha b\u0119dzie mo\u017cna zobaczy\u0107 takie pere\u0142ki jak <em>Hiroshima mon amour<\/em> czy <em>Kawa i papierosy<\/em>, a ostatni seans  30.08 to niespodzianka!<\/p>\n\n\n\n<p><strong>Kino Plenerowe w MOCAK-u<\/strong> &#8211; repertuar\u00a0kina letniego\u00a0w\u00a0krakowskim muzeum sztuki wsp\u00f3\u0142czesnej orbituje wok\u00f3\u0142 tematu wystawy <em>Jedzenie w sztuce<\/em>. Zobaczymy mi\u0119dzy innymi takie klasyki jak <em>Uczta Babette<\/em>,<em> Dyskretny urok bur\u017cuazji<\/em>,<em> Moja kolacja z Andr\u00e9 <\/em>czy<em> Wielkie \u017carcie<\/em>. Pokazy odbywaj\u0105 si\u0119 w pi\u0105tki od 5 lipca do 30 sierpnia w podcieniach Muzeum. <a href=\"https:\/\/www.mocak.pl\/kino-letnie-w-mocak-u_2024\" target=\"_blank\" rel=\"noreferrer noopener\">Wi\u0119cej informacji znajdziecie na stronie muzeum.<\/a> Koszt biletu to 10 z\u0142.<\/p>\n\n\n\n<p><\/p>\n\n\n\n<p><\/p>\n\n\n\n\n\n<h2 class=\"wp-block-heading\">Lato w mie\u015bcie <\/h2>\n\n\n\n<p>Lato w Krakowie nie musi oznacza\u0107 zwiedzania miasta utartymi szlakami i pod\u0105\u017cania za banalnymi przewodnikami. Mam nadziej\u0119, \u017ce ten wpis zainspiruje was do szukania w\u0142asnych \u015bcie\u017cek w zwiedzaniu Krakowa i do spojrzenia na miasto z nowej perspektywy.<\/p>\n\n\n\n<p>Mi\u0142ych wakacji! \u2661<\/p>\n\n\n<div class=\"wp-block-image\">\n<figure class=\"aligncenter size-large is-resized\"><img loading=\"lazy\" decoding=\"async\" width=\"768\" height=\"1024\" src=\"https:\/\/justynalorenc.com\/wp-content\/uploads\/2024\/06\/IMG_3501-768x1024.jpg\" alt=\"co robi\u0107 w krakowie latem\" class=\"wp-image-12332\" style=\"aspect-ratio:0.75;width:461px;height:auto\" srcset=\"https:\/\/justynalorenc.com\/wp-content\/uploads\/2024\/06\/IMG_3501-768x1024.jpg 768w, https:\/\/justynalorenc.com\/wp-content\/uploads\/2024\/06\/IMG_3501-225x300.jpg 225w, https:\/\/justynalorenc.com\/wp-content\/uploads\/2024\/06\/IMG_3501-1152x1536.jpg 1152w, https:\/\/justynalorenc.com\/wp-content\/uploads\/2024\/06\/IMG_3501-1536x2048.jpg 1536w, https:\/\/justynalorenc.com\/wp-content\/uploads\/2024\/06\/IMG_3501-9x12.jpg 9w, https:\/\/justynalorenc.com\/wp-content\/uploads\/2024\/06\/IMG_3501-scaled.jpg 1920w\" sizes=\"(max-width: 768px) 100vw, 768px\" \/><\/figure><\/div>\n\n\n<p><strong>Je\u015bli korzystasz z jakiego\u015b pomys\u0142u, oznacz mnie na Instagramie &#8211; b\u0119dzie mi szalenie mi\u0142o!<\/strong><\/p>","protected":false},"excerpt":{"rendered":"<p>Lato w Krakowie Dla tych z was, kt\u00f3rzy wybieraj\u0105 si\u0119 do stolicy Ma\u0142opolski tego lata, przygotowa\u0142am list\u0119 rzeczy, kt\u00f3re warto zrobi\u0107 latem w Krakowie. To pierwszy z dw\u00f3ch wpis\u00f3w o tym, co najciekawszego mo\u017cna robi\u0107 w Krakowie podczas ciep\u0142ych wakacyjnych dni. Znajdziecie tu pomys\u0142y na aktywno\u015bci w wolnym czasie, atrakcje, muzea, co\u015b dla tych, kt\u00f3rzy [&hellip;]<\/p>","protected":false},"author":1,"featured_media":9242,"comment_status":"open","ping_status":"open","sticky":false,"template":"elementor_header_footer","format":"standard","meta":{"_monsterinsights_skip_tracking":false,"_monsterinsights_sitenote_active":false,"_monsterinsights_sitenote_note":"","_monsterinsights_sitenote_category":0,"footnotes":""},"categories":[43,47,1],"tags":[81,89,55,133,146,92,14,56,149],"yoast_head":"<!-- This site is optimized with the Yoast SEO plugin v22.0 - https:\/\/yoast.com\/wordpress\/plugins\/seo\/ -->\n<title>CO ROBI\u0106 W KRAKOWIE LATEM? NAJLEPSZE POMYS\u0141Y CZ. I<\/title>\n<meta name=\"description\" content=\"Co robi\u0107 latem w Krakowie? Najlepsze pomys\u0142y na aktywno\u015bci, wycieczki, miejsca, atrakcje na lato w mie\u015bcie - muzea i kawiarnie oraz natura\" \/>\n<meta name=\"robots\" content=\"index, follow, max-snippet:-1, max-image-preview:large, max-video-preview:-1\" \/>\n<link rel=\"canonical\" href=\"https:\/\/justynalorenc.com\/en\/co-robic-w-krakowie-latem-pomysly-wycieczki-miejsca-atrakcje\/\" \/>\n<meta property=\"og:locale\" content=\"en_GB\" \/>\n<meta property=\"og:type\" content=\"article\" \/>\n<meta property=\"og:title\" content=\"CO ROBI\u0106 W KRAKOWIE LATEM? NAJLEPSZE POMYS\u0141Y CZ. I\" \/>\n<meta property=\"og:description\" content=\"Co robi\u0107 latem w Krakowie? Najlepsze pomys\u0142y na aktywno\u015bci, wycieczki, miejsca, atrakcje na lato w mie\u015bcie - muzea i kawiarnie oraz natura\" \/>\n<meta property=\"og:url\" content=\"https:\/\/justynalorenc.com\/en\/co-robic-w-krakowie-latem-pomysly-wycieczki-miejsca-atrakcje\/\" \/>\n<meta property=\"og:site_name\" content=\"Justyna Lorenc\" \/>\n<meta property=\"article:publisher\" content=\"https:\/\/www.facebook.com\/justynalorenccom\/\" \/>\n<meta property=\"article:author\" content=\"https:\/\/www.facebook.com\/justynalorenccom\/\" \/>\n<meta property=\"article:published_time\" content=\"2024-06-26T22:44:00+00:00\" \/>\n<meta property=\"article:modified_time\" content=\"2024-07-12T08:52:35+00:00\" \/>\n<meta property=\"og:image\" content=\"https:\/\/justynalorenc.com\/wp-content\/uploads\/2022\/08\/DSC09463-kopia.jpg\" \/>\n\t<meta property=\"og:image:width\" content=\"1200\" \/>\n\t<meta property=\"og:image:height\" content=\"785\" \/>\n\t<meta property=\"og:image:type\" content=\"image\/jpeg\" \/>\n<meta name=\"author\" content=\"Justyna\" \/>\n<meta name=\"twitter:card\" content=\"summary_large_image\" \/>\n<meta name=\"twitter:label1\" content=\"Written by\" \/>\n\t<meta name=\"twitter:data1\" content=\"Justyna\" \/>\n\t<meta name=\"twitter:label2\" content=\"Estimated reading time\" \/>\n\t<meta name=\"twitter:data2\" content=\"15 minutes\" \/>\n<script type=\"application\/ld+json\" class=\"yoast-schema-graph\">{\"@context\":\"https:\/\/schema.org\",\"@graph\":[{\"@type\":\"Article\",\"@id\":\"https:\/\/justynalorenc.com\/co-robic-w-krakowie-latem-pomysly-wycieczki-miejsca-atrakcje\/#article\",\"isPartOf\":{\"@id\":\"https:\/\/justynalorenc.com\/co-robic-w-krakowie-latem-pomysly-wycieczki-miejsca-atrakcje\/\"},\"author\":{\"name\":\"Justyna\",\"@id\":\"https:\/\/justynalorenc.com\/#\/schema\/person\/5f1d38de0ec51979d4c19fbe946b7c99\"},\"headline\":\"Co ROBI\u0106 W KRAKOWIE LATEM? NAJLEPSZE POMYS\u0141Y NA LATO W MIE\u015aCIE CZ. I\",\"datePublished\":\"2024-06-26T22:44:00+00:00\",\"dateModified\":\"2024-07-12T08:52:35+00:00\",\"mainEntityOfPage\":{\"@id\":\"https:\/\/justynalorenc.com\/co-robic-w-krakowie-latem-pomysly-wycieczki-miejsca-atrakcje\/\"},\"wordCount\":2083,\"commentCount\":0,\"publisher\":{\"@id\":\"https:\/\/justynalorenc.com\/#\/schema\/person\/5f1d38de0ec51979d4c19fbe946b7c99\"},\"keywords\":[\"city break\",\"inspiracje\",\"krak\u00f3w\",\"miasto\",\"miejsca\",\"natura\",\"podr\u00f3\u017ce\",\"polska\",\"wycieczki\"],\"articleSection\":[\"CITY-BREAK\",\"INSPIRACJE\",\"PODR\u00d3\u017bE\"],\"inLanguage\":\"en-GB\",\"potentialAction\":[{\"@type\":\"CommentAction\",\"name\":\"Comment\",\"target\":[\"https:\/\/justynalorenc.com\/co-robic-w-krakowie-latem-pomysly-wycieczki-miejsca-atrakcje\/#respond\"]}]},{\"@type\":\"WebPage\",\"@id\":\"https:\/\/justynalorenc.com\/co-robic-w-krakowie-latem-pomysly-wycieczki-miejsca-atrakcje\/\",\"url\":\"https:\/\/justynalorenc.com\/co-robic-w-krakowie-latem-pomysly-wycieczki-miejsca-atrakcje\/\",\"name\":\"CO ROBI\u0106 W KRAKOWIE LATEM? NAJLEPSZE POMYS\u0141Y CZ. I\",\"isPartOf\":{\"@id\":\"https:\/\/justynalorenc.com\/#website\"},\"datePublished\":\"2024-06-26T22:44:00+00:00\",\"dateModified\":\"2024-07-12T08:52:35+00:00\",\"description\":\"Co robi\u0107 latem w Krakowie? Najlepsze pomys\u0142y na aktywno\u015bci, wycieczki, miejsca, atrakcje na lato w mie\u015bcie - muzea i kawiarnie oraz natura\",\"breadcrumb\":{\"@id\":\"https:\/\/justynalorenc.com\/co-robic-w-krakowie-latem-pomysly-wycieczki-miejsca-atrakcje\/#breadcrumb\"},\"inLanguage\":\"en-GB\",\"potentialAction\":[{\"@type\":\"ReadAction\",\"target\":[\"https:\/\/justynalorenc.com\/co-robic-w-krakowie-latem-pomysly-wycieczki-miejsca-atrakcje\/\"]}]},{\"@type\":\"BreadcrumbList\",\"@id\":\"https:\/\/justynalorenc.com\/co-robic-w-krakowie-latem-pomysly-wycieczki-miejsca-atrakcje\/#breadcrumb\",\"itemListElement\":[{\"@type\":\"ListItem\",\"position\":1,\"name\":\"Strona g\u0142\u00f3wna\",\"item\":\"https:\/\/justynalorenc.com\/\"},{\"@type\":\"ListItem\",\"position\":2,\"name\":\"Co ROBI\u0106 W KRAKOWIE LATEM? NAJLEPSZE POMYS\u0141Y NA LATO W MIE\u015aCIE CZ. I\"}]},{\"@type\":\"WebSite\",\"@id\":\"https:\/\/justynalorenc.com\/#website\",\"url\":\"https:\/\/justynalorenc.com\/\",\"name\":\"Justyna Lorenc\",\"description\":\"BLOG - podr\u00f3\u017ce | fotografia | porady | inspiracje | klimatyczne miejsca\",\"publisher\":{\"@id\":\"https:\/\/justynalorenc.com\/#\/schema\/person\/5f1d38de0ec51979d4c19fbe946b7c99\"},\"potentialAction\":[{\"@type\":\"SearchAction\",\"target\":{\"@type\":\"EntryPoint\",\"urlTemplate\":\"https:\/\/justynalorenc.com\/?s={search_term_string}\"},\"query-input\":\"required name=search_term_string\"}],\"inLanguage\":\"en-GB\"},{\"@type\":[\"Person\",\"Organization\"],\"@id\":\"https:\/\/justynalorenc.com\/#\/schema\/person\/5f1d38de0ec51979d4c19fbe946b7c99\",\"name\":\"Justyna\",\"image\":{\"@type\":\"ImageObject\",\"inLanguage\":\"en-GB\",\"@id\":\"https:\/\/justynalorenc.com\/#\/schema\/person\/image\/\",\"url\":\"https:\/\/secure.gravatar.com\/avatar\/841e9b2ea8d5610552749bad1d090415?s=96&d=mm&r=g\",\"contentUrl\":\"https:\/\/secure.gravatar.com\/avatar\/841e9b2ea8d5610552749bad1d090415?s=96&d=mm&r=g\",\"caption\":\"Justyna\"},\"logo\":{\"@id\":\"https:\/\/justynalorenc.com\/#\/schema\/person\/image\/\"},\"sameAs\":[\"https:\/\/www.facebook.com\/justynalorenccom\/\",\"https:\/\/www.instagram.com\/justyna_lorenc\/?hl=pl\"]}]}<\/script>\n<!-- \/ Yoast SEO plugin. -->","yoast_head_json":{"title":"CO ROBI\u0106 W KRAKOWIE LATEM? NAJLEPSZE POMYS\u0141Y CZ. I","description":"Co robi\u0107 latem w Krakowie? Najlepsze pomys\u0142y na aktywno\u015bci, wycieczki, miejsca, atrakcje na lato w mie\u015bcie - muzea i kawiarnie oraz natura","robots":{"index":"index","follow":"follow","max-snippet":"max-snippet:-1","max-image-preview":"max-image-preview:large","max-video-preview":"max-video-preview:-1"},"canonical":"https:\/\/justynalorenc.com\/en\/co-robic-w-krakowie-latem-pomysly-wycieczki-miejsca-atrakcje\/","og_locale":"en_GB","og_type":"article","og_title":"CO ROBI\u0106 W KRAKOWIE LATEM? NAJLEPSZE POMYS\u0141Y CZ. I","og_description":"Co robi\u0107 latem w Krakowie? Najlepsze pomys\u0142y na aktywno\u015bci, wycieczki, miejsca, atrakcje na lato w mie\u015bcie - muzea i kawiarnie oraz natura","og_url":"https:\/\/justynalorenc.com\/en\/co-robic-w-krakowie-latem-pomysly-wycieczki-miejsca-atrakcje\/","og_site_name":"Justyna Lorenc","article_publisher":"https:\/\/www.facebook.com\/justynalorenccom\/","article_author":"https:\/\/www.facebook.com\/justynalorenccom\/","article_published_time":"2024-06-26T22:44:00+00:00","article_modified_time":"2024-07-12T08:52:35+00:00","og_image":[{"width":1200,"height":785,"url":"https:\/\/justynalorenc.com\/wp-content\/uploads\/2022\/08\/DSC09463-kopia.jpg","type":"image\/jpeg"}],"author":"Justyna","twitter_card":"summary_large_image","twitter_misc":{"Written by":"Justyna","Estimated reading time":"15 minutes"},"schema":{"@context":"https:\/\/schema.org","@graph":[{"@type":"Article","@id":"https:\/\/justynalorenc.com\/co-robic-w-krakowie-latem-pomysly-wycieczki-miejsca-atrakcje\/#article","isPartOf":{"@id":"https:\/\/justynalorenc.com\/co-robic-w-krakowie-latem-pomysly-wycieczki-miejsca-atrakcje\/"},"author":{"name":"Justyna","@id":"https:\/\/justynalorenc.com\/#\/schema\/person\/5f1d38de0ec51979d4c19fbe946b7c99"},"headline":"Co ROBI\u0106 W KRAKOWIE LATEM? NAJLEPSZE POMYS\u0141Y NA LATO W MIE\u015aCIE CZ. I","datePublished":"2024-06-26T22:44:00+00:00","dateModified":"2024-07-12T08:52:35+00:00","mainEntityOfPage":{"@id":"https:\/\/justynalorenc.com\/co-robic-w-krakowie-latem-pomysly-wycieczki-miejsca-atrakcje\/"},"wordCount":2083,"commentCount":0,"publisher":{"@id":"https:\/\/justynalorenc.com\/#\/schema\/person\/5f1d38de0ec51979d4c19fbe946b7c99"},"keywords":["city break","inspiracje","krak\u00f3w","miasto","miejsca","natura","podr\u00f3\u017ce","polska","wycieczki"],"articleSection":["CITY-BREAK","INSPIRACJE","PODR\u00d3\u017bE"],"inLanguage":"en-GB","potentialAction":[{"@type":"CommentAction","name":"Comment","target":["https:\/\/justynalorenc.com\/co-robic-w-krakowie-latem-pomysly-wycieczki-miejsca-atrakcje\/#respond"]}]},{"@type":"WebPage","@id":"https:\/\/justynalorenc.com\/co-robic-w-krakowie-latem-pomysly-wycieczki-miejsca-atrakcje\/","url":"https:\/\/justynalorenc.com\/co-robic-w-krakowie-latem-pomysly-wycieczki-miejsca-atrakcje\/","name":"CO ROBI\u0106 W KRAKOWIE LATEM? NAJLEPSZE POMYS\u0141Y CZ. I","isPartOf":{"@id":"https:\/\/justynalorenc.com\/#website"},"datePublished":"2024-06-26T22:44:00+00:00","dateModified":"2024-07-12T08:52:35+00:00","description":"Co robi\u0107 latem w Krakowie? Najlepsze pomys\u0142y na aktywno\u015bci, wycieczki, miejsca, atrakcje na lato w mie\u015bcie - muzea i kawiarnie oraz natura","breadcrumb":{"@id":"https:\/\/justynalorenc.com\/co-robic-w-krakowie-latem-pomysly-wycieczki-miejsca-atrakcje\/#breadcrumb"},"inLanguage":"en-GB","potentialAction":[{"@type":"ReadAction","target":["https:\/\/justynalorenc.com\/co-robic-w-krakowie-latem-pomysly-wycieczki-miejsca-atrakcje\/"]}]},{"@type":"BreadcrumbList","@id":"https:\/\/justynalorenc.com\/co-robic-w-krakowie-latem-pomysly-wycieczki-miejsca-atrakcje\/#breadcrumb","itemListElement":[{"@type":"ListItem","position":1,"name":"Strona g\u0142\u00f3wna","item":"https:\/\/justynalorenc.com\/"},{"@type":"ListItem","position":2,"name":"Co ROBI\u0106 W KRAKOWIE LATEM? NAJLEPSZE POMYS\u0141Y NA LATO W MIE\u015aCIE CZ. I"}]},{"@type":"WebSite","@id":"https:\/\/justynalorenc.com\/#website","url":"https:\/\/justynalorenc.com\/","name":"Justyna Lorenc","description":"BLOG - podr\u00f3\u017ce | fotografia | porady | inspiracje | klimatyczne miejsca","publisher":{"@id":"https:\/\/justynalorenc.com\/#\/schema\/person\/5f1d38de0ec51979d4c19fbe946b7c99"},"potentialAction":[{"@type":"SearchAction","target":{"@type":"EntryPoint","urlTemplate":"https:\/\/justynalorenc.com\/?s={search_term_string}"},"query-input":"required name=search_term_string"}],"inLanguage":"en-GB"},{"@type":["Person","Organization"],"@id":"https:\/\/justynalorenc.com\/#\/schema\/person\/5f1d38de0ec51979d4c19fbe946b7c99","name":"Justyna","image":{"@type":"ImageObject","inLanguage":"en-GB","@id":"https:\/\/justynalorenc.com\/#\/schema\/person\/image\/","url":"https:\/\/secure.gravatar.com\/avatar\/841e9b2ea8d5610552749bad1d090415?s=96&d=mm&r=g","contentUrl":"https:\/\/secure.gravatar.com\/avatar\/841e9b2ea8d5610552749bad1d090415?s=96&d=mm&r=g","caption":"Justyna"},"logo":{"@id":"https:\/\/justynalorenc.com\/#\/schema\/person\/image\/"},"sameAs":["https:\/\/www.facebook.com\/justynalorenccom\/","https:\/\/www.instagram.com\/justyna_lorenc\/?hl=pl"]}]}},"_links":{"self":[{"href":"https:\/\/justynalorenc.com\/en\/wp-json\/wp\/v2\/posts\/7705"}],"collection":[{"href":"https:\/\/justynalorenc.com\/en\/wp-json\/wp\/v2\/posts"}],"about":[{"href":"https:\/\/justynalorenc.com\/en\/wp-json\/wp\/v2\/types\/post"}],"author":[{"embeddable":true,"href":"https:\/\/justynalorenc.com\/en\/wp-json\/wp\/v2\/users\/1"}],"replies":[{"embeddable":true,"href":"https:\/\/justynalorenc.com\/en\/wp-json\/wp\/v2\/comments?post=7705"}],"version-history":[{"count":41,"href":"https:\/\/justynalorenc.com\/en\/wp-json\/wp\/v2\/posts\/7705\/revisions"}],"predecessor-version":[{"id":12410,"href":"https:\/\/justynalorenc.com\/en\/wp-json\/wp\/v2\/posts\/7705\/revisions\/12410"}],"wp:featuredmedia":[{"embeddable":true,"href":"https:\/\/justynalorenc.com\/en\/wp-json\/wp\/v2\/media\/9242"}],"wp:attachment":[{"href":"https:\/\/justynalorenc.com\/en\/wp-json\/wp\/v2\/media?parent=7705"}],"wp:term":[{"taxonomy":"category","embeddable":true,"href":"https:\/\/justynalorenc.com\/en\/wp-json\/wp\/v2\/categories?post=7705"},{"taxonomy":"post_tag","embeddable":true,"href":"https:\/\/justynalorenc.com\/en\/wp-json\/wp\/v2\/tags?post=7705"}],"curies":[{"name":"wp","href":"https:\/\/api.w.org\/{rel}","templated":true}]}}