{"id":7140,"date":"2021-03-08T11:04:00","date_gmt":"2021-03-08T10:04:00","guid":{"rendered":"https:\/\/justynalorenc.com\/?p=7140"},"modified":"2023-06-22T20:19:23","modified_gmt":"2023-06-22T18:19:23","slug":"czy-jestes-feministka","status":"publish","type":"post","link":"https:\/\/justynalorenc.com\/en\/czy-jestes-feministka\/","title":{"rendered":"Are You a Feminist?"},"content":{"rendered":"<h3 class=\"wp-block-heading\">Pami\u0119tam filmik sprzed kilku lat: na korytarzach dziennikarze pytali pos\u0142anki czy jakie\u015b inne urz\u0119dniczki, czy s\u0105 feministkami. Oburzone polityczki (sic!) jedna po drugiej gor\u0105co zaprzecza\u0142y albo pl\u0105ta\u0142y si\u0119, by tylko nie udzieli\u0107 twierdz\u0105cej odpowiedzi.<\/h3>\n\n\n\n<p class=\"has-normal-font-size\">Co zmieni\u0142o si\u0119 przez ostatnie 100 lat, \u017ce niekt\u00f3re <strong>kobiety boj\u0105 si\u0119 s\u0142owa <em>feminizm<\/em>, mimo \u017ce codziennie korzystaj\u0105 z jego dobrodziejstw? <\/strong>Przecie\u017c <strong>sam ten manifest \u201enie jestem feministk\u0105\u201d jest z za\u0142o\u017cenia bardzo feministyczny! <\/strong>To, \u017ce kobiety mog\u0105 wyg\u0142asza\u0107 takie opinie w mediach, \u017ce kto\u015b w og\u00f3le pyta je o zdanie \u2013 to wszystko zas\u0142uga feministek. Czy mo\u017ce to skr\u00f3t my\u015blowy od: \u201efajnie, \u017ce mamy prawa, b\u0119dziemy z nich korzysta\u0107, ale nie r\u00f3bcie zamieszania, nie ma o co, przecie\u017c mo\u017cemy g\u0142osowa\u0107 i pracowa\u0107, po co te <strong>fanaberie<\/strong>?!\u201d<\/p>\n\n\n\n<p class=\"has-normal-font-size\">Wkurzaj\u0105 mnie te kobiety, kt\u00f3re dumnie deklaruj\u0105 <strong>\u201enie jestem feministk\u0105\u201d <\/strong>a jednocze\u015bnie studiuj\u0105, pracuj\u0105, g\u0142osuj\u0105, korzystaj\u0105 ze swoich praw reprodukcyjnych, maj\u0105 w\u0142asne konta i generalnie podejmuj\u0105 w\u0142asne decyzje. Jestem rozdarta gdzie\u015b pomi\u0119dzy \u201eszanujmy wzajemnie siebie i swoje pogl\u0105dy\u201d a reagowaniem na pogl\u0105dy debilne, szkodliwe spo\u0142ecznie i powtarzaj\u0105ce idiotyczne i szkodliwe schematy.<\/p>\n\n\n\n<p class=\"has-normal-font-size\">Podobne bzdury zawsze mnie troch\u0119 irytuj\u0105, ale wiecie co mnie wkurwia jeszcze bardziej? To, \u017ce te kobiety faktycznie tak my\u015bla\u0142y. <strong>Dlaczego czuj\u0105 si\u0119 w obowi\u0105zku zaznacza\u0107, \u017ce nie s\u0105 feministkami?<\/strong> Nie tylko nie identyfikowa\u0142y si\u0119 jako feministki, ale g\u0142o\u015bno protestowa\u0142y (tak jak bohaterki <a href=\"https:\/\/www.facebook.com\/watch\/?v=10155807250439892\" target=\"_blank\" rel=\"noreferrer noopener\">tej dziwnej akcji<\/a>), \u017ce feministkami nie by\u0142y, nie s\u0105 i nie b\u0119d\u0105, amen. Wkurza mnie te\u017c to, \u017ce <strong>gdzie\u015b na zawi\u0142ej i szalonej \u015bcie\u017cce polskiej edukacji usypanej troch\u0119 z medi\u00f3w narodowych, a troch\u0119 z przestarza\u0142ych kanon\u00f3w lektur, kto\u015b ca\u0142kiem na serio wbi\u0142 im do g\u0142owy kojarzenie feminizmu z radykalnymi postawami, kt\u00f3re k\u0142\u00f3c\u0105 si\u0119 z kobieco\u015bci\u0105.<\/strong> Jasne, prawa, kt\u00f3re dzisiaj mamy s\u0105 oczywiste, ale 100 lat temu nie by\u0142y i by\u0142o to zajebi\u015bcie trudne do ogarni\u0119cia, \u017ceby dzisiaj takie by\u0142y.&nbsp;<\/p>\n\n\n\n<p class=\"has-normal-font-size\">W\u0142asne konto, w\u0142asny pok\u00f3j, sp\u00f3dniczka mini, r\u00f3wne p\u0142ace \u2013 to wszystko macie, drogie nie-feministki, w\u0142a\u015bnie dzi\u0119ki feministkom. Nie zrozumcie mnie \u017ale \u2013 ja wiem, \u017ce <strong>to nie jest wina tych kobiet, tylko mizoginistycznego systemu, g\u0142upich polityk\u00f3w, z\u0142ej edukacji i tej dziwnej narracji, \u017ce feminizm dzisiaj to wywa\u017canie otwartych drzwi.<\/strong><\/p>\n\n\n\n<p class=\"has-normal-font-size\"><strong>Wpis powsta\u0142 z wdzi\u0119czno\u015bci dla tych kobiet, kt\u00f3re po\u015bwi\u0119ci\u0142y swoj\u0105 wolno\u015b\u0107 dla wolno\u015bci swoich wnuczek. Kt\u00f3re dostrzega\u0142y niesprawiedliwo\u015bci, nie m\u00f3wi\u0142y innym kobietom, jak maj\u0105 \u017cy\u0107, ale chcia\u0142y da\u0107 im mo\u017cliwo\u015b\u0107 wyboru, z trosk\u0105 zamiast protekcjonalizmu.&nbsp;<\/strong><\/p>\n\n\n\n<h3 class=\"wp-block-heading\"><strong>Czym jest dla mnie feminizm?<\/strong><\/h3>\n\n\n\n<p class=\"has-normal-font-size\">Feminizm to <strong>siostrze\u0144stwo<\/strong> i <strong>nieocenienie wygl\u0105du i wybor\u00f3w innych kobiet<\/strong> \u2013 ile razy jako nastolatki komentowa\u0142y\u015bmy wygl\u0105d innych dziewczyn? \u201eAle schud\u0142a\u201d, \u201eale przyty\u0142a\u201d, \u201efatalna ta grzywka\u201d? Pora si\u0119 tego oduczy\u0107. Wygl\u0105d danej osoby jest wy\u0142\u0105cznie jej spraw\u0105. Simple as that.<\/p>\n\n\n\n<p class=\"has-normal-font-size\">Feminizm to <strong>\u015bwiadomo\u015b\u0107 i samodzielne wybory<\/strong> &#8211; chcesz goli\u0107 nogi? G\u00f3l. Nie chcesz? Nie g\u00f3l. Chcesz napompowa\u0107 botoksem twarz? Zr\u00f3b to! Chcesz chodzi\u0107 w starych dresach? Czemu nie? I przede wszystkim: kogo to obchodzi? Do samodzielnych wybor\u00f3w trzeba mie\u0107 te\u017c minimaln\u0105 \u015bwiadomo\u015b\u0107 kulturowych mechanizm\u00f3w dotycz\u0105cych tradycyjnych r\u00f3l spo\u0142ecznych, naszego wygl\u0105du i tego, jak nasze pragnienia s\u0105 kreowane przez media i firmy kosmetyczne. O tak\u0105 \u015bwiadomo\u015b\u0107 walcz\u0105 dzisiaj aktywistki, podczas gdy TVP wydaje r\u00f3\u017cowy spot z identycznymi r\u00f3\u017cowymi kobietami w r\u00f3\u017cowej kuchni, poza kt\u00f3r\u0105 \u015bwiat nie istnieje.<\/p>\n\n\n\n<p class=\"has-normal-font-size\">Feminizm to <strong>wsparcie<\/strong> &#8211; reagowanie gdy innym kobietom dzieje si\u0119 krzywda i podnoszenie na duchu, gdy jest \u017ale. <strong>I nie, to nie znaczy, \u017ce kto\u015b wie lepiej, co jest dla ciebie dobre \u2013 kiedy inne kobiety chc\u0105 urz\u0105dza\u0107 ci \u017cycie w my\u015bl patriarchalnych mizoginistycznych mokrych sn\u00f3w Kai Godek, to nie jest feminizm<\/strong>, to jest co\u015b, czego nie b\u0119d\u0119 tu nazywa\u0107, bo do\u015b\u0107 ju\u017c przekle\u0144stw na jeden wpis.<\/p>\n\n\n\n<p style=\"font-size:17px\"><strong>Jest jednak co\u015b pocieszaj\u0105cego w tym, \u017ce panie deklaruj\u0105ce \u201enie jestem feministk\u0105\u201d robi\u0105 co\u015b z gruntu feministycznego!<\/strong><\/p>\n\n\n\n<hr class=\"wp-block-separator\"\/>\n\n\n\n<h3 class=\"wp-block-heading\"><strong>KILKA DOBRYCH LINK\u00d3W:<\/strong><\/h3>\n\n\n\n<p class=\"has-normal-font-size\">O polskim feminizmie w <em><a href=\"http:\/\/www.miesiecznik.znak.com.pl\/6762011marzena-zdanowskacelem-feminizmu-nie-jest-feminizm\/\" target=\"_blank\" rel=\"noreferrer noopener\">Znaku<\/a><\/em><\/p>\n\n\n\n<p class=\"has-normal-font-size\">O tym, <a href=\"https:\/\/rcin.org.pl\/Content\/48073\/WA248_65351_P-I-2524_gawin-przeciw.pdf\" target=\"_blank\" rel=\"noreferrer noopener\">dlaczego Gabriela Zapolska by\u0142a przeciwna emancypacji kobiet<\/a><\/p>\n\n\n\n<p class=\"has-normal-font-size\">Felietony <a href=\"https:\/\/wolnelektury.pl\/katalog\/lektura\/pieklo-kobiet.html\" target=\"_blank\" rel=\"noreferrer noopener\">Piek\u0142o kobiet<\/a> Tadeusza Boya-\u017bele\u0144skiego z 1929 roku<\/p>\n\n\n\n<p class=\"has-normal-font-size\">O <a href=\"https:\/\/wyborcza.pl\/ksiazki\/7,154165,26387116,kolejka-do-damskiej.html\" target=\"_blank\" rel=\"noreferrer noopener\">systemie<\/a>, kt\u00f3ry nie zauwa\u017ca kobiet<\/p>\n\n\n\n<p class=\"has-normal-font-size\"><a href=\"https:\/\/justynalorenc.com\/en\/5-feministycznych-ksiazek-ktore-powinna-przeczytac-kazda-dziewczyna\/\" target=\"_blank\" rel=\"noreferrer noopener\">5 feministycznych ksi\u0105\u017cek, kt\u00f3re powinna przeczyta\u0107 ka\u017cda dziewczyna<\/a><\/p>\n\n\n\n<p class=\"has-normal-font-size\"><a href=\"https:\/\/culture.pl\/pl\/artykul\/czy-tylko-ladne-dziewczyny-moga-sie-emancypowac-selfie-feminizm-po-polsku\" target=\"_blank\" rel=\"noreferrer noopener\">Czy tylko \u0142adne dziewczyny mog\u0105 si\u0119 emapcypowa\u0107?<\/a><\/p>","protected":false},"excerpt":{"rendered":"<p>Pami\u0119tam filmik sprzed kilku lat: na korytarzach dziennikarze pytali pos\u0142anki czy jakie\u015b inne urz\u0119dniczki, czy s\u0105 feministkami. Oburzone polityczki (sic!) jedna po drugiej gor\u0105co zaprzecza\u0142y albo pl\u0105ta\u0142y si\u0119, by tylko nie udzieli\u0107 twierdz\u0105cej odpowiedzi. Co zmieni\u0142o si\u0119 przez ostatnie 100 lat, \u017ce niekt\u00f3re kobiety boj\u0105 si\u0119 s\u0142owa feminizm, mimo \u017ce codziennie korzystaj\u0105 z jego dobrodziejstw? [&hellip;]<\/p>","protected":false},"author":1,"featured_media":7142,"comment_status":"open","ping_status":"open","sticky":false,"template":"","format":"standard","meta":{"_monsterinsights_skip_tracking":false,"_monsterinsights_sitenote_active":false,"_monsterinsights_sitenote_note":"","_monsterinsights_sitenote_category":0,"footnotes":""},"categories":[44],"tags":[91,111,85,52,112],"yoast_head":"<!-- This site is optimized with the Yoast SEO plugin v22.0 - https:\/\/yoast.com\/wordpress\/plugins\/seo\/ -->\n<title>Czy jeste\u015b feministk\u0105? &#8211; Justyna Lorenc<\/title>\n<meta name=\"description\" content=\"O tym, czym jest dla mnie feminizm i dlaczego panie deklaruj\u0105ce \u201enie jestem feministk\u0105\u201d robi\u0105 co\u015b z gruntu feministycznego!\" \/>\n<meta name=\"robots\" content=\"index, follow, max-snippet:-1, max-image-preview:large, max-video-preview:-1\" \/>\n<link rel=\"canonical\" href=\"https:\/\/justynalorenc.com\/en\/czy-jestes-feministka\/\" \/>\n<meta property=\"og:locale\" content=\"en_GB\" \/>\n<meta property=\"og:type\" content=\"article\" \/>\n<meta property=\"og:title\" content=\"Czy jeste\u015b feministk\u0105? &#8211; Justyna Lorenc\" \/>\n<meta property=\"og:description\" content=\"O tym, czym jest dla mnie feminizm i dlaczego panie deklaruj\u0105ce \u201enie jestem feministk\u0105\u201d robi\u0105 co\u015b z gruntu feministycznego!\" \/>\n<meta property=\"og:url\" content=\"https:\/\/justynalorenc.com\/en\/czy-jestes-feministka\/\" \/>\n<meta property=\"og:site_name\" content=\"Justyna Lorenc\" \/>\n<meta property=\"article:publisher\" content=\"https:\/\/www.facebook.com\/justynalorenccom\/\" \/>\n<meta property=\"article:author\" content=\"https:\/\/www.facebook.com\/justynalorenccom\/\" \/>\n<meta property=\"article:published_time\" content=\"2021-03-08T10:04:00+00:00\" \/>\n<meta property=\"article:modified_time\" content=\"2023-06-22T18:19:23+00:00\" \/>\n<meta property=\"og:image\" content=\"https:\/\/justynalorenc.com\/wp-content\/uploads\/2021\/03\/post-czy-jestes-feministka.jpg\" \/>\n\t<meta property=\"og:image:width\" content=\"1200\" \/>\n\t<meta property=\"og:image:height\" content=\"800\" \/>\n\t<meta property=\"og:image:type\" content=\"image\/jpeg\" \/>\n<meta name=\"author\" content=\"Justyna\" \/>\n<meta name=\"twitter:card\" content=\"summary_large_image\" \/>\n<meta name=\"twitter:label1\" content=\"Written by\" \/>\n\t<meta name=\"twitter:data1\" content=\"Justyna\" \/>\n\t<meta name=\"twitter:label2\" content=\"Estimated reading time\" \/>\n\t<meta name=\"twitter:data2\" content=\"3 minutes\" \/>\n<script type=\"application\/ld+json\" class=\"yoast-schema-graph\">{\"@context\":\"https:\/\/schema.org\",\"@graph\":[{\"@type\":\"Article\",\"@id\":\"https:\/\/justynalorenc.com\/czy-jestes-feministka\/#article\",\"isPartOf\":{\"@id\":\"https:\/\/justynalorenc.com\/czy-jestes-feministka\/\"},\"author\":{\"name\":\"Justyna\",\"@id\":\"https:\/\/justynalorenc.com\/#\/schema\/person\/5f1d38de0ec51979d4c19fbe946b7c99\"},\"headline\":\"Czy jeste\u015b feministk\u0105?\",\"datePublished\":\"2021-03-08T10:04:00+00:00\",\"dateModified\":\"2023-06-22T18:19:23+00:00\",\"mainEntityOfPage\":{\"@id\":\"https:\/\/justynalorenc.com\/czy-jestes-feministka\/\"},\"wordCount\":759,\"commentCount\":3,\"publisher\":{\"@id\":\"https:\/\/justynalorenc.com\/#\/schema\/person\/5f1d38de0ec51979d4c19fbe946b7c99\"},\"keywords\":[\"feminizm\",\"kobiece\",\"lifestyle\",\"my\u015bli\",\"prawa kobiet\"],\"articleSection\":[\"LIFESTYLE\"],\"inLanguage\":\"en-GB\",\"potentialAction\":[{\"@type\":\"CommentAction\",\"name\":\"Comment\",\"target\":[\"https:\/\/justynalorenc.com\/czy-jestes-feministka\/#respond\"]}]},{\"@type\":\"WebPage\",\"@id\":\"https:\/\/justynalorenc.com\/czy-jestes-feministka\/\",\"url\":\"https:\/\/justynalorenc.com\/czy-jestes-feministka\/\",\"name\":\"Czy jeste\u015b feministk\u0105? &#8211; Justyna Lorenc\",\"isPartOf\":{\"@id\":\"https:\/\/justynalorenc.com\/#website\"},\"datePublished\":\"2021-03-08T10:04:00+00:00\",\"dateModified\":\"2023-06-22T18:19:23+00:00\",\"description\":\"O tym, czym jest dla mnie feminizm i dlaczego panie deklaruj\u0105ce \u201enie jestem feministk\u0105\u201d robi\u0105 co\u015b z gruntu feministycznego!\",\"breadcrumb\":{\"@id\":\"https:\/\/justynalorenc.com\/czy-jestes-feministka\/#breadcrumb\"},\"inLanguage\":\"en-GB\",\"potentialAction\":[{\"@type\":\"ReadAction\",\"target\":[\"https:\/\/justynalorenc.com\/czy-jestes-feministka\/\"]}]},{\"@type\":\"BreadcrumbList\",\"@id\":\"https:\/\/justynalorenc.com\/czy-jestes-feministka\/#breadcrumb\",\"itemListElement\":[{\"@type\":\"ListItem\",\"position\":1,\"name\":\"Strona g\u0142\u00f3wna\",\"item\":\"https:\/\/justynalorenc.com\/\"},{\"@type\":\"ListItem\",\"position\":2,\"name\":\"Czy jeste\u015b feministk\u0105?\"}]},{\"@type\":\"WebSite\",\"@id\":\"https:\/\/justynalorenc.com\/#website\",\"url\":\"https:\/\/justynalorenc.com\/\",\"name\":\"Justyna Lorenc\",\"description\":\"BLOG - podr\u00f3\u017ce | fotografia | porady | inspiracje | klimatyczne miejsca\",\"publisher\":{\"@id\":\"https:\/\/justynalorenc.com\/#\/schema\/person\/5f1d38de0ec51979d4c19fbe946b7c99\"},\"potentialAction\":[{\"@type\":\"SearchAction\",\"target\":{\"@type\":\"EntryPoint\",\"urlTemplate\":\"https:\/\/justynalorenc.com\/?s={search_term_string}\"},\"query-input\":\"required name=search_term_string\"}],\"inLanguage\":\"en-GB\"},{\"@type\":[\"Person\",\"Organization\"],\"@id\":\"https:\/\/justynalorenc.com\/#\/schema\/person\/5f1d38de0ec51979d4c19fbe946b7c99\",\"name\":\"Justyna\",\"image\":{\"@type\":\"ImageObject\",\"inLanguage\":\"en-GB\",\"@id\":\"https:\/\/justynalorenc.com\/#\/schema\/person\/image\/\",\"url\":\"https:\/\/secure.gravatar.com\/avatar\/841e9b2ea8d5610552749bad1d090415?s=96&d=mm&r=g\",\"contentUrl\":\"https:\/\/secure.gravatar.com\/avatar\/841e9b2ea8d5610552749bad1d090415?s=96&d=mm&r=g\",\"caption\":\"Justyna\"},\"logo\":{\"@id\":\"https:\/\/justynalorenc.com\/#\/schema\/person\/image\/\"},\"sameAs\":[\"https:\/\/www.facebook.com\/justynalorenccom\/\",\"https:\/\/www.instagram.com\/justyna_lorenc\/?hl=pl\"]}]}<\/script>\n<!-- \/ Yoast SEO plugin. -->","yoast_head_json":{"title":"Czy jeste\u015b feministk\u0105? &#8211; Justyna Lorenc","description":"O tym, czym jest dla mnie feminizm i dlaczego panie deklaruj\u0105ce \u201enie jestem feministk\u0105\u201d robi\u0105 co\u015b z gruntu feministycznego!","robots":{"index":"index","follow":"follow","max-snippet":"max-snippet:-1","max-image-preview":"max-image-preview:large","max-video-preview":"max-video-preview:-1"},"canonical":"https:\/\/justynalorenc.com\/en\/czy-jestes-feministka\/","og_locale":"en_GB","og_type":"article","og_title":"Czy jeste\u015b feministk\u0105? &#8211; Justyna Lorenc","og_description":"O tym, czym jest dla mnie feminizm i dlaczego panie deklaruj\u0105ce \u201enie jestem feministk\u0105\u201d robi\u0105 co\u015b z gruntu feministycznego!","og_url":"https:\/\/justynalorenc.com\/en\/czy-jestes-feministka\/","og_site_name":"Justyna Lorenc","article_publisher":"https:\/\/www.facebook.com\/justynalorenccom\/","article_author":"https:\/\/www.facebook.com\/justynalorenccom\/","article_published_time":"2021-03-08T10:04:00+00:00","article_modified_time":"2023-06-22T18:19:23+00:00","og_image":[{"width":1200,"height":800,"url":"https:\/\/justynalorenc.com\/wp-content\/uploads\/2021\/03\/post-czy-jestes-feministka.jpg","type":"image\/jpeg"}],"author":"Justyna","twitter_card":"summary_large_image","twitter_misc":{"Written by":"Justyna","Estimated reading time":"3 minutes"},"schema":{"@context":"https:\/\/schema.org","@graph":[{"@type":"Article","@id":"https:\/\/justynalorenc.com\/czy-jestes-feministka\/#article","isPartOf":{"@id":"https:\/\/justynalorenc.com\/czy-jestes-feministka\/"},"author":{"name":"Justyna","@id":"https:\/\/justynalorenc.com\/#\/schema\/person\/5f1d38de0ec51979d4c19fbe946b7c99"},"headline":"Czy jeste\u015b feministk\u0105?","datePublished":"2021-03-08T10:04:00+00:00","dateModified":"2023-06-22T18:19:23+00:00","mainEntityOfPage":{"@id":"https:\/\/justynalorenc.com\/czy-jestes-feministka\/"},"wordCount":759,"commentCount":3,"publisher":{"@id":"https:\/\/justynalorenc.com\/#\/schema\/person\/5f1d38de0ec51979d4c19fbe946b7c99"},"keywords":["feminizm","kobiece","lifestyle","my\u015bli","prawa kobiet"],"articleSection":["LIFESTYLE"],"inLanguage":"en-GB","potentialAction":[{"@type":"CommentAction","name":"Comment","target":["https:\/\/justynalorenc.com\/czy-jestes-feministka\/#respond"]}]},{"@type":"WebPage","@id":"https:\/\/justynalorenc.com\/czy-jestes-feministka\/","url":"https:\/\/justynalorenc.com\/czy-jestes-feministka\/","name":"Czy jeste\u015b feministk\u0105? &#8211; Justyna Lorenc","isPartOf":{"@id":"https:\/\/justynalorenc.com\/#website"},"datePublished":"2021-03-08T10:04:00+00:00","dateModified":"2023-06-22T18:19:23+00:00","description":"O tym, czym jest dla mnie feminizm i dlaczego panie deklaruj\u0105ce \u201enie jestem feministk\u0105\u201d robi\u0105 co\u015b z gruntu feministycznego!","breadcrumb":{"@id":"https:\/\/justynalorenc.com\/czy-jestes-feministka\/#breadcrumb"},"inLanguage":"en-GB","potentialAction":[{"@type":"ReadAction","target":["https:\/\/justynalorenc.com\/czy-jestes-feministka\/"]}]},{"@type":"BreadcrumbList","@id":"https:\/\/justynalorenc.com\/czy-jestes-feministka\/#breadcrumb","itemListElement":[{"@type":"ListItem","position":1,"name":"Strona g\u0142\u00f3wna","item":"https:\/\/justynalorenc.com\/"},{"@type":"ListItem","position":2,"name":"Czy jeste\u015b feministk\u0105?"}]},{"@type":"WebSite","@id":"https:\/\/justynalorenc.com\/#website","url":"https:\/\/justynalorenc.com\/","name":"Justyna Lorenc","description":"BLOG - podr\u00f3\u017ce | fotografia | porady | inspiracje | klimatyczne miejsca","publisher":{"@id":"https:\/\/justynalorenc.com\/#\/schema\/person\/5f1d38de0ec51979d4c19fbe946b7c99"},"potentialAction":[{"@type":"SearchAction","target":{"@type":"EntryPoint","urlTemplate":"https:\/\/justynalorenc.com\/?s={search_term_string}"},"query-input":"required name=search_term_string"}],"inLanguage":"en-GB"},{"@type":["Person","Organization"],"@id":"https:\/\/justynalorenc.com\/#\/schema\/person\/5f1d38de0ec51979d4c19fbe946b7c99","name":"Justyna","image":{"@type":"ImageObject","inLanguage":"en-GB","@id":"https:\/\/justynalorenc.com\/#\/schema\/person\/image\/","url":"https:\/\/secure.gravatar.com\/avatar\/841e9b2ea8d5610552749bad1d090415?s=96&d=mm&r=g","contentUrl":"https:\/\/secure.gravatar.com\/avatar\/841e9b2ea8d5610552749bad1d090415?s=96&d=mm&r=g","caption":"Justyna"},"logo":{"@id":"https:\/\/justynalorenc.com\/#\/schema\/person\/image\/"},"sameAs":["https:\/\/www.facebook.com\/justynalorenccom\/","https:\/\/www.instagram.com\/justyna_lorenc\/?hl=pl"]}]}},"_links":{"self":[{"href":"https:\/\/justynalorenc.com\/en\/wp-json\/wp\/v2\/posts\/7140"}],"collection":[{"href":"https:\/\/justynalorenc.com\/en\/wp-json\/wp\/v2\/posts"}],"about":[{"href":"https:\/\/justynalorenc.com\/en\/wp-json\/wp\/v2\/types\/post"}],"author":[{"embeddable":true,"href":"https:\/\/justynalorenc.com\/en\/wp-json\/wp\/v2\/users\/1"}],"replies":[{"embeddable":true,"href":"https:\/\/justynalorenc.com\/en\/wp-json\/wp\/v2\/comments?post=7140"}],"version-history":[{"count":12,"href":"https:\/\/justynalorenc.com\/en\/wp-json\/wp\/v2\/posts\/7140\/revisions"}],"predecessor-version":[{"id":7403,"href":"https:\/\/justynalorenc.com\/en\/wp-json\/wp\/v2\/posts\/7140\/revisions\/7403"}],"wp:featuredmedia":[{"embeddable":true,"href":"https:\/\/justynalorenc.com\/en\/wp-json\/wp\/v2\/media\/7142"}],"wp:attachment":[{"href":"https:\/\/justynalorenc.com\/en\/wp-json\/wp\/v2\/media?parent=7140"}],"wp:term":[{"taxonomy":"category","embeddable":true,"href":"https:\/\/justynalorenc.com\/en\/wp-json\/wp\/v2\/categories?post=7140"},{"taxonomy":"post_tag","embeddable":true,"href":"https:\/\/justynalorenc.com\/en\/wp-json\/wp\/v2\/tags?post=7140"}],"curies":[{"name":"wp","href":"https:\/\/api.w.org\/{rel}","templated":true}]}}