{"id":7038,"date":"2023-06-07T14:52:00","date_gmt":"2023-06-07T12:52:00","guid":{"rendered":"https:\/\/justynalorenc.com\/?p=7038"},"modified":"2023-11-08T14:09:11","modified_gmt":"2023-11-08T13:09:11","slug":"4-kraje-do-ktorych-nigdy-nie-pojade","status":"publish","type":"post","link":"https:\/\/justynalorenc.com\/en\/4-kraje-do-ktorych-nigdy-nie-pojade\/","title":{"rendered":"3 countries I will (probably) never go to"},"content":{"rendered":"<h2 class=\"wp-block-heading\">Nieprzewodnik<\/h2>\n\n\n\n<p>Jest niewiele rzeczy, kt\u00f3rych si\u0119 boj\u0119 bardziej lub mniej. W Salvadorze prze\u017cy\u0142am inwazj\u0119 karaluch\u00f3w, w Pary\u017cu nad Sekwan\u0105 szczur prawie na mnie wskoczy\u0142, w Kostaryce rozmawia\u0142am z wytatuowanym ch\u0142opakiem trzymaj\u0105cym bro\u0144 w r\u0119ku, a w domku na brazylijskiej wyspie dzieli\u0142am pi\u0119trowe \u0142\u00f3\u017cko z jaszczurk\u0105 wielko\u015bci ma\u0142ego psa. By\u0142y nieprzyjemne spotkania z nastoletnim elementem przest\u0119pczym (dla moich bliskich zako\u0144czone ofert\u0105 oddania telefonu w obce r\u0119ce &#8211; trzeba doda\u0107, \u017ce argumentem by\u0142 po\u0142yskuj\u0105cy w r\u0119ce m\u0142odocianego n\u00f3\u017c). Mimo tych wszystkich sytuacji moja lista miejsc do odwiedzenia tylko si\u0119 wyd\u0142u\u017ca. S\u0105 jednak kraje, do kt\u00f3rych uwa\u017cam, \u017ce nie pojad\u0119. Dzisiaj tak uwa\u017cam. Do\u015bwiadczenie jednak nauczy\u0142o mnie, by nigdy nie zarzeka\u0107 si\u0119, \u017ce czego\u015b nie zrobi\u0119, bo przecie\u017c jako ludzie si\u0119 zmieniamy, nasze pogl\u0105dy si\u0119 zmieniaj\u0105, a my nie jeste\u015bmy tacy sami, jak byli\u015bmy 5 czy 10 lat temu. <\/p>\n\n\n\n<p>Uwa\u017cam, \u017ce s\u0105 na \u015bwiecie kraje, kt\u00f3rych zwiedzanie jest niemo\u017cliwe ze wzgl\u0119du na \u0142amanie praw czlowieka, totalitarne ustroje lub wojn\u0119 domow\u0105. Odwiedzanie takich miesc sprawia, \u017ce nie tylko akceptujemy, ale te\u017c poniek\u0105d wspieramy takie dzia\u0142ania swoim portfelem. I nie trafia do mnie przekonanie, \u017ce kto\u015b jedzie tam po to, by si\u0119 czego\u015b dowiedzie\u0107 i informowa\u0107 o sytuacji innych. Naprawd\u0119, nikt na \u015bwiecie nie s\u0142ysza\u0142 o wojnie w Jemenie, nikt nie wie o re\u017cimie i g\u0142odzie w Korei, a prawa kobiet w Arabii Saudyjskiej s\u0105 dla \u015bwiata tajemnic\u0105?<\/p>\n\n\n\n<p>Wycieczki w kontrowersyjne miejsca maja si\u0119 dobrze i wiem, \u017ce nie brakuje ch\u0119tnych do ogl\u0105ania dekoracji w Pjongjang lub slums\u00f3w w Medellin (<a href=\"https:\/\/justynalorenc.com\/en\/co-robic-w-medellin-i-dlaczego-narkoturystyka-jest-zla\/\" target=\"_blank\" rel=\"noreferrer noopener\">o tym, dlaczego narkoturystyka jest z\u0142a, pisa\u0142am tutaj<\/a>). Mimo to ciesz\u0119 si\u0119, \u017ce coraz wi\u0119cej m\u00f3wimy i my\u015blimy o \u015bwiadomych, odpowiedzialnych i etycznych podr\u00f3\u017cach.<\/p>\n\n\n\n<p>Lista jest osobista i przedstawia stan na dzi\u015b. Nie wykluczam, \u017ce mo\u017ce si\u0119 to zmieni\u0107 &#8211; \u015bwiat mo\u017ce si\u0119 zmieni\u0107, ale i ja mog\u0119 zmieni\u0107 kiedy\u015b zdanie. Zapraszam do przewodnika po krajach, do kt\u00f3rych nigdy nie pojad\u0119.<\/p>\n\n\n\n<hr class=\"wp-block-separator has-css-opacity\"\/>\n\n\n\n<h3 class=\"wp-block-heading\">1. Korea P\u00f3\u0142nocna<\/h3>\n\n\n\n<p>Ogl\u0105daj\u0105c filmy z wycieczek organizowanych do Korea\u0144skiej Republiki Ludowo-Demokratycznej zastanawiam si\u0119 zawsze, czy jest jaki\u015b kraj, kt\u00f3ry chcia\u0142abym zobaczy\u0107 tak bardzo, \u017ce by\u0142abym w stanie pok\u0142oni\u0107 si\u0119 pos\u0105gom dyktator\u00f3w (Kim Il Sung i Kim Dzong Il). <meta charset=\"utf-8\">Czy by\u0142abym tak zdeterminowana, \u017ceby udawa\u0107, \u017ce nie jestem na prywatnym planie filmowym, kt\u00f3ry urz\u0105dzi\u0142 sobie dyktator kraju? Czy mia\u0142abym tyle odwagi, \u017ceby wyje\u017cdzaj\u0105c spojrze\u0107 w oczy ludziom, kt\u00f3rzy wyjecha\u0107 nie mog\u0105? <\/p>\n\n\n\n<p>W tej sytuacji do\u015b\u0107 \u0142atwo wyobrazi\u0107 sobie, dok\u0105d trafiaj\u0105 pieni\u0105dze z tego dziwnego przemys\u0142u turystycznego. Kontrolowane wycieczki organizowane s\u0105 jednak nie tylko dla chorej rozrywki przyw\u00f3dcy kraju. Uj\u0119cia k\u0142aniajacych si\u0119 pos\u0105gom obcokrajowc\u00f3w (obowi\u0105zkowy element ka\u017cdej wycieczki) wykorzystywane s\u0105 p\u00f3\u017aniej jako narz\u0119dzie w propagandowej telewizji korea\u0144skiej: sp\u00f3jrzcie, nawet Amerykanie k\u0142aniaj\u0105 si\u0119 naszym przyw\u00f3dcom. Osobi\u015bcie nie rozumiem, jak ktokolwiek mo\u017ce bra\u0107 w tym udzia\u0142, nie tylko sponsoruj\u0105c i legitymizuj\u0105c zbrodniczy re\u017cim, ale te\u017c dos\u0142ownie k\u0142aniaj\u0105c si\u0119 jego autorom. W ca\u0142ym przedstawieniu udzia\u0142 bierze garstka wybranych, kt\u00f3rzy s\u0105 beneficjentami tego systemu i kt\u00f3rzy nie reprezentuj\u0105 25 mln Korea\u0144czyk\u00f3w.<\/p>\n\n\n\n<p>Yeonmi Park, kt\u00f3rej uda\u0142o si\u0119 uciec z tego piek\u0142a, publikuje filmy, w kt\u00f3rych opowiada, jak wygl\u0105da\u0142o jej \u017cycie w tym kraju &#8211; <a href=\"https:\/\/www.youtube.com\/watch?v=zh-yiYcnyss\" target=\"_blank\" rel=\"noreferrer noopener\">w tym filmie bardzo dosadnie m\u00f3wi o tym, co s\u0105dzi o wycieczkach turystycznych do jej kraju pochodzenia<\/a>.<\/p>\n\n\n\n<p>Przestrog\u0105 dla wszystkich powinna by\u0107 te\u017c historia m\u0142odego Amerykanina Otto Warmbiera, kt\u00f3ry w 2016 roku zosta\u0142 w Korei P\u00f3\u0142nocnej skazany na 15 lat ci\u0119\u017ckich rob\u00f3t za &#8222;przest\u0119pstwa przeciwko pa\u0144stwu&#8221; i &#8222;dzia\u0142alno\u015b\u0107 wywrotow\u0105&#8221;. W rzeczywisto\u015bci chodzi\u0142o o kradzie\u017c plakatu propagandowego. Ch\u0142opak sp\u0119dzi\u0142 w wi\u0119zieniu 17 miesi\u0119cy, a po odes\u0142aniu do domu w stanie \u015bpi\u0105czki, zmar\u0142.<\/p>\n\n\n\n<p>O wszystkim powy\u017cszym dowiedzia\u0142am si\u0119 z ksi\u0105\u017cek, podcast\u00f3w, artyku\u0142\u00f3w i Youtuba. Nie musia\u0142am jecha\u0107 do Korei P\u00f3\u0142nocnej. Nie trafia do mnie tym samym argument, \u017ce te podr\u00f3\u017ce, maj\u0105ce ekstremalnie propagandowy charakter, maj\u0105 na celu nag\u0142a\u015bnianie tego, co si\u0119 tam dzieje. Ca\u0142y \u015bwiat o tym wie i aroganckie przekonanie o w\u0142asnej misji mo\u017cna sobie odpu\u015bci\u0107. <\/p>\n\n\n\n<p>Tym, kt\u00f3rzy nie chc\u0105 wspiera\u0107 re\u017cimu, a chcieliby dowiedzie\u0107 si\u0119 czego\u015b na temat trudnego \u017cycia w Korei P\u00f3\u0142nocnej polecam ksi\u0105\u017ck\u0119 <em><a href=\"https:\/\/lubimyczytac.pl\/ksiazka\/264494\/dziewczyna-o-siedmiu-imionach\" target=\"_blank\" rel=\"noreferrer noopener\">Dziewczyna o siedmiu imionach<\/a><\/em> i mniej fabularny, ale r\u00f3wnie interesuj\u0105cy, <a href=\"https:\/\/www.amnesty.org\/en\/countries\/asia-and-the-pacific\/north-korea\/report-korea-democratic-peoples-republic-of\/\" target=\"_blank\" rel=\"noreferrer noopener\">raport Amnesty International<\/a>. <\/p>\n\n\n\n<h3 class=\"wp-block-heading\">2. Arabia Saudyjska<\/h3>\n\n\n\n<p>Nie wyobra\u017cam sobie wyjazdu do miejsca, w kt\u00f3rym (przypominam, \u017ce mamy 2023 rok) od dw\u00f3ch lat pozwala si\u0119 kobietom mieszka\u0107 bez m\u0119skiego opiekuna (singielki i wdowy, nie m\u0119\u017catki), od czterech mie\u0107 prawo jazdy, ale wci\u0105\u017c nie mog\u0105 wzi\u0105\u0107 rozwodu, zdecydowa\u0107 o w\u0142asnej edukacji i \u017cyciu bez zgody m\u0119skiego opiekuna. Kraj, w kt\u00f3rym system prawny jest oparty na nier\u00f3wno\u015bciach, a przymus zas\u0142aniania cia\u0142a jest przez to prawo egzekwowany. Boj\u0119 si\u0119 ekstremizmu i fundamentalizmu w og\u00f3le. Ba\u0142abym si\u0119 wyjecha\u0107 do miejsca, w kt\u00f3rym op\u0119tani religijnie (cho\u0107 nie wiem, na ile wynika to z religii, a na ile z kultury i historii) m\u0119\u017cczy\u017ani decyduj\u0105 za po\u0142ow\u0119 populacji, za z\u0142amanie przymusu zas\u0142aniania cia\u0142a, seks pozama\u0142\u017ce\u0144ski i nieheteronormatywno\u015b\u0107 grozi \u015bmier\u0107, nierzadko z r\u0119ki cz\u0142onka rodziny. Oczywi\u015bcie na stronach takich jak <a href=\"https:\/\/www.visitsaudi.com\/en\/do\/lifestyle\/solo-woman-traveller-in-saudi\" target=\"_blank\" rel=\"noreferrer noopener\">ta Saudyjskiego Urz\u0119du Turystyki<\/a> przeczytamy, \u017ce kobiety zarabiaj\u0105 tyle samo, maj\u0105 takie same prawa do edukacji i pracy i nie maj\u0105 na co narzeka\u0107. C\u00f3\u017c, <a href=\"https:\/\/www.amnesty.org\/en\/latest\/research\/2022\/12\/saudi-arabia-codifies-male-guardianship-and-gender-discrimination\/\" target=\"_blank\" rel=\"noreferrer noopener\">Amnesty International jest innego zdania.<\/a><\/p>\n\n\n\n<h3 class=\"wp-block-heading\">3. Zjednoczone Emiraty Arabskie<\/h3>\n\n\n\n<p>Dubaj to miejsce zbudowane na krzywdzie ludzkiej. Cen\u0105 b\u0142yszcz\u0105cych wie\u017cowc\u00f3w, na tle kt\u00f3rych wszyscy tak ch\u0119tnie si\u0119 fotografuj\u0105, jest mordercza praca migrant\u00f3w zarobkowych z Azji Po\u0142udniowej (g\u0142\u00f3wnie z Pakistanu), kt\u00f3rych do Zatoki Perskiej wygna\u0142a bieda. Praca po kilkana\u015bcie godzin dziennie w upale, konfiskowanie paszport\u00f3w, mieszkanie w brudnych barakach n\u0119dznych slums\u00f3w, choroby, udary, samob\u00f3jstwa. Masowa turystyka tylko zwi\u0119ksza popyt na tani\u0105 si\u0142\u0119 robocz\u0105, dzi\u0119ki czemu wsp\u00f3\u0142czesne niewolnictwo ma si\u0119 \u015bwietnie. Je\u015bli jeste\u015bcie zainteresowani, polecam poczyta\u0107 o tym, czym jest system Kafala <a href=\"https:\/\/oko.press\/gorszy-rodzaj-czlowieka-patrzy-na-neymara-mundial-widziany-z-obozu-pracy-reportaz-opryszka-z-kataru\" target=\"_blank\" rel=\"noreferrer noopener\">w reporta\u017cu Szymona Opryszka<\/a>. Wi\u0119cej informacji <a href=\"https:\/\/outride.rs\/pl\/magazyn\/listopad-2019\/brief-89\/internetowy-rynek-handlu-niewolnikami\/\" target=\"_blank\" rel=\"noreferrer noopener\">tutaj<\/a> lub <a href=\"https:\/\/wyborcza.pl\/7,75399,23871066,katar-zmienia-prawo-zagraniczni-pracownicy-nie-beda-juz-niewolnikami.html\" target=\"_blank\" rel=\"noreferrer noopener\">tutaj<\/a>.<\/p>\n\n\n\n<h2 class=\"wp-block-heading\">Etyczne czy nie?<\/h2>\n\n\n\n<p>Tutaj na pewno odezw\u0105 si\u0119 g\u0142osy, \u017ce przecie\u017c jad\u0105c do danego kraju, nale\u017cy si\u0119 dostosowa\u0107 do praw i zasad tam panuj\u0105cych. Ja te\u017c tak uwa\u017cam i w\u0142a\u015bnie z tego powodu si\u0119 do tych kraj\u00f3w nie wybieram. Na pewno znajdzie si\u0119 kto\u015b, kto powie, \u017ce nie wszyscy m\u0119\u017cczy\u017ani w Arabii Saudyjskiej s\u0105 kontroluj\u0105cymi mizoginami, wychowanymi w patriarchalnej, przekonanej o s\u0142u\u017calczej roli kobiety, tradycji. Z tym te\u017c si\u0119 oczywi\u015bcie zgadzam. Nie oceniam ca\u0142ej populacji kraju ani nie namawiam nikogo do wpisania jakiego\u015b pa\u0144stwa na swoj\u0105 czarn\u0105 list\u0119. Jestem pewna, \u017ce znajdzie si\u0119 wiele os\u00f3b, kt\u00f3re dobrze czuj\u0105 si\u0119 w Dubaju. Mi to \u015brodowisko zwyczajnie nie odpowiada i wydaje i si\u0119 miejscem do \u017cycia nieprzyjemnym z okre\u015blonych powod\u00f3w. Kto\u015b mo\u017ce powiedzie\u0107, \u017ce przecie\u017c podobna patriarchalna narracja wyst\u0119puje w Polsce. Tak, ale nie jest (jeszcze) tak mocno legitymizowana przez system prawny. Jestem pewna, \u017ce cz\u0119\u015b\u0107 os\u00f3b wychowana w tych krajach z tym walczy, ale spora cz\u0119\u015b\u0107 si\u0119 dostosowuje, nie zastanawia si\u0119 nad tym. Tak wygl\u0105da ich \u017cycie, ich codzienno\u015b\u0107 i nie dyskutuj\u0105 z tym. <strong>To wszystko jednak stoi w wielkiej sprzeczno\u015bci ze wszystkimi moimi przekonaniami i nie potrafi\u0119 odnale\u017a\u0107 si\u0119 w rzeczywisto\u015bci, w kt\u00f3rej kobieta i m\u0119\u017cczyzna nie maj\u0105 r\u00f3wnych praw, tury\u015bci wykorzystywani s\u0105 w prywatnym cyrku bezwzgl\u0119dnego dyktatora, a wsp\u00f3\u0142cze\u015bni niewolnicy umieraj\u0105 w n\u0119dzy, stawiaj\u0105c kolejny b\u0142yszcz\u0105cy pa\u0142ac, kt\u00f3ry sp\u0142ywa ich krwi\u0105.<\/strong><\/p>\n\n\n\n<p><meta charset=\"utf-8\"><strong>Czu\u0142abym si\u0119 \u017ale, patrz\u0105c na ogromn\u0105 bied\u0119 i codziennie \u0142amane prawa cz\u0142owieka. Ogl\u0105danie codzienno\u015bci ludzi, kt\u00f3rzy mierz\u0105 si\u0119 z opresyjnym systemem pa\u0144stwowym, cierpi\u0105 g\u0142\u00f3d i n\u0119dz\u0119, nie jest moim zdaniem najlepszym pomys\u0142em na sp\u0119dzanie wakacji.<\/strong><\/p>\n\n\n\n<p>A wy, macie takie miejsca? A mo\u017ce byli\u015bcie w kt\u00f3rym\u015b z tych kraj\u00f3w i macie odmienne do\u015bwiadczenia? Ch\u0119tnie si\u0119 dowiem!<\/p>\n\n\n\n<h2 class=\"wp-block-heading\">Do poczytania i pos\u0142uchania:<\/h2>\n\n\n\n<p><a href=\"https:\/\/dzialzagraniczny.pl\/2020\/06\/kiedy-turystyka-przekracza-etyczne-granice-dzial-zagraniczny-podcast038\/\" target=\"_blank\" rel=\"noreferrer noopener\">PODCAST Dzia\u0142 zagraniczny: odcinek <em>Kiedy turystyka przekracza etyczne granice<\/em> (rozmowa z Tomkiem Michniewiczem)<\/a><\/p>\n\n\n\n<p><a href=\"https:\/\/www.amnesty.org\/en\/latest\/research\/2022\/12\/saudi-arabia-codifies-male-guardianship-and-gender-discrimination\/\" target=\"_blank\" rel=\"noreferrer noopener\">Amnesty International o prawach kobiet w Arabii Saudyjskiej<\/a><\/p>\n\n\n\n<p><a href=\"https:\/\/www.hrw.org\/news\/2019\/01\/30\/saudi-arabia-10-reasons-why-women-flee\" target=\"_blank\" rel=\"noreferrer noopener\">Artyku\u0142 Human Rights Watch o tym, dlaczego Saudyjki maj\u0105 do\u015b\u0107 i uciekaj\u0105<\/a><\/p>\n\n\n\n<p><a href=\"https:\/\/post-turysta.pl\/artykul\/kim-jest-post-turysta\" target=\"_blank\" rel=\"noreferrer noopener\">Post-Turysta czyli teksty o szeroko poj\u0119tej \u015bwiadomej i etycznej turystyce<\/a><\/p>\n\n\n\n<p><a href=\"https:\/\/www.empik.com\/swiatu-nie-mamy-czego-zazdroscic-zwyczajne-losy-mieszkancow-korei-polnocnej-demick-barbara,p1144825870,ksiazka-p\" target=\"_blank\" rel=\"noreferrer noopener\">Losy uchod\u017ac\u00f3w z Korei P\u00f3\u0142nocnej w reporta\u017cu Barbary Demick (wyd. Czarne)<\/a><\/p>","protected":false},"excerpt":{"rendered":"<p>Nieprzewodnik Jest niewiele rzeczy, kt\u00f3rych si\u0119 boj\u0119 bardziej lub mniej. W Salvadorze prze\u017cy\u0142am inwazj\u0119 karaluch\u00f3w, w Pary\u017cu nad Sekwan\u0105 szczur prawie na mnie wskoczy\u0142, w Kostaryce rozmawia\u0142am z wytatuowanym ch\u0142opakiem trzymaj\u0105cym bro\u0144 w r\u0119ku, a w domku na brazylijskiej wyspie dzieli\u0142am pi\u0119trowe \u0142\u00f3\u017cko z jaszczurk\u0105 wielko\u015bci ma\u0142ego psa. By\u0142y nieprzyjemne spotkania z nastoletnim elementem przest\u0119pczym [&hellip;]<\/p>","protected":false},"author":1,"featured_media":9234,"comment_status":"open","ping_status":"open","sticky":false,"template":"","format":"standard","meta":{"_monsterinsights_skip_tracking":false,"_monsterinsights_sitenote_active":false,"_monsterinsights_sitenote_note":"","_monsterinsights_sitenote_category":0,"footnotes":""},"categories":[1],"tags":[52],"yoast_head":"<!-- This site is optimized with the Yoast SEO plugin v22.0 - https:\/\/yoast.com\/wordpress\/plugins\/seo\/ -->\n<title>3 kraje, do kt\u00f3rych (prawdopodobnie) nigdy nie pojad\u0119<\/title>\n<meta name=\"description\" content=\"Nieprzewodnik czyli moja osobista lista 3 kraj\u00f3w, do kt\u00f3rych nie chc\u0119 pojecha\u0107 i do kt\u00f3rych (prawdopodobnie) nigdy nie pojad\u0119.\" \/>\n<meta name=\"robots\" content=\"index, follow, max-snippet:-1, max-image-preview:large, max-video-preview:-1\" \/>\n<link rel=\"canonical\" href=\"https:\/\/justynalorenc.com\/en\/4-kraje-do-ktorych-nigdy-nie-pojade\/\" \/>\n<meta property=\"og:locale\" content=\"en_GB\" \/>\n<meta property=\"og:type\" content=\"article\" \/>\n<meta property=\"og:title\" content=\"3 kraje, do kt\u00f3rych (prawdopodobnie) nigdy nie pojad\u0119\" \/>\n<meta property=\"og:description\" content=\"Nieprzewodnik czyli moja osobista lista 3 kraj\u00f3w, do kt\u00f3rych nie chc\u0119 pojecha\u0107 i do kt\u00f3rych (prawdopodobnie) nigdy nie pojad\u0119.\" \/>\n<meta property=\"og:url\" content=\"https:\/\/justynalorenc.com\/en\/4-kraje-do-ktorych-nigdy-nie-pojade\/\" \/>\n<meta property=\"og:site_name\" content=\"Justyna Lorenc\" \/>\n<meta property=\"article:publisher\" content=\"https:\/\/www.facebook.com\/justynalorenccom\/\" \/>\n<meta property=\"article:author\" content=\"https:\/\/www.facebook.com\/justynalorenccom\/\" \/>\n<meta property=\"article:published_time\" content=\"2023-06-07T12:52:00+00:00\" \/>\n<meta property=\"article:modified_time\" content=\"2023-11-08T13:09:11+00:00\" \/>\n<meta property=\"og:image\" content=\"https:\/\/justynalorenc.com\/wp-content\/uploads\/2023\/03\/zdjecie-glowne-kat-podroze.jpg\" \/>\n\t<meta property=\"og:image:width\" content=\"1200\" \/>\n\t<meta property=\"og:image:height\" content=\"800\" \/>\n\t<meta property=\"og:image:type\" content=\"image\/jpeg\" \/>\n<meta name=\"author\" content=\"Justyna\" \/>\n<meta name=\"twitter:card\" content=\"summary_large_image\" \/>\n<meta name=\"twitter:label1\" content=\"Written by\" \/>\n\t<meta name=\"twitter:data1\" content=\"Justyna\" \/>\n\t<meta name=\"twitter:label2\" content=\"Estimated reading time\" \/>\n\t<meta name=\"twitter:data2\" content=\"8 minutes\" \/>\n<script type=\"application\/ld+json\" class=\"yoast-schema-graph\">{\"@context\":\"https:\/\/schema.org\",\"@graph\":[{\"@type\":\"Article\",\"@id\":\"https:\/\/justynalorenc.com\/4-kraje-do-ktorych-nigdy-nie-pojade\/#article\",\"isPartOf\":{\"@id\":\"https:\/\/justynalorenc.com\/4-kraje-do-ktorych-nigdy-nie-pojade\/\"},\"author\":{\"name\":\"Justyna\",\"@id\":\"https:\/\/justynalorenc.com\/#\/schema\/person\/5f1d38de0ec51979d4c19fbe946b7c99\"},\"headline\":\"3 kraje, do kt\u00f3rych (prawdopodobnie) nigdy nie pojad\u0119\",\"datePublished\":\"2023-06-07T12:52:00+00:00\",\"dateModified\":\"2023-11-08T13:09:11+00:00\",\"mainEntityOfPage\":{\"@id\":\"https:\/\/justynalorenc.com\/4-kraje-do-ktorych-nigdy-nie-pojade\/\"},\"wordCount\":1493,\"commentCount\":0,\"publisher\":{\"@id\":\"https:\/\/justynalorenc.com\/#\/schema\/person\/5f1d38de0ec51979d4c19fbe946b7c99\"},\"keywords\":[\"my\u015bli\"],\"articleSection\":[\"PODR\u00d3\u017bE\"],\"inLanguage\":\"en-GB\",\"potentialAction\":[{\"@type\":\"CommentAction\",\"name\":\"Comment\",\"target\":[\"https:\/\/justynalorenc.com\/4-kraje-do-ktorych-nigdy-nie-pojade\/#respond\"]}]},{\"@type\":\"WebPage\",\"@id\":\"https:\/\/justynalorenc.com\/4-kraje-do-ktorych-nigdy-nie-pojade\/\",\"url\":\"https:\/\/justynalorenc.com\/4-kraje-do-ktorych-nigdy-nie-pojade\/\",\"name\":\"3 kraje, do kt\u00f3rych (prawdopodobnie) nigdy nie pojad\u0119\",\"isPartOf\":{\"@id\":\"https:\/\/justynalorenc.com\/#website\"},\"datePublished\":\"2023-06-07T12:52:00+00:00\",\"dateModified\":\"2023-11-08T13:09:11+00:00\",\"description\":\"Nieprzewodnik czyli moja osobista lista 3 kraj\u00f3w, do kt\u00f3rych nie chc\u0119 pojecha\u0107 i do kt\u00f3rych (prawdopodobnie) nigdy nie pojad\u0119.\",\"breadcrumb\":{\"@id\":\"https:\/\/justynalorenc.com\/4-kraje-do-ktorych-nigdy-nie-pojade\/#breadcrumb\"},\"inLanguage\":\"en-GB\",\"potentialAction\":[{\"@type\":\"ReadAction\",\"target\":[\"https:\/\/justynalorenc.com\/4-kraje-do-ktorych-nigdy-nie-pojade\/\"]}]},{\"@type\":\"BreadcrumbList\",\"@id\":\"https:\/\/justynalorenc.com\/4-kraje-do-ktorych-nigdy-nie-pojade\/#breadcrumb\",\"itemListElement\":[{\"@type\":\"ListItem\",\"position\":1,\"name\":\"Strona g\u0142\u00f3wna\",\"item\":\"https:\/\/justynalorenc.com\/\"},{\"@type\":\"ListItem\",\"position\":2,\"name\":\"3 kraje, do kt\u00f3rych (prawdopodobnie) nigdy nie pojad\u0119\"}]},{\"@type\":\"WebSite\",\"@id\":\"https:\/\/justynalorenc.com\/#website\",\"url\":\"https:\/\/justynalorenc.com\/\",\"name\":\"Justyna Lorenc\",\"description\":\"BLOG - podr\u00f3\u017ce | fotografia | porady | inspiracje | klimatyczne miejsca\",\"publisher\":{\"@id\":\"https:\/\/justynalorenc.com\/#\/schema\/person\/5f1d38de0ec51979d4c19fbe946b7c99\"},\"potentialAction\":[{\"@type\":\"SearchAction\",\"target\":{\"@type\":\"EntryPoint\",\"urlTemplate\":\"https:\/\/justynalorenc.com\/?s={search_term_string}\"},\"query-input\":\"required name=search_term_string\"}],\"inLanguage\":\"en-GB\"},{\"@type\":[\"Person\",\"Organization\"],\"@id\":\"https:\/\/justynalorenc.com\/#\/schema\/person\/5f1d38de0ec51979d4c19fbe946b7c99\",\"name\":\"Justyna\",\"image\":{\"@type\":\"ImageObject\",\"inLanguage\":\"en-GB\",\"@id\":\"https:\/\/justynalorenc.com\/#\/schema\/person\/image\/\",\"url\":\"https:\/\/secure.gravatar.com\/avatar\/841e9b2ea8d5610552749bad1d090415?s=96&d=mm&r=g\",\"contentUrl\":\"https:\/\/secure.gravatar.com\/avatar\/841e9b2ea8d5610552749bad1d090415?s=96&d=mm&r=g\",\"caption\":\"Justyna\"},\"logo\":{\"@id\":\"https:\/\/justynalorenc.com\/#\/schema\/person\/image\/\"},\"sameAs\":[\"https:\/\/www.facebook.com\/justynalorenccom\/\",\"https:\/\/www.instagram.com\/justyna_lorenc\/?hl=pl\"]}]}<\/script>\n<!-- \/ Yoast SEO plugin. -->","yoast_head_json":{"title":"3 kraje, do kt\u00f3rych (prawdopodobnie) nigdy nie pojad\u0119","description":"Nieprzewodnik czyli moja osobista lista 3 kraj\u00f3w, do kt\u00f3rych nie chc\u0119 pojecha\u0107 i do kt\u00f3rych (prawdopodobnie) nigdy nie pojad\u0119.","robots":{"index":"index","follow":"follow","max-snippet":"max-snippet:-1","max-image-preview":"max-image-preview:large","max-video-preview":"max-video-preview:-1"},"canonical":"https:\/\/justynalorenc.com\/en\/4-kraje-do-ktorych-nigdy-nie-pojade\/","og_locale":"en_GB","og_type":"article","og_title":"3 kraje, do kt\u00f3rych (prawdopodobnie) nigdy nie pojad\u0119","og_description":"Nieprzewodnik czyli moja osobista lista 3 kraj\u00f3w, do kt\u00f3rych nie chc\u0119 pojecha\u0107 i do kt\u00f3rych (prawdopodobnie) nigdy nie pojad\u0119.","og_url":"https:\/\/justynalorenc.com\/en\/4-kraje-do-ktorych-nigdy-nie-pojade\/","og_site_name":"Justyna Lorenc","article_publisher":"https:\/\/www.facebook.com\/justynalorenccom\/","article_author":"https:\/\/www.facebook.com\/justynalorenccom\/","article_published_time":"2023-06-07T12:52:00+00:00","article_modified_time":"2023-11-08T13:09:11+00:00","og_image":[{"width":1200,"height":800,"url":"https:\/\/justynalorenc.com\/wp-content\/uploads\/2023\/03\/zdjecie-glowne-kat-podroze.jpg","type":"image\/jpeg"}],"author":"Justyna","twitter_card":"summary_large_image","twitter_misc":{"Written by":"Justyna","Estimated reading time":"8 minutes"},"schema":{"@context":"https:\/\/schema.org","@graph":[{"@type":"Article","@id":"https:\/\/justynalorenc.com\/4-kraje-do-ktorych-nigdy-nie-pojade\/#article","isPartOf":{"@id":"https:\/\/justynalorenc.com\/4-kraje-do-ktorych-nigdy-nie-pojade\/"},"author":{"name":"Justyna","@id":"https:\/\/justynalorenc.com\/#\/schema\/person\/5f1d38de0ec51979d4c19fbe946b7c99"},"headline":"3 kraje, do kt\u00f3rych (prawdopodobnie) nigdy nie pojad\u0119","datePublished":"2023-06-07T12:52:00+00:00","dateModified":"2023-11-08T13:09:11+00:00","mainEntityOfPage":{"@id":"https:\/\/justynalorenc.com\/4-kraje-do-ktorych-nigdy-nie-pojade\/"},"wordCount":1493,"commentCount":0,"publisher":{"@id":"https:\/\/justynalorenc.com\/#\/schema\/person\/5f1d38de0ec51979d4c19fbe946b7c99"},"keywords":["my\u015bli"],"articleSection":["PODR\u00d3\u017bE"],"inLanguage":"en-GB","potentialAction":[{"@type":"CommentAction","name":"Comment","target":["https:\/\/justynalorenc.com\/4-kraje-do-ktorych-nigdy-nie-pojade\/#respond"]}]},{"@type":"WebPage","@id":"https:\/\/justynalorenc.com\/4-kraje-do-ktorych-nigdy-nie-pojade\/","url":"https:\/\/justynalorenc.com\/4-kraje-do-ktorych-nigdy-nie-pojade\/","name":"3 kraje, do kt\u00f3rych (prawdopodobnie) nigdy nie pojad\u0119","isPartOf":{"@id":"https:\/\/justynalorenc.com\/#website"},"datePublished":"2023-06-07T12:52:00+00:00","dateModified":"2023-11-08T13:09:11+00:00","description":"Nieprzewodnik czyli moja osobista lista 3 kraj\u00f3w, do kt\u00f3rych nie chc\u0119 pojecha\u0107 i do kt\u00f3rych (prawdopodobnie) nigdy nie pojad\u0119.","breadcrumb":{"@id":"https:\/\/justynalorenc.com\/4-kraje-do-ktorych-nigdy-nie-pojade\/#breadcrumb"},"inLanguage":"en-GB","potentialAction":[{"@type":"ReadAction","target":["https:\/\/justynalorenc.com\/4-kraje-do-ktorych-nigdy-nie-pojade\/"]}]},{"@type":"BreadcrumbList","@id":"https:\/\/justynalorenc.com\/4-kraje-do-ktorych-nigdy-nie-pojade\/#breadcrumb","itemListElement":[{"@type":"ListItem","position":1,"name":"Strona g\u0142\u00f3wna","item":"https:\/\/justynalorenc.com\/"},{"@type":"ListItem","position":2,"name":"3 kraje, do kt\u00f3rych (prawdopodobnie) nigdy nie pojad\u0119"}]},{"@type":"WebSite","@id":"https:\/\/justynalorenc.com\/#website","url":"https:\/\/justynalorenc.com\/","name":"Justyna Lorenc","description":"BLOG - podr\u00f3\u017ce | fotografia | porady | inspiracje | klimatyczne miejsca","publisher":{"@id":"https:\/\/justynalorenc.com\/#\/schema\/person\/5f1d38de0ec51979d4c19fbe946b7c99"},"potentialAction":[{"@type":"SearchAction","target":{"@type":"EntryPoint","urlTemplate":"https:\/\/justynalorenc.com\/?s={search_term_string}"},"query-input":"required name=search_term_string"}],"inLanguage":"en-GB"},{"@type":["Person","Organization"],"@id":"https:\/\/justynalorenc.com\/#\/schema\/person\/5f1d38de0ec51979d4c19fbe946b7c99","name":"Justyna","image":{"@type":"ImageObject","inLanguage":"en-GB","@id":"https:\/\/justynalorenc.com\/#\/schema\/person\/image\/","url":"https:\/\/secure.gravatar.com\/avatar\/841e9b2ea8d5610552749bad1d090415?s=96&d=mm&r=g","contentUrl":"https:\/\/secure.gravatar.com\/avatar\/841e9b2ea8d5610552749bad1d090415?s=96&d=mm&r=g","caption":"Justyna"},"logo":{"@id":"https:\/\/justynalorenc.com\/#\/schema\/person\/image\/"},"sameAs":["https:\/\/www.facebook.com\/justynalorenccom\/","https:\/\/www.instagram.com\/justyna_lorenc\/?hl=pl"]}]}},"_links":{"self":[{"href":"https:\/\/justynalorenc.com\/en\/wp-json\/wp\/v2\/posts\/7038"}],"collection":[{"href":"https:\/\/justynalorenc.com\/en\/wp-json\/wp\/v2\/posts"}],"about":[{"href":"https:\/\/justynalorenc.com\/en\/wp-json\/wp\/v2\/types\/post"}],"author":[{"embeddable":true,"href":"https:\/\/justynalorenc.com\/en\/wp-json\/wp\/v2\/users\/1"}],"replies":[{"embeddable":true,"href":"https:\/\/justynalorenc.com\/en\/wp-json\/wp\/v2\/comments?post=7038"}],"version-history":[{"count":20,"href":"https:\/\/justynalorenc.com\/en\/wp-json\/wp\/v2\/posts\/7038\/revisions"}],"predecessor-version":[{"id":11650,"href":"https:\/\/justynalorenc.com\/en\/wp-json\/wp\/v2\/posts\/7038\/revisions\/11650"}],"wp:featuredmedia":[{"embeddable":true,"href":"https:\/\/justynalorenc.com\/en\/wp-json\/wp\/v2\/media\/9234"}],"wp:attachment":[{"href":"https:\/\/justynalorenc.com\/en\/wp-json\/wp\/v2\/media?parent=7038"}],"wp:term":[{"taxonomy":"category","embeddable":true,"href":"https:\/\/justynalorenc.com\/en\/wp-json\/wp\/v2\/categories?post=7038"},{"taxonomy":"post_tag","embeddable":true,"href":"https:\/\/justynalorenc.com\/en\/wp-json\/wp\/v2\/tags?post=7038"}],"curies":[{"name":"wp","href":"https:\/\/api.w.org\/{rel}","templated":true}]}}