{"id":6328,"date":"2021-01-18T10:05:00","date_gmt":"2021-01-18T09:05:00","guid":{"rendered":"https:\/\/justynalorenc.com\/?p=6328"},"modified":"2023-11-07T09:58:32","modified_gmt":"2023-11-07T08:58:32","slug":"10-najlepszych-piekarni-w-krakowie","status":"publish","type":"post","link":"https:\/\/justynalorenc.com\/en\/10-najlepszych-piekarni-w-krakowie\/","title":{"rendered":"10 Best Bakeries in Krakow, Poland"},"content":{"rendered":"<h2 class=\"wp-block-heading\">Gdzie kupi\u0107 najlepszy chrupi\u0105cy chleb? Gdzie znajdziemy wega\u0144skie dro\u017cd\u017c\u00f3wki? Kt\u00f3ra piekarnia ma najlepsz\u0105 cha\u0142k\u0119, a w kt\u00f3rej dostaniemy kimchi? Zapraszam was na kr\u00f3tki przewodnik po najlepszych rzemie\u015blniczych (i nie tylko) piekarniach w Krakowie!<\/h2>\n\n\n\n<h3 class=\"wp-block-heading\">Lista nie jest kompletna i b\u0119dzie uzupe\u0142niana na bie\u017c\u0105co. Je\u015bli macie jakie\u015b propozycje kt\u00f3re piekarnie powinny si\u0119 na niej znale\u017a\u0107, koniecznie dajcie mi zna\u0107!<\/h3>\n\n\n\n<hr class=\"wp-block-separator has-css-opacity\"\/>\n\n\n\n<p class=\"has-medium-font-size\">AKTUALIZACJA: PA\u0179DZIERNIK 2023<\/p>\n\n\n\n<hr class=\"wp-block-separator has-css-opacity\"\/>\n\n\n\n<p>DRUG\u0104 CZ\u0118\u015a\u0106 I WI\u0118CEJ PIEKARNI ZNAJDZIECIE TUTAJ:<\/p>\n\n\n\n<figure class=\"wp-block-embed is-type-wp-embed is-provider-justyna-lorenc wp-block-embed-justyna-lorenc\"><div class=\"wp-block-embed__wrapper\">\n<blockquote class=\"wp-embedded-content\" data-secret=\"wcEWza5YNM\"><a href=\"https:\/\/justynalorenc.com\/en\/najlepsze-piekarnie-w-krakowie-ii\/\">THE BEST BAKERIES IN KRAKOW PART II<\/a><\/blockquote><iframe class=\"wp-embedded-content\" sandbox=\"allow-scripts\" security=\"restricted\" style=\"position: absolute; clip: rect(1px, 1px, 1px, 1px);\" title=\"&#8222;NAJLEPSZE PIEKARNIE W KRAKOWIE CZ. II&#8221; &#8212; Justyna Lorenc\" src=\"https:\/\/justynalorenc.com\/najlepsze-piekarnie-w-krakowie-ii\/embed\/#?secret=adkqj87Ox6#?secret=wcEWza5YNM\" data-secret=\"wcEWza5YNM\" width=\"600\" height=\"338\" frameborder=\"0\" marginwidth=\"0\" marginheight=\"0\" scrolling=\"no\"><\/iframe>\n<\/div><\/figure>\n\n\n\n<h2 class=\"wp-block-heading\"><span style=\"color:#ff6900\" class=\"tadv-color\">Breaking bread<\/span><\/h2>\n\n\n\n<p>Male\u0144ka piekarnia w Pianissimo, nowym bloku w bezpo\u015brednim s\u0105siedztwie Wis\u0142y. Dostaniemy tu chrupi\u0105ce i \u015bwie\u017ce <strong>chleby na zakwasie<\/strong> (<strong>orkiszowe<\/strong>, <strong>\u017cytnie<\/strong>, <strong>pszenne<\/strong>, <strong>ze \u015bliwk\u0105, dyni\u0105 lub czekolad\u0105<\/strong> &#8211; codziennie inne), <strong>cha\u0142k\u0119 z dzieci\u0144stwa<\/strong> (ma\u0142\u0105 i du\u017c\u0105) z ma\u015blan\u0105 kruszonk\u0105, przepyszne <strong>dro\u017cd\u017c\u00f3wki<\/strong> z sezonowymi owocami, domowym budyniem, bia\u0142\u0105 czekolad\u0105 i \u017curawin\u0105. S\u0105 te\u017c <strong>dro\u017cd\u017c\u00f3wki wytrawne<\/strong>. Do tego mo\u017cna wypi\u0107 kaw\u0119 i pogada\u0107 z przesympatycznymi w\u0142a\u015bcicielami o mi\u0142o\u015bci do chleba! Wypieki sprawdzicie codziennie na <a href=\"https:\/\/www.facebook.com\/breakingbreadkrakow\/\" target=\"_blank\" rel=\"noreferrer noopener\">Facebooku<\/a> piekarni.<\/p>\n\n\n\n<p>Adres: Marka Stachowskiego 4 (Pianissimo)<br><\/p>\n\n\n\n<figure class=\"wp-block-gallery has-nested-images columns-default is-cropped wp-block-gallery-1 is-layout-flex wp-block-gallery-is-layout-flex\">\n<figure class=\"wp-block-image size-large\"><img fetchpriority=\"high\" decoding=\"async\" width=\"694\" height=\"1024\" data-id=\"6897\" src=\"https:\/\/justynalorenc.com\/wp-content\/uploads\/2021\/01\/MG_3275-694x1024.jpg\" alt=\"\" class=\"wp-image-6897\" srcset=\"https:\/\/justynalorenc.com\/wp-content\/uploads\/2021\/01\/MG_3275-694x1024.jpg 694w, https:\/\/justynalorenc.com\/wp-content\/uploads\/2021\/01\/MG_3275-203x300.jpg 203w, https:\/\/justynalorenc.com\/wp-content\/uploads\/2021\/01\/MG_3275-768x1134.jpg 768w, https:\/\/justynalorenc.com\/wp-content\/uploads\/2021\/01\/MG_3275.jpg 813w\" sizes=\"(max-width: 694px) 100vw, 694px\" \/><\/figure>\n\n\n\n<figure class=\"wp-block-image size-large\"><img decoding=\"async\" width=\"683\" height=\"1024\" data-id=\"6898\" src=\"https:\/\/justynalorenc.com\/wp-content\/uploads\/2021\/01\/MG_3278-683x1024.jpg\" alt=\"\" class=\"wp-image-6898\" srcset=\"https:\/\/justynalorenc.com\/wp-content\/uploads\/2021\/01\/MG_3278-683x1024.jpg 683w, https:\/\/justynalorenc.com\/wp-content\/uploads\/2021\/01\/MG_3278-200x300.jpg 200w, https:\/\/justynalorenc.com\/wp-content\/uploads\/2021\/01\/MG_3278-768x1152.jpg 768w, https:\/\/justynalorenc.com\/wp-content\/uploads\/2021\/01\/MG_3278.jpg 800w\" sizes=\"(max-width: 683px) 100vw, 683px\" \/><\/figure>\n\n\n\n<figure class=\"wp-block-image size-large\"><img decoding=\"async\" width=\"678\" height=\"1024\" data-id=\"6899\" src=\"https:\/\/justynalorenc.com\/wp-content\/uploads\/2021\/01\/MG_3286-678x1024.jpg\" alt=\"\" class=\"wp-image-6899\" srcset=\"https:\/\/justynalorenc.com\/wp-content\/uploads\/2021\/01\/MG_3286-678x1024.jpg 678w, https:\/\/justynalorenc.com\/wp-content\/uploads\/2021\/01\/MG_3286-199x300.jpg 199w, https:\/\/justynalorenc.com\/wp-content\/uploads\/2021\/01\/MG_3286-768x1159.jpg 768w, https:\/\/justynalorenc.com\/wp-content\/uploads\/2021\/01\/MG_3286.jpg 795w\" sizes=\"(max-width: 678px) 100vw, 678px\" \/><\/figure>\n<\/figure>\n\n\n\n<h2 class=\"wp-block-heading\"><span style=\"color:#ff6900\" class=\"tadv-color\">\u015awie\u017co upieczona<\/span><\/h2>\n\n\n\n<p>Piekarnia oferuje chleby <strong>pszenne i \u017cytnie<\/strong>, ale i bardziej wypasione: <strong>z cheddarem, rodzynkami, kasz\u0105, migda\u0142em lub siemieniem lnianym<\/strong>. Opr\u00f3cz chleb\u00f3w i cha\u0142ek znajdziecie tu du\u017cy wyb\u00f3r s\u0142odko\u015bci: s\u0105 <strong>dro\u017cd\u017c\u00f3wki z cynamonem, kardamonki, sezonowe z owocami, wega\u0144skie z orzechem, a nawet croissanty!<\/strong> S\u0142odko\u015bci i chleby s\u0105 przepyszne, ale po po\u0142udniu zwykle p\u00f3\u0142ki \u015bwiec\u0105 ju\u017c pustkami.<\/p>\n\n\n\n<p>Adres: Cysters\u00f3w 26C<br>Orientacyjny chlebowy rozk\u0142ad jazdy znajdziecie na <a href=\"https:\/\/www.facebook.com\/%C5%9Awie%C5%BCo-Upieczona-110391823949071\/\" target=\"_blank\" rel=\"noreferrer noopener\">Facebooku<\/a> piekarni.<\/p>\n\n\n<div class=\"wp-block-image\">\n<figure class=\"aligncenter size-large is-resized\"><img loading=\"lazy\" decoding=\"async\" width=\"1024\" height=\"683\" src=\"https:\/\/justynalorenc.com\/wp-content\/uploads\/2021\/01\/MG_2488-kopia-1-1024x683.jpg\" alt=\"\" class=\"wp-image-6901\" style=\"width:547px;height:368px\" srcset=\"https:\/\/justynalorenc.com\/wp-content\/uploads\/2021\/01\/MG_2488-kopia-1-1024x683.jpg 1024w, https:\/\/justynalorenc.com\/wp-content\/uploads\/2021\/01\/MG_2488-kopia-1-300x200.jpg 300w, https:\/\/justynalorenc.com\/wp-content\/uploads\/2021\/01\/MG_2488-kopia-1-768x512.jpg 768w, https:\/\/justynalorenc.com\/wp-content\/uploads\/2021\/01\/MG_2488-kopia-1-1080x720.jpg 1080w, https:\/\/justynalorenc.com\/wp-content\/uploads\/2021\/01\/MG_2488-kopia-1.jpg 1200w\" sizes=\"(max-width: 1024px) 100vw, 1024px\" \/><\/figure><\/div>\n\n\n<h2 class=\"wp-block-heading\"><span style=\"color:#ff6900\" class=\"tadv-color\">Pochlebstwo<\/span><\/h2>\n\n\n\n<p>Pierwsza z rzemie\u015blniczych piekarni w Krakowie i jeden z lepszych chleb\u00f3w nie tylko na Zab\u0142ociu, ale w ca\u0142ym mie\u015bcie, dlatego po po\u0142udniu zwykle nie ma tu ju\u017c czego szuka\u0107. Na kilku metrach kwadratowych tej mikropiekarni (podczas pandemii ograniczonych do ma\u0142ego kwadracika przestrzeni mi\u0119dzy wej\u015bciem, a lad\u0105) g\u0142odnych wita kusz\u0105cy zapach \u015bwie\u017cego pieczywa. W klimatycznym lokalu powstaj\u0105 <strong>chleby na zakwasie: pszenny, pszenno-\u017cytni i \u017cytni z krzycy, czyli s\u0142ynny Krzyk Zab\u0142ocia<\/strong>, ale dostaniecie tu te\u017c zakwas i kupicie dobr\u0105 m\u0105k\u0119, by upiec w\u0142asny chleb w domowym zaciszu.<\/p>\n\n\n\n<p>Adres: Romanowicza 5\/7B<br>Wi\u0119cej aktualno\u015bci znajdziecie na profilu piekarni <a href=\"https:\/\/www.facebook.com\/pochlebstwo\" target=\"_blank\" rel=\"noreferrer noopener\">tutaj<\/a>.<\/p>\n\n\n<div class=\"wp-block-image\">\n<figure class=\"aligncenter size-large is-resized\"><img loading=\"lazy\" decoding=\"async\" width=\"671\" height=\"1024\" src=\"https:\/\/justynalorenc.com\/wp-content\/uploads\/2021\/01\/pochlebstwo-kopia-671x1024.jpg\" alt=\"\" class=\"wp-image-6903\" style=\"width:320px;height:487px\" srcset=\"https:\/\/justynalorenc.com\/wp-content\/uploads\/2021\/01\/pochlebstwo-kopia-671x1024.jpg 671w, https:\/\/justynalorenc.com\/wp-content\/uploads\/2021\/01\/pochlebstwo-kopia-197x300.jpg 197w, https:\/\/justynalorenc.com\/wp-content\/uploads\/2021\/01\/pochlebstwo-kopia-768x1173.jpg 768w, https:\/\/justynalorenc.com\/wp-content\/uploads\/2021\/01\/pochlebstwo-kopia.jpg 786w\" sizes=\"(max-width: 671px) 100vw, 671px\" \/><\/figure><\/div>\n\n\n<h2 class=\"wp-block-heading\"><span style=\"color:#ff6900\" class=\"tadv-color\">Handelek<\/span><\/h2>\n\n\n\n<p>Powsta\u0142y w 2018 roku lokal wskrzesza tradycj\u0119 przedwojennych handelk\u00f3w \u015bniadaniowych, jakich w dawnym Krakowie istnia\u0142o bardzo wiele. Popo\u0142udniami p\u00f3\u0142ki zwykle \u015bwiec\u0105 ju\u017c pustkami. W tej niewielkiej rzemie\u015blniczej piekarni dostaniemy <strong>chleby na zakwasie: \u017cytnie, pszenne, z bakaliami i bardziej oryginalne, jak chleb z w\u0142oskiej palonej pszenicy, czyli Grano Arso, a tak\u017ce focacci\u0119.<\/strong> S\u0105 te\u017c ekologiczne pasty, konfitury, smarowid\u0142a, mi\u00f3d, kimchi oraz sporo ma\u0142opolskich produkt\u00f3w regionalnych. Dostaniecie tu <a href=\"http:\/\/m.in\">m.in<\/a>. przepyszne <strong>kanapki<\/strong> z pastami: z pstr\u0105ga ojcowskiego, z makreli, pieczonego buraka lub jajeczn\u0105. A wszystko to handelkowy Chlebobus dowiezie wam do domu! Zam\u00f3wienia mo\u017cna sk\u0142ada\u0107 na stronie <a href=\"https:\/\/www.dostawy.handelek.com\/\" target=\"_blank\" rel=\"noreferrer noopener\">piekarni<\/a>.<\/p>\n\n\n\n<p>Adres: <s>\u015bw. Filipa 14<\/s> Pod tym adresem znajduje si\u0119 dzi\u015b piekarnia Piec<br>Handelek dzia\u0142a na Zab\u0142ociu, przy ul. \u015alusarskiej 9<br>Wi\u0119cej informacji znajdziecie na <a href=\"https:\/\/www.facebook.com\/handelekcom\/\" target=\"_blank\" rel=\"noreferrer noopener\">Facebooku<\/a> piekarni.<\/p>\n\n\n\n<div class=\"wp-block-columns is-layout-flex wp-container-4 wp-block-columns-is-layout-flex\">\n<div class=\"wp-block-column is-layout-flow wp-block-column-is-layout-flow\" style=\"flex-basis:100%\"><\/div>\n<\/div>\n\n\n\n<figure class=\"wp-block-gallery has-nested-images columns-default is-cropped wp-block-gallery-5 is-layout-flex wp-block-gallery-is-layout-flex\">\n<figure class=\"wp-block-image size-large\"><img loading=\"lazy\" decoding=\"async\" width=\"683\" height=\"1024\" data-id=\"6917\" src=\"https:\/\/justynalorenc.com\/wp-content\/uploads\/2021\/01\/MG_3315-2-683x1024.jpg\" alt=\"\" class=\"wp-image-6917\" srcset=\"https:\/\/justynalorenc.com\/wp-content\/uploads\/2021\/01\/MG_3315-2-683x1024.jpg 683w, https:\/\/justynalorenc.com\/wp-content\/uploads\/2021\/01\/MG_3315-2-200x300.jpg 200w, https:\/\/justynalorenc.com\/wp-content\/uploads\/2021\/01\/MG_3315-2-768x1152.jpg 768w, https:\/\/justynalorenc.com\/wp-content\/uploads\/2021\/01\/MG_3315-2.jpg 800w\" sizes=\"(max-width: 683px) 100vw, 683px\" \/><\/figure>\n\n\n\n<figure class=\"wp-block-image size-large\"><img loading=\"lazy\" decoding=\"async\" width=\"683\" height=\"1024\" data-id=\"6918\" src=\"https:\/\/justynalorenc.com\/wp-content\/uploads\/2021\/01\/MG_3316-3-683x1024.jpg\" alt=\"\" class=\"wp-image-6918\" srcset=\"https:\/\/justynalorenc.com\/wp-content\/uploads\/2021\/01\/MG_3316-3-683x1024.jpg 683w, https:\/\/justynalorenc.com\/wp-content\/uploads\/2021\/01\/MG_3316-3-200x300.jpg 200w, https:\/\/justynalorenc.com\/wp-content\/uploads\/2021\/01\/MG_3316-3-768x1152.jpg 768w, https:\/\/justynalorenc.com\/wp-content\/uploads\/2021\/01\/MG_3316-3.jpg 800w\" sizes=\"(max-width: 683px) 100vw, 683px\" \/><\/figure>\n<\/figure>\n\n\n\n<figure class=\"wp-block-image size-large\"><img loading=\"lazy\" decoding=\"async\" width=\"1024\" height=\"683\" src=\"https:\/\/justynalorenc.com\/wp-content\/uploads\/2021\/01\/MG_3313-1024x683.jpg\" alt=\"\" class=\"wp-image-6907\" srcset=\"https:\/\/justynalorenc.com\/wp-content\/uploads\/2021\/01\/MG_3313-1024x683.jpg 1024w, https:\/\/justynalorenc.com\/wp-content\/uploads\/2021\/01\/MG_3313-300x200.jpg 300w, https:\/\/justynalorenc.com\/wp-content\/uploads\/2021\/01\/MG_3313-768x512.jpg 768w, https:\/\/justynalorenc.com\/wp-content\/uploads\/2021\/01\/MG_3313-1080x720.jpg 1080w, https:\/\/justynalorenc.com\/wp-content\/uploads\/2021\/01\/MG_3313.jpg 1200w\" sizes=\"(max-width: 1024px) 100vw, 1024px\" \/><\/figure>\n\n\n\n<h2 class=\"wp-block-heading\"><span style=\"color:#ff6900\" class=\"tadv-color\">Zaczyn<\/span><\/h2>\n\n\n\n<p>Powsta\u0142a w 2018 roku jako jedna z pierwszych piekarni rzemie\u015blniczych w Krakowie i jedyna na D\u0119bnikach. Dostaniemy tu <strong>chleb pszenny, pszenno-\u017cytni, z czarnuszk\u0105, orzechami lub pra\u017conymi migda\u0142ami.<\/strong> Opr\u00f3cz pieczywa s\u0105 te\u017c opcje \u015bniadaniowe: kawa oraz przepyszne kanapki i bagietki. Wszystko jest wega\u0144skie, tak\u017ce dro\u017cd\u017c\u00f3wki, rogaliki i inne s\u0142odko\u015bci.<\/p>\n\n\n\n<p>Adres: <s>ul. Barska 4<\/s> Zaczyn przeni\u00f3s\u0142 si\u0119 do wi\u0119kszego lokalu po drugiej stronie Wis\u0142y: Ko\u015bciuszki 27<br>Wi\u0119cej informacji znajdziecie na <a href=\"https:\/\/www.facebook.com\/piekarnia.zaczyn\" target=\"_blank\" rel=\"noreferrer noopener\">Facebooku<\/a>, a zam\u00f3wienie z\u0142o\u017cycie na tej <a href=\"https:\/\/piekarnia-zaczyn.pl\/day_offers\" target=\"_blank\" rel=\"noreferrer noopener\">stronie<\/a>.<\/p>\n\n\n\n<figure class=\"wp-block-gallery has-nested-images columns-default is-cropped wp-block-gallery-7 is-layout-flex wp-block-gallery-is-layout-flex\">\n<figure class=\"wp-block-image size-large\"><img loading=\"lazy\" decoding=\"async\" width=\"696\" height=\"1024\" data-id=\"6919\" src=\"https:\/\/justynalorenc.com\/wp-content\/uploads\/2021\/01\/MG_3241-696x1024.jpg\" alt=\"\" class=\"wp-image-6919\" srcset=\"https:\/\/justynalorenc.com\/wp-content\/uploads\/2021\/01\/MG_3241-696x1024.jpg 696w, https:\/\/justynalorenc.com\/wp-content\/uploads\/2021\/01\/MG_3241-204x300.jpg 204w, https:\/\/justynalorenc.com\/wp-content\/uploads\/2021\/01\/MG_3241-768x1129.jpg 768w, https:\/\/justynalorenc.com\/wp-content\/uploads\/2021\/01\/MG_3241.jpg 816w\" sizes=\"(max-width: 696px) 100vw, 696px\" \/><\/figure>\n\n\n\n<figure class=\"wp-block-image size-large\"><img loading=\"lazy\" decoding=\"async\" width=\"678\" height=\"1024\" data-id=\"6920\" src=\"https:\/\/justynalorenc.com\/wp-content\/uploads\/2021\/01\/MG_3257-678x1024.jpg\" alt=\"\" class=\"wp-image-6920\" srcset=\"https:\/\/justynalorenc.com\/wp-content\/uploads\/2021\/01\/MG_3257-678x1024.jpg 678w, https:\/\/justynalorenc.com\/wp-content\/uploads\/2021\/01\/MG_3257-199x300.jpg 199w, https:\/\/justynalorenc.com\/wp-content\/uploads\/2021\/01\/MG_3257-768x1159.jpg 768w, https:\/\/justynalorenc.com\/wp-content\/uploads\/2021\/01\/MG_3257.jpg 795w\" sizes=\"(max-width: 678px) 100vw, 678px\" \/><\/figure>\n<\/figure>\n\n\n\n<h2 class=\"wp-block-heading\"><span style=\"color:#ff6900\" class=\"tadv-color\">Piekarnia Binkowskich<\/span><\/h2>\n\n\n\n<p>Miejsce, kt\u00f3re pachnie chlebem od lat 50. Piekarnia dzia\u0142a nieprzerwanie od 1946 roku (w obecnym miejscu od 1951). Rodzinna piekarnia rzemie\u015blnicza stawia na tradycj\u0119, a prowadzi j\u0105 ju\u017c trzecie pokolenie piekarzy. Kupimy tutaj <strong>chleby<\/strong> <strong>pszenno-\u017cytnie<\/strong> i <strong>\u017cytnie na zakwasie<\/strong>, chleby z <strong>kminkiem<\/strong>, <strong>cha\u0142ki z kruszonk\u0105<\/strong>, <strong>ciabatty<\/strong>, <strong>cynamonki<\/strong> i przepyszne dro\u017cd\u017cowe <strong>kapu\u015bniaczki<\/strong> i <strong>rogaliki<\/strong> z makiem. <\/p>\n\n\n\n<p>Adres: ul. D\u0142uga 7<br>Wi\u0119cej o historii tego miejsca przeczytacie <a href=\"http:\/\/dobrecechy.pl\/piekarnia-i-wyrob-ciastek-monika-binkowska-ul-dluga-7\/\" target=\"_blank\" rel=\"noreferrer noopener\">tutaj<\/a>.<\/p>\n\n\n\n<h2 class=\"wp-block-heading\"><span style=\"color:#ff6900\" class=\"tadv-color\">Massolit<\/span><\/h2>\n\n\n\n<p>Ukryty w uliczce dochodz\u0105cej do Placu Bohater\u00f3w Getta ma\u0142y lokal jest jedn\u0105 z trzech filii Massolitu. Chleb jest w porz\u0105dku, ale zdecydowanie warto wst\u0105pi\u0107 tu po s\u0142odko\u015bci (zw\u0142aszcza eklery i <strong>dro\u017cd\u017c\u00f3wki z truskawkami<\/strong>) i <strong>bajgle<\/strong>! Lokal na Smole\u0144sku z kolei jest \u015bwietnym miejscem na \u015bniadanie, kaw\u0119 i ciastko lub lunch (s\u0105 bajgle, sa\u0142atki, zupy i ciasta).<\/p>\n\n\n\n<p>Adres: ul. Targowa 3, ul. Smole\u0144sk 17<br><a href=\"https:\/\/www.facebook.com\/Massolit-Bakes-2286313188088516\/\" target=\"_blank\" rel=\"noreferrer noopener\">Strona na FB<\/a>.<\/p>\n\n\n\n<figure class=\"wp-block-gallery has-nested-images columns-default is-cropped wp-block-gallery-9 is-layout-flex wp-block-gallery-is-layout-flex\">\n<figure class=\"wp-block-image size-large\"><img loading=\"lazy\" decoding=\"async\" width=\"684\" height=\"1024\" data-id=\"6921\" src=\"https:\/\/justynalorenc.com\/wp-content\/uploads\/2021\/01\/MG_1435-kopia-684x1024.jpg\" alt=\"\" class=\"wp-image-6921\" srcset=\"https:\/\/justynalorenc.com\/wp-content\/uploads\/2021\/01\/MG_1435-kopia-684x1024.jpg 684w, https:\/\/justynalorenc.com\/wp-content\/uploads\/2021\/01\/MG_1435-kopia-200x300.jpg 200w, https:\/\/justynalorenc.com\/wp-content\/uploads\/2021\/01\/MG_1435-kopia-768x1151.jpg 768w, https:\/\/justynalorenc.com\/wp-content\/uploads\/2021\/01\/MG_1435-kopia.jpg 801w\" sizes=\"(max-width: 684px) 100vw, 684px\" \/><\/figure>\n\n\n\n<figure class=\"wp-block-image size-large\"><img loading=\"lazy\" decoding=\"async\" width=\"683\" height=\"1024\" data-id=\"6922\" src=\"https:\/\/justynalorenc.com\/wp-content\/uploads\/2021\/01\/MG_1440-kopia-683x1024.jpg\" alt=\"\" class=\"wp-image-6922\" srcset=\"https:\/\/justynalorenc.com\/wp-content\/uploads\/2021\/01\/MG_1440-kopia-683x1024.jpg 683w, https:\/\/justynalorenc.com\/wp-content\/uploads\/2021\/01\/MG_1440-kopia-200x300.jpg 200w, https:\/\/justynalorenc.com\/wp-content\/uploads\/2021\/01\/MG_1440-kopia-768x1152.jpg 768w, https:\/\/justynalorenc.com\/wp-content\/uploads\/2021\/01\/MG_1440-kopia.jpg 800w\" sizes=\"(max-width: 683px) 100vw, 683px\" \/><figcaption class=\"wp-element-caption\">Massolit Bakery &amp; Cafe na Smole\u0144sku<\/figcaption><\/figure>\n\n\n\n<figure class=\"wp-block-image size-large\"><img loading=\"lazy\" decoding=\"async\" width=\"683\" height=\"1024\" data-id=\"6923\" src=\"https:\/\/justynalorenc.com\/wp-content\/uploads\/2021\/01\/MG_1441-kopia-683x1024.jpg\" alt=\"\" class=\"wp-image-6923\" srcset=\"https:\/\/justynalorenc.com\/wp-content\/uploads\/2021\/01\/MG_1441-kopia-683x1024.jpg 683w, https:\/\/justynalorenc.com\/wp-content\/uploads\/2021\/01\/MG_1441-kopia-200x300.jpg 200w, https:\/\/justynalorenc.com\/wp-content\/uploads\/2021\/01\/MG_1441-kopia-768x1152.jpg 768w, https:\/\/justynalorenc.com\/wp-content\/uploads\/2021\/01\/MG_1441-kopia.jpg 800w\" sizes=\"(max-width: 683px) 100vw, 683px\" \/><\/figure>\n<\/figure>\n\n\n\n<h2 class=\"wp-block-heading\"><span style=\"color:#ff6900\" class=\"tadv-color\">Piekarnia Mojego Taty<\/span><\/h2>\n\n\n\n<p>Dostaniemy tu mistrzowskie <strong>chleby \u017cytnie<\/strong> na samym zakwasie wypiekane w starym i tradycyjnym piecu (wypiekane tak\u017ce tradycyjnymi metodami, identycznymi jak przed stu laty), a tak\u017ce <strong>dro\u017cd\u017c\u00f3wki<\/strong> i <strong>mi\u0119kk\u0105 cha\u0142k\u0119 z kruszonk\u0105<\/strong>, kt\u00f3ra zafunduje wam natychmiastow\u0105 podr\u00f3\u017c do dzieci\u0144stwa. Lokal przy ul. Meiselsa 6 czynny jest codziennie do 2 nad ranem, ale chleby z Piekarni Mojego Taty znajdziecie te\u017c w innych miejscach na mapie Krakowa.<\/p>\n\n\n\n<p>Adres: ul. Meiselsa 6<\/p>\n\n\n\n<h2 class=\"wp-block-heading\"><span style=\"color:#ff6900\" class=\"tadv-color\">Charlotte<\/span><\/h2>\n\n\n\n<p>W tej francuskiej piekarni dostaniecie jedne z lepszych <strong>croissant\u00f3w<\/strong> w mie\u015bcie: zwyk\u0142e, <strong>pain au chocolat<\/strong> i te <strong>z malinami<\/strong>. Plus za \u015bwie\u017ce i chrupi\u0105ce <strong>bagietki<\/strong>. Mo\u017ce nie wybra\u0142abym tutejszego chleba w pierwszej kolejno\u015bci, je\u015bli mia\u0142abym po drodze np. Breaking Bread lub Pochlebstwo, ale zdecydowanie przysz\u0142abym tu w mro\u017any dzie\u0144 po pachn\u0105ce wypieki i domowe konfitury!<\/p>\n\n\n\n<p>Adres: pl. Szczepa\u0144ski 2<\/p>\n\n\n<div class=\"wp-block-image\">\n<figure class=\"aligncenter size-large is-resized\"><img loading=\"lazy\" decoding=\"async\" width=\"686\" height=\"1024\" src=\"https:\/\/justynalorenc.com\/wp-content\/uploads\/2021\/01\/MG_3206-686x1024.jpg\" alt=\"\" class=\"wp-image-6924\" style=\"width:538px;height:803px\" srcset=\"https:\/\/justynalorenc.com\/wp-content\/uploads\/2021\/01\/MG_3206-686x1024.jpg 686w, https:\/\/justynalorenc.com\/wp-content\/uploads\/2021\/01\/MG_3206-201x300.jpg 201w, https:\/\/justynalorenc.com\/wp-content\/uploads\/2021\/01\/MG_3206-768x1146.jpg 768w, https:\/\/justynalorenc.com\/wp-content\/uploads\/2021\/01\/MG_3206.jpg 804w\" sizes=\"(max-width: 686px) 100vw, 686px\" \/><\/figure><\/div>\n\n\n<h2 class=\"wp-block-heading\"><span style=\"color:#ff6900\" class=\"tadv-color\">Fornir<\/span><\/h2>\n\n\n\n<p>Ponownie miejsce nowe i b\u0119d\u0105ce bardziej cukiernio-\u015bniadaniowni\u0105, ni\u017c piekarni\u0105, ale zdecydowanie warto wst\u0105pi\u0107 tu na leniwe, s\u0142odkie \u015bniadanie. Kawiarnia oferuje doskona\u0142e dro\u017cd\u017c\u00f3wki, pulchne s\u0142odkie bu\u0142eczki, kaw\u0119 i gor\u0105c\u0105 czekolad\u0119. Poza tym na \u015bniadanie zjecie tu te\u017c wega\u0144skie kanapki, cynamonki, r\u0119cznie robione kr\u00f3wki i jagodzianki.<\/p>\n\n\n\n<p>Adres: ul. D\u0142uga 12<\/p>\n\n\n\n<hr class=\"wp-block-separator has-css-opacity is-style-wide\"\/>\n\n\n\n<h3 class=\"wp-block-heading\">Lista b\u0119dzie aktualizowana na bie\u017c\u0105co, wi\u0119c je\u015bli znacie jakie\u015b dobre piekarnie rzemie\u015blnicze w Krakowie albo miejsca, gdzie kupujecie dobre wypieki, koniecznie dajcie mi zna\u0107! \ud83d\ude42 <\/h3>","protected":false},"excerpt":{"rendered":"<p>Gdzie kupi\u0107 najlepszy chrupi\u0105cy chleb? Gdzie znajdziemy wega\u0144skie dro\u017cd\u017c\u00f3wki? Kt\u00f3ra piekarnia ma najlepsz\u0105 cha\u0142k\u0119, a w kt\u00f3rej dostaniemy kimchi? Zapraszam was na kr\u00f3tki przewodnik po najlepszych rzemie\u015blniczych (i nie tylko) piekarniach w Krakowie! Lista nie jest kompletna i b\u0119dzie uzupe\u0142niana na bie\u017c\u0105co. Je\u015bli macie jakie\u015b propozycje kt\u00f3re piekarnie powinny si\u0119 na niej znale\u017a\u0107, koniecznie dajcie [&hellip;]<\/p>","protected":false},"author":1,"featured_media":6878,"comment_status":"open","ping_status":"open","sticky":false,"template":"","format":"standard","meta":{"_monsterinsights_skip_tracking":false,"_monsterinsights_sitenote_active":false,"_monsterinsights_sitenote_note":"","_monsterinsights_sitenote_category":0,"footnotes":""},"categories":[4,1],"tags":[89,10,55,51,113,56,21],"yoast_head":"<!-- This site is optimized with the Yoast SEO plugin v22.0 - https:\/\/yoast.com\/wordpress\/plugins\/seo\/ -->\n<title>10 najlepszych piekarni w Krakowie! &#8211; Justyna Lorenc<\/title>\n<meta name=\"description\" content=\"Poznaj m\u00f3j ranking najlepszych piekarni i dowiedz si\u0119, gdzie kupi\u0107 \u015bwie\u017cy chrupi\u0105cy chleb, cha\u0142ki, dro\u017cd\u017c\u00f3wki i wega\u0144skie s\u0142odko\u015bci.\" \/>\n<meta name=\"robots\" content=\"index, follow, max-snippet:-1, max-image-preview:large, max-video-preview:-1\" \/>\n<link rel=\"canonical\" href=\"https:\/\/justynalorenc.com\/en\/10-najlepszych-piekarni-w-krakowie\/\" \/>\n<meta property=\"og:locale\" content=\"en_GB\" \/>\n<meta property=\"og:type\" content=\"article\" \/>\n<meta property=\"og:title\" content=\"10 najlepszych piekarni w Krakowie! &#8211; Justyna Lorenc\" \/>\n<meta property=\"og:description\" content=\"Poznaj m\u00f3j ranking najlepszych piekarni i dowiedz si\u0119, gdzie kupi\u0107 \u015bwie\u017cy chrupi\u0105cy chleb, cha\u0142ki, dro\u017cd\u017c\u00f3wki i wega\u0144skie s\u0142odko\u015bci.\" \/>\n<meta property=\"og:url\" content=\"https:\/\/justynalorenc.com\/en\/10-najlepszych-piekarni-w-krakowie\/\" \/>\n<meta property=\"og:site_name\" content=\"Justyna Lorenc\" \/>\n<meta property=\"article:publisher\" content=\"https:\/\/www.facebook.com\/justynalorenccom\/\" \/>\n<meta property=\"article:author\" content=\"https:\/\/www.facebook.com\/justynalorenccom\/\" \/>\n<meta property=\"article:published_time\" content=\"2021-01-18T09:05:00+00:00\" \/>\n<meta property=\"article:modified_time\" content=\"2023-11-07T08:58:32+00:00\" \/>\n<meta property=\"og:image\" content=\"https:\/\/justynalorenc.com\/wp-content\/uploads\/2021\/01\/MG_3310-2.jpg\" \/>\n\t<meta property=\"og:image:width\" content=\"1200\" \/>\n\t<meta property=\"og:image:height\" content=\"797\" \/>\n\t<meta property=\"og:image:type\" content=\"image\/jpeg\" \/>\n<meta name=\"author\" content=\"Justyna\" \/>\n<meta name=\"twitter:card\" content=\"summary_large_image\" \/>\n<meta name=\"twitter:label1\" content=\"Written by\" \/>\n\t<meta name=\"twitter:data1\" content=\"Justyna\" \/>\n\t<meta name=\"twitter:label2\" content=\"Estimated reading time\" \/>\n\t<meta name=\"twitter:data2\" content=\"8 minutes\" \/>\n<script type=\"application\/ld+json\" class=\"yoast-schema-graph\">{\"@context\":\"https:\/\/schema.org\",\"@graph\":[{\"@type\":\"Article\",\"@id\":\"https:\/\/justynalorenc.com\/10-najlepszych-piekarni-w-krakowie\/#article\",\"isPartOf\":{\"@id\":\"https:\/\/justynalorenc.com\/10-najlepszych-piekarni-w-krakowie\/\"},\"author\":{\"name\":\"Justyna\",\"@id\":\"https:\/\/justynalorenc.com\/#\/schema\/person\/5f1d38de0ec51979d4c19fbe946b7c99\"},\"headline\":\"10 najlepszych piekarni w Krakowie!\",\"datePublished\":\"2021-01-18T09:05:00+00:00\",\"dateModified\":\"2023-11-07T08:58:32+00:00\",\"mainEntityOfPage\":{\"@id\":\"https:\/\/justynalorenc.com\/10-najlepszych-piekarni-w-krakowie\/\"},\"wordCount\":1017,\"commentCount\":0,\"publisher\":{\"@id\":\"https:\/\/justynalorenc.com\/#\/schema\/person\/5f1d38de0ec51979d4c19fbe946b7c99\"},\"keywords\":[\"inspiracje\",\"jedzenie\",\"krak\u00f3w\",\"kulinarne podr\u00f3\u017ce\",\"piekarnie\",\"polska\",\"weekend\"],\"articleSection\":[\"FOODIE\",\"PODR\u00d3\u017bE\"],\"inLanguage\":\"en-GB\",\"potentialAction\":[{\"@type\":\"CommentAction\",\"name\":\"Comment\",\"target\":[\"https:\/\/justynalorenc.com\/10-najlepszych-piekarni-w-krakowie\/#respond\"]}]},{\"@type\":\"WebPage\",\"@id\":\"https:\/\/justynalorenc.com\/10-najlepszych-piekarni-w-krakowie\/\",\"url\":\"https:\/\/justynalorenc.com\/10-najlepszych-piekarni-w-krakowie\/\",\"name\":\"10 najlepszych piekarni w Krakowie! &#8211; Justyna Lorenc\",\"isPartOf\":{\"@id\":\"https:\/\/justynalorenc.com\/#website\"},\"datePublished\":\"2021-01-18T09:05:00+00:00\",\"dateModified\":\"2023-11-07T08:58:32+00:00\",\"description\":\"Poznaj m\u00f3j ranking najlepszych piekarni i dowiedz si\u0119, gdzie kupi\u0107 \u015bwie\u017cy chrupi\u0105cy chleb, cha\u0142ki, dro\u017cd\u017c\u00f3wki i wega\u0144skie s\u0142odko\u015bci.\",\"breadcrumb\":{\"@id\":\"https:\/\/justynalorenc.com\/10-najlepszych-piekarni-w-krakowie\/#breadcrumb\"},\"inLanguage\":\"en-GB\",\"potentialAction\":[{\"@type\":\"ReadAction\",\"target\":[\"https:\/\/justynalorenc.com\/10-najlepszych-piekarni-w-krakowie\/\"]}]},{\"@type\":\"BreadcrumbList\",\"@id\":\"https:\/\/justynalorenc.com\/10-najlepszych-piekarni-w-krakowie\/#breadcrumb\",\"itemListElement\":[{\"@type\":\"ListItem\",\"position\":1,\"name\":\"Strona g\u0142\u00f3wna\",\"item\":\"https:\/\/justynalorenc.com\/\"},{\"@type\":\"ListItem\",\"position\":2,\"name\":\"10 najlepszych piekarni w Krakowie!\"}]},{\"@type\":\"WebSite\",\"@id\":\"https:\/\/justynalorenc.com\/#website\",\"url\":\"https:\/\/justynalorenc.com\/\",\"name\":\"Justyna Lorenc\",\"description\":\"BLOG - podr\u00f3\u017ce | fotografia | porady | inspiracje | klimatyczne miejsca\",\"publisher\":{\"@id\":\"https:\/\/justynalorenc.com\/#\/schema\/person\/5f1d38de0ec51979d4c19fbe946b7c99\"},\"potentialAction\":[{\"@type\":\"SearchAction\",\"target\":{\"@type\":\"EntryPoint\",\"urlTemplate\":\"https:\/\/justynalorenc.com\/?s={search_term_string}\"},\"query-input\":\"required name=search_term_string\"}],\"inLanguage\":\"en-GB\"},{\"@type\":[\"Person\",\"Organization\"],\"@id\":\"https:\/\/justynalorenc.com\/#\/schema\/person\/5f1d38de0ec51979d4c19fbe946b7c99\",\"name\":\"Justyna\",\"image\":{\"@type\":\"ImageObject\",\"inLanguage\":\"en-GB\",\"@id\":\"https:\/\/justynalorenc.com\/#\/schema\/person\/image\/\",\"url\":\"https:\/\/secure.gravatar.com\/avatar\/841e9b2ea8d5610552749bad1d090415?s=96&d=mm&r=g\",\"contentUrl\":\"https:\/\/secure.gravatar.com\/avatar\/841e9b2ea8d5610552749bad1d090415?s=96&d=mm&r=g\",\"caption\":\"Justyna\"},\"logo\":{\"@id\":\"https:\/\/justynalorenc.com\/#\/schema\/person\/image\/\"},\"sameAs\":[\"https:\/\/www.facebook.com\/justynalorenccom\/\",\"https:\/\/www.instagram.com\/justyna_lorenc\/?hl=pl\"]}]}<\/script>\n<!-- \/ Yoast SEO plugin. -->","yoast_head_json":{"title":"10 najlepszych piekarni w Krakowie! &#8211; Justyna Lorenc","description":"Poznaj m\u00f3j ranking najlepszych piekarni i dowiedz si\u0119, gdzie kupi\u0107 \u015bwie\u017cy chrupi\u0105cy chleb, cha\u0142ki, dro\u017cd\u017c\u00f3wki i wega\u0144skie s\u0142odko\u015bci.","robots":{"index":"index","follow":"follow","max-snippet":"max-snippet:-1","max-image-preview":"max-image-preview:large","max-video-preview":"max-video-preview:-1"},"canonical":"https:\/\/justynalorenc.com\/en\/10-najlepszych-piekarni-w-krakowie\/","og_locale":"en_GB","og_type":"article","og_title":"10 najlepszych piekarni w Krakowie! &#8211; Justyna Lorenc","og_description":"Poznaj m\u00f3j ranking najlepszych piekarni i dowiedz si\u0119, gdzie kupi\u0107 \u015bwie\u017cy chrupi\u0105cy chleb, cha\u0142ki, dro\u017cd\u017c\u00f3wki i wega\u0144skie s\u0142odko\u015bci.","og_url":"https:\/\/justynalorenc.com\/en\/10-najlepszych-piekarni-w-krakowie\/","og_site_name":"Justyna Lorenc","article_publisher":"https:\/\/www.facebook.com\/justynalorenccom\/","article_author":"https:\/\/www.facebook.com\/justynalorenccom\/","article_published_time":"2021-01-18T09:05:00+00:00","article_modified_time":"2023-11-07T08:58:32+00:00","og_image":[{"width":1200,"height":797,"url":"https:\/\/justynalorenc.com\/wp-content\/uploads\/2021\/01\/MG_3310-2.jpg","type":"image\/jpeg"}],"author":"Justyna","twitter_card":"summary_large_image","twitter_misc":{"Written by":"Justyna","Estimated reading time":"8 minutes"},"schema":{"@context":"https:\/\/schema.org","@graph":[{"@type":"Article","@id":"https:\/\/justynalorenc.com\/10-najlepszych-piekarni-w-krakowie\/#article","isPartOf":{"@id":"https:\/\/justynalorenc.com\/10-najlepszych-piekarni-w-krakowie\/"},"author":{"name":"Justyna","@id":"https:\/\/justynalorenc.com\/#\/schema\/person\/5f1d38de0ec51979d4c19fbe946b7c99"},"headline":"10 najlepszych piekarni w Krakowie!","datePublished":"2021-01-18T09:05:00+00:00","dateModified":"2023-11-07T08:58:32+00:00","mainEntityOfPage":{"@id":"https:\/\/justynalorenc.com\/10-najlepszych-piekarni-w-krakowie\/"},"wordCount":1017,"commentCount":0,"publisher":{"@id":"https:\/\/justynalorenc.com\/#\/schema\/person\/5f1d38de0ec51979d4c19fbe946b7c99"},"keywords":["inspiracje","jedzenie","krak\u00f3w","kulinarne podr\u00f3\u017ce","piekarnie","polska","weekend"],"articleSection":["FOODIE","PODR\u00d3\u017bE"],"inLanguage":"en-GB","potentialAction":[{"@type":"CommentAction","name":"Comment","target":["https:\/\/justynalorenc.com\/10-najlepszych-piekarni-w-krakowie\/#respond"]}]},{"@type":"WebPage","@id":"https:\/\/justynalorenc.com\/10-najlepszych-piekarni-w-krakowie\/","url":"https:\/\/justynalorenc.com\/10-najlepszych-piekarni-w-krakowie\/","name":"10 najlepszych piekarni w Krakowie! &#8211; Justyna Lorenc","isPartOf":{"@id":"https:\/\/justynalorenc.com\/#website"},"datePublished":"2021-01-18T09:05:00+00:00","dateModified":"2023-11-07T08:58:32+00:00","description":"Poznaj m\u00f3j ranking najlepszych piekarni i dowiedz si\u0119, gdzie kupi\u0107 \u015bwie\u017cy chrupi\u0105cy chleb, cha\u0142ki, dro\u017cd\u017c\u00f3wki i wega\u0144skie s\u0142odko\u015bci.","breadcrumb":{"@id":"https:\/\/justynalorenc.com\/10-najlepszych-piekarni-w-krakowie\/#breadcrumb"},"inLanguage":"en-GB","potentialAction":[{"@type":"ReadAction","target":["https:\/\/justynalorenc.com\/10-najlepszych-piekarni-w-krakowie\/"]}]},{"@type":"BreadcrumbList","@id":"https:\/\/justynalorenc.com\/10-najlepszych-piekarni-w-krakowie\/#breadcrumb","itemListElement":[{"@type":"ListItem","position":1,"name":"Strona g\u0142\u00f3wna","item":"https:\/\/justynalorenc.com\/"},{"@type":"ListItem","position":2,"name":"10 najlepszych piekarni w Krakowie!"}]},{"@type":"WebSite","@id":"https:\/\/justynalorenc.com\/#website","url":"https:\/\/justynalorenc.com\/","name":"Justyna Lorenc","description":"BLOG - podr\u00f3\u017ce | fotografia | porady | inspiracje | klimatyczne miejsca","publisher":{"@id":"https:\/\/justynalorenc.com\/#\/schema\/person\/5f1d38de0ec51979d4c19fbe946b7c99"},"potentialAction":[{"@type":"SearchAction","target":{"@type":"EntryPoint","urlTemplate":"https:\/\/justynalorenc.com\/?s={search_term_string}"},"query-input":"required name=search_term_string"}],"inLanguage":"en-GB"},{"@type":["Person","Organization"],"@id":"https:\/\/justynalorenc.com\/#\/schema\/person\/5f1d38de0ec51979d4c19fbe946b7c99","name":"Justyna","image":{"@type":"ImageObject","inLanguage":"en-GB","@id":"https:\/\/justynalorenc.com\/#\/schema\/person\/image\/","url":"https:\/\/secure.gravatar.com\/avatar\/841e9b2ea8d5610552749bad1d090415?s=96&d=mm&r=g","contentUrl":"https:\/\/secure.gravatar.com\/avatar\/841e9b2ea8d5610552749bad1d090415?s=96&d=mm&r=g","caption":"Justyna"},"logo":{"@id":"https:\/\/justynalorenc.com\/#\/schema\/person\/image\/"},"sameAs":["https:\/\/www.facebook.com\/justynalorenccom\/","https:\/\/www.instagram.com\/justyna_lorenc\/?hl=pl"]}]}},"_links":{"self":[{"href":"https:\/\/justynalorenc.com\/en\/wp-json\/wp\/v2\/posts\/6328"}],"collection":[{"href":"https:\/\/justynalorenc.com\/en\/wp-json\/wp\/v2\/posts"}],"about":[{"href":"https:\/\/justynalorenc.com\/en\/wp-json\/wp\/v2\/types\/post"}],"author":[{"embeddable":true,"href":"https:\/\/justynalorenc.com\/en\/wp-json\/wp\/v2\/users\/1"}],"replies":[{"embeddable":true,"href":"https:\/\/justynalorenc.com\/en\/wp-json\/wp\/v2\/comments?post=6328"}],"version-history":[{"count":24,"href":"https:\/\/justynalorenc.com\/en\/wp-json\/wp\/v2\/posts\/6328\/revisions"}],"predecessor-version":[{"id":11587,"href":"https:\/\/justynalorenc.com\/en\/wp-json\/wp\/v2\/posts\/6328\/revisions\/11587"}],"wp:featuredmedia":[{"embeddable":true,"href":"https:\/\/justynalorenc.com\/en\/wp-json\/wp\/v2\/media\/6878"}],"wp:attachment":[{"href":"https:\/\/justynalorenc.com\/en\/wp-json\/wp\/v2\/media?parent=6328"}],"wp:term":[{"taxonomy":"category","embeddable":true,"href":"https:\/\/justynalorenc.com\/en\/wp-json\/wp\/v2\/categories?post=6328"},{"taxonomy":"post_tag","embeddable":true,"href":"https:\/\/justynalorenc.com\/en\/wp-json\/wp\/v2\/tags?post=6328"}],"curies":[{"name":"wp","href":"https:\/\/api.w.org\/{rel}","templated":true}]}}