{"id":6323,"date":"2021-01-05T10:03:00","date_gmt":"2021-01-05T09:03:00","guid":{"rendered":"https:\/\/justynalorenc.com\/?p=6323"},"modified":"2023-06-22T19:55:24","modified_gmt":"2023-06-22T17:55:24","slug":"gdzie-pojechac-w-2021","status":"publish","type":"post","link":"https:\/\/justynalorenc.com\/en\/gdzie-pojechac-w-2021\/","title":{"rendered":"Where To Travel In 2021? 11 Inspirations And Ideas"},"content":{"rendered":"<h2 class=\"wp-block-heading\">Dok\u0105d w podr\u00f3\u017c w 2021?<\/h2>\n\n\n\n<p>W ostatni dzie\u0144 starego roku podzieli\u0142am si\u0119 z wami ma\u0142ym fotograficznym <a href=\"https:\/\/justynalorenc.com\/en\/podroznicze-podsumowanie-roku-i-plany-na-2021\/\" target=\"_blank\" rel=\"noreferrer noopener\">wspomnieniem podr\u00f3\u017cniczym<\/a>. W tym samym duchu noworocznym dzisiaj mam dla was ma\u0142\u0105, ale inspiruj\u0105c\u0105 list\u0119 z pomys\u0142ami na wyjazdy w nadchodz\u0105cym roku. Lista jest kr\u00f3tka, ale mam nadziej\u0119, \u017ce znajdziecie tu jaki\u015b pomys\u0142 i dopiszecie nowe miejsce do swojej <a href=\"https:\/\/justynalorenc.com\/en\/moja-lista-podrozniczych-marzen\/\" target=\"_blank\" rel=\"noreferrer noopener\">listy marze\u0144 podr\u00f3\u017cniczych<\/a>!<\/p>\n\n\n\n<p>Je\u015bli \u015bwiat otworzy dla nas granice, a szczepionki u\u0142atwi\u0105 ich przekraczanie, b\u0119d\u0105 to nie tylko inspiracje na dalek\u0105 przysz\u0142o\u015b\u0107, ale te\u017c na ten rok \u2013 tego i sobie i wam \u017cycz\u0119 na nadchodz\u0105ce miesi\u0105ce!<\/p>\n\n\n\n<h2 class=\"wp-block-heading\"><span style=\"color:#ff6900\" class=\"tadv-color\">Brazylia<\/span><\/h2>\n\n\n\n<p><strong>gdzie:<\/strong> Rio de Janeiro, Salvador, d\u017cungla amazo\u0144ska, Sao Paulo <\/p>\n\n\n\n<p><strong>dlaczego warto<\/strong>: dla beztroskiej zabawy na pi\u0119knych pla\u017cach i wszechobnecnej <em>joie de vivre<\/em>, dla ogromnego kubka caipirinhi ze \u015bwie\u017c\u0105 marakuj\u0105 za 5 z\u0142, dla soczystych, ale i nieznanych owoc\u00f3w, dla street-artu, duchowo\u015bci i bossa novy! Jest milion powod\u00f3w, by odwiedzi\u0107 Cidade Maravilhosa, a najwa\u017cniejszy: by odkry\u0107 sekret brazylijskiego szcz\u0119\u015bliwego \u017cycia i rado\u015bci.<\/p>\n\n\n\n<p><strong>kiedy jecha\u0107:<\/strong> od grudnia do marca<\/p>\n\n\n\n<div class=\"wp-block-image\"><figure class=\"aligncenter size-large is-resized\"><img fetchpriority=\"high\" decoding=\"async\" src=\"https:\/\/justynalorenc.com\/wp-content\/uploads\/2021\/01\/IMG_2670-768x1024.jpg\" alt=\"\" class=\"wp-image-6507\" width=\"429\" height=\"600\"\/><\/figure><\/div>\n\n\n\n<p>Na blogu znajdziecie przewodniki po <a href=\"https:\/\/justynalorenc.com\/en\/najfajniejsze-miejsca-w-rio-de-janeiro-praktyczny-przewodnik\/\" target=\"_blank\" rel=\"noreferrer noopener\">Rio de Janeiro<\/a>, <a href=\"https:\/\/justynalorenc.com\/en\/kolonialna-perla-brazylii-6-powodow-dla-ktorych-warto-odwiedzic-salvador\/\" target=\"_blank\" rel=\"noreferrer noopener\">Salvadorze<\/a> i <a href=\"https:\/\/justynalorenc.com\/en\/odpoczynek-od-asfaltu-czyli-ilha-grande\/\" target=\"_blank\" rel=\"noreferrer noopener\">Ilha Grande<\/a>.<\/p>\n\n\n\n<h2 class=\"wp-block-heading\"><span style=\"color:#ff6900\" class=\"tadv-color\">Kolumbia<\/span><\/h2>\n\n\n\n<p><strong>gdzie:<\/strong> karaibskie wybrze\u017ce, Park Tayrona, Cartagena, Islas del Rosario, Santa Marta, Medellin, Andy, dolinie Valle de Cocora, d\u017aungla amazo\u0144ska, Bogota, Villa de Leyva<\/p>\n\n\n\n<p><strong>dlaczego warto<\/strong>: dla \u017cywej historii w Medellin, dla niezwyk\u0142ej kuchni, pe\u0142nej ryb i soczystych owoc\u00f3w, \u0142\u0105cz\u0105cej tradycje kulinarne india\u0144skie, hiszpa\u0144skie i afryka\u0144skie, dla muzyki i \u017cycia nocnego, dla lazurowych zatok i kolonialnej architektury ma\u0142ych miasteczek, i w ko\u0144cu: dla selwy i zielonych park\u00f3w narodowych!<\/p>\n\n\n\n<p><strong>kiedy jecha\u0107:<\/strong> jak najszybciej! <\/p>\n\n\n\n<div class=\"wp-block-image\"><figure class=\"aligncenter size-large is-resized\"><img decoding=\"async\" src=\"https:\/\/justynalorenc.com\/wp-content\/uploads\/2021\/01\/IMG_7223-676x1024.jpg\" alt=\"\" class=\"wp-image-6506\" width=\"429\" height=\"600\"\/><\/figure><\/div>\n\n\n\n<p>Po najpi\u0119kniejsze miejsca w Kolumbii zapraszam <a href=\"https:\/\/justynalorenc.com\/en\/5-pieknych-powodow-by-odwiedzic-kolumbie\/\" target=\"_blank\" rel=\"noreferrer noopener\">TUTAJ<\/a>, a po wpis o Medellin <a href=\"https:\/\/justynalorenc.com\/en\/co-robic-w-medellin-i-dlaczego-narkoturystyka-jest-zla\/\" target=\"_blank\" rel=\"noreferrer noopener\">TUTAJ<\/a><\/p>\n\n\n\n<h2 class=\"wp-block-heading\"><span style=\"color:#ff6900\" class=\"tadv-color\">Sycylia<\/span><\/h2>\n\n\n\n<p><strong>gdzie:<\/strong> Katania, Palermo, Taormina, Syrakuzy, Ragusa, Marzamemi, Noto<\/p>\n\n\n\n<p><strong>dlaczego warto<\/strong>: dla upalnej aury beztroskiego lata; dla targu rybnego w Katanii; dla cannollo z pistacjami i espresso w klimatycznej kawiarni, barokowego przepychu starych ko\u015bcio\u0142\u00f3w; dla ha\u0142a\u015bliwego Palermo; dla greckiego antyku w Syrakuzach, dla kolorowej Ragusy na wzg\u00f3rzu i portowego Marzamemi, i w ko\u0144cu dla per\u0142y sycylijskiego baroku: Noto.<\/p>\n\n\n\n<p><strong>kiedy jecha\u0107:<\/strong> od maja do pa\u017adziernika<\/p>\n\n\n\n<div class=\"wp-block-image\"><figure class=\"aligncenter size-large\"><img decoding=\"async\" width=\"1024\" height=\"683\" src=\"https:\/\/justynalorenc.com\/wp-content\/uploads\/2021\/01\/IMG_9651-1024x683.jpg\" alt=\"\" class=\"wp-image-6505\" srcset=\"https:\/\/justynalorenc.com\/wp-content\/uploads\/2021\/01\/IMG_9651-1024x683.jpg 1024w, https:\/\/justynalorenc.com\/wp-content\/uploads\/2021\/01\/IMG_9651-300x200.jpg 300w, https:\/\/justynalorenc.com\/wp-content\/uploads\/2021\/01\/IMG_9651-768x512.jpg 768w, https:\/\/justynalorenc.com\/wp-content\/uploads\/2021\/01\/IMG_9651-1080x720.jpg 1080w, https:\/\/justynalorenc.com\/wp-content\/uploads\/2021\/01\/IMG_9651.jpg 1200w\" sizes=\"(max-width: 1024px) 100vw, 1024px\" \/><\/figure><\/div>\n\n\n\n<p>Tydzie\u0144 na Sycylii &#8211; m\u00f3j przewodnik znajdziecie <a href=\"https:\/\/justynalorenc.com\/en\/tydzien-na-sycylii-przewodnik-kulturalno-kulinarny\/\" target=\"_blank\" rel=\"noreferrer noopener\">TUTAJ<\/a>.<\/p>\n\n\n\n<h2 class=\"wp-block-heading\"><span style=\"color:#ff6900\" class=\"tadv-color\">Meksyk<\/span><\/h2>\n\n\n\n<p><strong>gdzie:<\/strong> Mexico City, Jukatan, Cancun, Tulum, Oaxaca, Isla Mujeres i Holbox<\/p>\n\n\n\n<p><strong>dlaczego warto<\/strong>: dla k\u0105pieli w przepi\u0119knych cenotach, dla staro\u017cytnych cywlizacji i maja\u0144skich ruin, dla przepysznej kuchni i dla tacos\u00f3w, kt\u00f3re zapami\u0119tacie do ko\u0144ca \u017cycia; warto dla odwiedzenia domu Fridy Kahlo, czyli s\u0142ynnego Casa Azul w Mexico City; warto w ko\u0144cu dla do\u015bwiadczenia niezwyk\u0142ych tradycji, jak D\u00eda&nbsp;de&nbsp;los Muertos i muzyka Mariachi, oraz architektury i niezwyk\u0142ych hoteli.<\/p>\n\n\n\n<p><strong>kiedy jecha\u0107:<\/strong>  przez ca\u0142y rok \u2013 jak najszybciej!<\/p>\n\n\n\n<div class=\"wp-block-image\"><figure class=\"aligncenter size-large\"><img loading=\"lazy\" decoding=\"async\" width=\"1024\" height=\"665\" src=\"https:\/\/justynalorenc.com\/wp-content\/uploads\/2021\/01\/IMG_7962-OK-kopia-1024x665.jpg\" alt=\"\" class=\"wp-image-6508\" srcset=\"https:\/\/justynalorenc.com\/wp-content\/uploads\/2021\/01\/IMG_7962-OK-kopia-1024x665.jpg 1024w, https:\/\/justynalorenc.com\/wp-content\/uploads\/2021\/01\/IMG_7962-OK-kopia-300x195.jpg 300w, https:\/\/justynalorenc.com\/wp-content\/uploads\/2021\/01\/IMG_7962-OK-kopia-768x499.jpg 768w, https:\/\/justynalorenc.com\/wp-content\/uploads\/2021\/01\/IMG_7962-OK-kopia-1080x701.jpg 1080w, https:\/\/justynalorenc.com\/wp-content\/uploads\/2021\/01\/IMG_7962-OK-kopia.jpg 1200w\" sizes=\"(max-width: 1024px) 100vw, 1024px\" \/><\/figure><\/div>\n\n\n\n<h2 class=\"wp-block-heading\"><span style=\"color:#ff6900\" class=\"tadv-color\">Strasbourg<\/span><\/h2>\n\n\n\n<p><strong>gdzie:<\/strong> ca\u0142e historyczne centrum miasteczka!<\/p>\n\n\n\n<p><strong>dlaczego warto<\/strong>:  dla energicznego, t\u0119tni\u0105cego \u017cyciem studenckiego miasta z niezwyk\u0142a alzack\u0105 kuchni\u0105, dla skondensowanej francuskiej kultury i poczt\u00f3wkowych kamienic. Warto, by us\u0142ysze\u0107 dzwony wybrzmiewaj\u0105ce w starych murach koscio\u0142\u00f3w oraz echa kultury francuskiej i niemieckiej; a tak\u017ce dla kontrastu: z jednej strony to zabytkowe, pe\u0142ne duch\u00f3w przesz\u0142o\u015bci miasto, z drugiej m\u0142odzie\u017cowe, nowoczesne i studenckie. Warto przyjecha\u0107 nawet po to tylko, by zje\u015b\u0107 flamme popijaj\u0105c francuskim&#8230; piwem! Tak &#8211; Alzacja to ojczyzna wielu ma\u0142ych, rzemie\u015blniczych browar\u00f3w. Ale pa\u0142ace, muzea i kuchnia na bok: najlepszym powodem jest najpi\u0119kniejszy europejski targ \u015bwi\u0105teczny! <\/p>\n\n\n\n<p><strong>kiedy jecha\u0107:<\/strong> wiosna, lato lub market \u015bwi\u0105teczny w grudniu<\/p>\n\n\n\n<figure class=\"wp-block-image size-large\"><img loading=\"lazy\" decoding=\"async\" width=\"1024\" height=\"683\" src=\"https:\/\/justynalorenc.com\/wp-content\/uploads\/2021\/01\/IMG_2233-1024x683.jpg\" alt=\"\" class=\"wp-image-6509\" srcset=\"https:\/\/justynalorenc.com\/wp-content\/uploads\/2021\/01\/IMG_2233-1024x683.jpg 1024w, https:\/\/justynalorenc.com\/wp-content\/uploads\/2021\/01\/IMG_2233-300x200.jpg 300w, https:\/\/justynalorenc.com\/wp-content\/uploads\/2021\/01\/IMG_2233-768x512.jpg 768w, https:\/\/justynalorenc.com\/wp-content\/uploads\/2021\/01\/IMG_2233-1080x720.jpg 1080w, https:\/\/justynalorenc.com\/wp-content\/uploads\/2021\/01\/IMG_2233.jpg 1200w\" sizes=\"(max-width: 1024px) 100vw, 1024px\" \/><\/figure>\n\n\n\n<p>Przewodnik po Strasbourgu znajdziecie <a href=\"https:\/\/justynalorenc.com\/en\/co-robic-w-strasbourgu-krotki-przewodnik\/\" target=\"_blank\" rel=\"noreferrer noopener\">TUTAJ<\/a>.<\/p>\n\n\n\n<h2 class=\"wp-block-heading\"><span style=\"color:#ff6900\" class=\"tadv-color\">Grecja<\/span><\/h2>\n\n\n\n<p><strong>gdzie:<\/strong> Ateny, Zakynthos, Korfu, Santorini, Mykonos, Syros, mniejsze wysepki do wyboru do koloru<\/p>\n\n\n\n<p><strong>dlaczego warto<\/strong>: dla male\u0144kich tawern serwuj\u0105cych greckie sa\u0142atki i pity po kilka euro, dla lazurowej wody i rozsianych po niej \u0142\u00f3dek, dla w\u0119drowania po klifach, dla bia\u0142ych b\u0142yszcz\u0105cych ko\u015bcio\u0142\u00f3w; dla r\u00f3\u017cnorodno\u015bci,&nbsp;zieleni Korfu, historii Aten, i zatok Zakynthos. Warto dla kolorowych wiosek, kt\u00f3re otulaj\u0105 zielone zbocza g\u00f3r wpadaj\u0105ce prosto do lazurowej wody; w ko\u0144cu dla pla\u017c, przepi\u0119knych widok\u00f3w i zielonych zagajnik\u00f3w i dla oryginalno\u015bci wysp. <\/p>\n\n\n\n<p><strong>kiedy jecha\u0107:<\/strong> kwiecie\u0144 &#8211; pa\u017adziernik<\/p>\n\n\n\n<div class=\"wp-block-image\"><figure class=\"aligncenter size-large is-resized\"><img loading=\"lazy\" decoding=\"async\" src=\"https:\/\/justynalorenc.com\/wp-content\/uploads\/2021\/01\/klasztor-683x1024.jpg\" alt=\"\" class=\"wp-image-6511\" width=\"429\" height=\"600\"\/><\/figure><\/div>\n\n\n\n<p>Po najpi\u0119kniejsze miejsca na Korfu zapraszam <a href=\"https:\/\/justynalorenc.com\/en\/mini-przewodnik-po-korfu-najpiekniejsze-plaze-i-miasteczka\/\" target=\"_blank\" rel=\"noreferrer noopener\">TUTAJ<\/a>.&nbsp;<\/p>\n\n\n\n<h2 class=\"wp-block-heading\"><span style=\"color:#ff6900\" class=\"tadv-color\">Polska<\/span><\/h2>\n\n\n\n<p><strong>gdzie:<\/strong> <a href=\"https:\/\/justynalorenc.com\/en\/najpiekniejsze-miejsca-na-dolnym-slasku-co-zobaczyc\/\" target=\"_blank\" rel=\"noreferrer noopener\">Dolny \u015al\u0105sk<\/a>, <a href=\"https:\/\/justynalorenc.com\/en\/krakow-subiektywny-przewodnik\/\" target=\"_blank\" rel=\"noreferrer noopener\">Cracow<\/a>, Podlasie, <a href=\"https:\/\/justynalorenc.com\/en\/bieszczady-poradnik-dla-mieszczuchow\/\" target=\"_blank\" rel=\"noreferrer noopener\">Bieszczady<\/a>, Mazury, Ba\u0142tyk i wiele innych<\/p>\n\n\n\n<p><strong>dlaczego warto<\/strong>: dla blisko\u015bci i odkrywania pi\u0119knej egzotyki kilka godzin jazdy samochodem od domu, dla smak\u00f3w i tradycji Podlasia, przyrody Bieszczad, dla nostalgicznych, pe\u0142nych s\u0142onecznych wspomnie\u0144 wypad\u00f3w nad Ba\u0142tyk, dla urok\u00f3w miejskich wakacji w Krakowie lub Wroc\u0142awiu, dla krainy wielkich jezior i beskidzkich szlak\u00f3w, dla architektury i klimatu ma\u0142ych miasteczek; dla klimatycznych nocleg\u00f3w i \u015bwietnych restauracji; dla odkrywania, zak\u0105tek po zak\u0105tku, co kryje w sobie pi\u0119kna Polska<\/p>\n\n\n\n<p><strong>kiedy jecha\u0107:<\/strong>  ca\u0142y rok &#8211; zim\u0105 w g\u00f3ry, latem na Mazury (albo odwrotnie!)<\/p>\n\n\n\n<figure class=\"wp-block-image size-large\"><img loading=\"lazy\" decoding=\"async\" width=\"1024\" height=\"682\" src=\"https:\/\/justynalorenc.com\/wp-content\/uploads\/2021\/01\/twierdza-srebrna-gora-1024x682.jpg\" alt=\"\" class=\"wp-image-6512\" srcset=\"https:\/\/justynalorenc.com\/wp-content\/uploads\/2021\/01\/twierdza-srebrna-gora-1024x682.jpg 1024w, https:\/\/justynalorenc.com\/wp-content\/uploads\/2021\/01\/twierdza-srebrna-gora-300x200.jpg 300w, https:\/\/justynalorenc.com\/wp-content\/uploads\/2021\/01\/twierdza-srebrna-gora-768x511.jpg 768w, https:\/\/justynalorenc.com\/wp-content\/uploads\/2021\/01\/twierdza-srebrna-gora-1080x719.jpg 1080w, https:\/\/justynalorenc.com\/wp-content\/uploads\/2021\/01\/twierdza-srebrna-gora.jpg 1200w\" sizes=\"(max-width: 1024px) 100vw, 1024px\" \/><figcaption>Twierdza Srebrna G\u00f3ra<\/figcaption><\/figure>\n\n\n\n<h2 class=\"wp-block-heading\"><span style=\"color:#ff6900\" class=\"tadv-color\">Kuba<\/span><\/h2>\n\n\n\n<p><strong>gdzie:<\/strong> Havana, Varadero, Santa Clara, Cienfuegos, Trinidad<\/p>\n\n\n\n<p><strong>dlaczego warto<\/strong>: dla sentymentalnego klimatu poprzedniej epoki wzmocnionego najlepszym rumem. Czas p\u0142ynie tutaj troszk\u0119 wolniej, cola jest z Meksyku, a z r\u00f3\u017cowych i b\u0142\u0119kitnych kamienic dobiega muzyka na \u017cywo; uliczki dr\u017c\u0105 od silnik\u00f3w starych kolorowych cabriolet\u00f3w; warto dla miasta niczym z retro poczt\u00f3wki: ca\u0142a Havana to przepi\u0119kny staro\u0107, fajans, ktory chocia\u017c stary, jest wci\u0105\u017c wart ogromnie du\u017co; warto te\u017c dla muzyki i Buena Vista Social Club, rajskich pla\u017c i mniejszych, kolorowych miasteczek.<\/p>\n\n\n\n<p><strong>kiedy jecha\u0107:<\/strong> na pla\u017cowanie: od marca do maja; na zwiedzanie: kwiecie\u0144-maj lub pa\u017adziernik; unika\u0107: sierpie\u0144-wrzesie\u0144 (huragany!) <\/p>\n\n\n\n<figure class=\"wp-block-image size-large\"><img loading=\"lazy\" decoding=\"async\" width=\"1024\" height=\"585\" src=\"https:\/\/justynalorenc.com\/wp-content\/uploads\/2021\/01\/kuba-1024x585.jpg\" alt=\"\" class=\"wp-image-6510\" srcset=\"https:\/\/justynalorenc.com\/wp-content\/uploads\/2021\/01\/kuba-1024x585.jpg 1024w, https:\/\/justynalorenc.com\/wp-content\/uploads\/2021\/01\/kuba-300x172.jpg 300w, https:\/\/justynalorenc.com\/wp-content\/uploads\/2021\/01\/kuba-768x439.jpg 768w, https:\/\/justynalorenc.com\/wp-content\/uploads\/2021\/01\/kuba-1080x617.jpg 1080w, https:\/\/justynalorenc.com\/wp-content\/uploads\/2021\/01\/kuba.jpg 1200w\" sizes=\"(max-width: 1024px) 100vw, 1024px\" \/><\/figure>\n\n\n\n<h2 class=\"wp-block-heading\"><span style=\"color:#ff6900\" class=\"tadv-color\">Peru<\/span><\/h2>\n\n\n\n<p><strong>gdzie:<\/strong> Aguas Calientes i Machu Picchu, Arequipa, Cuzco, Jezioro Titicaca<\/p>\n\n\n\n<p><strong>dlaczego warto<\/strong>: dla docenianej na ca\u0142ym \u015bwiecie kuchni (warto nawet dla samego ceviche i owocowego soku na ma\u0142ym peruwia\u0144skim targu); warto dla niespotykanej nigdzie indziej przyrody i wszechobecnych \u015blad\u00f3w Ink\u00f3w, wci\u0105\u017c rezonuj\u0105cych we wsp\u00f3\u0142czesnym \u015bwiecie; warto dla w\u0105skich uliczek Cuzco, duchowo\u015bci i kultu Pachamamy i innych inkaskich b\u00f3stw funkcjonuj\u0105cych obok katolickich ko\u015bcio\u0142\u00f3w; dla monumentalnego rozmachu Machu Picchu, na kt\u00f3rym czuje si\u0119 oddech natury i historii na swojej twarzy; w ko\u0144cu dla puchatych alpak na ulicach. Powody mo\u017cna zawrze\u0107 w 3 s\u0142owach: NATURA, CYWILIZACJA INKASKA I KUCHNIA!<\/p>\n\n\n\n<p><strong>kiedy jecha\u0107:<\/strong> Andy i Machu: pora sucha czyli czerwiec-wrzesie\u0144; Amazonia: pora sucha, czyli czerwiec-pa\u017adziernik; wybrze\u017ce: stycze\u0144-marzec <\/p>\n\n\n\n<div class=\"wp-block-image\"><figure class=\"aligncenter size-large is-resized\"><img loading=\"lazy\" decoding=\"async\" src=\"https:\/\/justynalorenc.com\/wp-content\/uploads\/2021\/01\/IMG_6900-683x1024.jpg\" alt=\"\" class=\"wp-image-6513\" width=\"429\" height=\"600\"\/><\/figure><\/div>\n\n\n\n<p>Zapraszam do <a href=\"https:\/\/justynalorenc.com\/en\/13-dan-ktorych-musisz-sprobowac-w-peru\/\" target=\"_blank\" rel=\"noreferrer noopener\">wpisu o potrawach<\/a>, kt\u00f3rych trzeba spr\u00f3bowa\u0107 w Peru, do <a href=\"https:\/\/justynalorenc.com\/en\/arequipa-co-robic-w-najladniejszym-miescie-peru\/\" target=\"_blank\" rel=\"noreferrer noopener\">wirtualnej wycieczki<\/a> po naj\u0142adniejszym mie\u015bcie w Peru i wspomnienia o wypadzie nad <a href=\"https:\/\/justynalorenc.com\/en\/jezioro-titicaca-czy-warto-odwiedzic-turystyczna-perle-boliwii-i-peru\/\" target=\"_blank\" rel=\"noreferrer noopener\">Jezioro Titicaca<\/a>.<\/p>\n\n\n\n<h2 class=\"wp-block-heading\"><span style=\"color:#ff6900\" class=\"tadv-color\">Buenos Aires<\/span><\/h2>\n\n\n\n<p><strong>gdzie:<\/strong> wszystkie dzielnice!<\/p>\n\n\n\n<p><strong>dlaczego warto<\/strong>: dla nostalgii targ\u00f3w ze starociami i mur\u00f3w opanowanych ca\u0142kowicie przez sztuk\u0119 uliczn\u0105, dla najpi\u0119kniejszej ksi\u0119garni na \u015bwiecie: El Ateneo, dla wina i ulicznego tanga, dla pi\u0142ki no\u017cnej, niezwyk\u0142ej architektury (r\u00f3\u017cowy pa\u0142ac prezydencki!), dla bar\u00f3w w duchu artystycznej cyganerii, do kt\u00f3rych chodzi\u0142 Gombrowicz, dla stek\u00f3w i empanad, w ko\u0144cu dla muzeum Evy Peron, vintage sklep\u00f3w z antykami w San Telmo i designerskich butik\u00f3w w dzielnicy Palermo<\/p>\n\n\n\n<p><strong>kiedy jecha\u0107:<\/strong> od listopada do kwietnia<\/p>\n\n\n\n<div class=\"wp-block-image\"><figure class=\"aligncenter size-large is-resized\"><img loading=\"lazy\" decoding=\"async\" src=\"https:\/\/justynalorenc.com\/wp-content\/uploads\/2021\/01\/MG_3948-1024x683.jpg\" alt=\"\" class=\"wp-image-6557\" width=\"726\" height=\"484\" srcset=\"https:\/\/justynalorenc.com\/wp-content\/uploads\/2021\/01\/MG_3948-1024x683.jpg 1024w, https:\/\/justynalorenc.com\/wp-content\/uploads\/2021\/01\/MG_3948-300x200.jpg 300w, https:\/\/justynalorenc.com\/wp-content\/uploads\/2021\/01\/MG_3948-768x512.jpg 768w, https:\/\/justynalorenc.com\/wp-content\/uploads\/2021\/01\/MG_3948-1080x720.jpg 1080w, https:\/\/justynalorenc.com\/wp-content\/uploads\/2021\/01\/MG_3948.jpg 1200w\" sizes=\"(max-width: 726px) 100vw, 726px\" \/><\/figure><\/div>\n\n\n\n<h2 class=\"wp-block-heading\"><span style=\"color:#ff6900\" class=\"tadv-color\">Berlin<\/span><\/h2>\n\n\n\n<p><strong>gdzie:<\/strong> wszystkie dzielnice <\/p>\n\n\n\n<p><strong>dlaczego warto<\/strong>: dla vibe&#8217;u najbardziej oryginalnego miasta \u015bwiata; dla magii miejsca, kt\u00f3re zawiera w sobie wszystkie kraje \u015bwiata w ludziach, lokalach, targach i imprezach; warto dla historii, kosmopolityzmu uzupe\u0142nionego punkowym duchem; warto dla eleganckich kamienic i imprezowych park\u00f3w; dla parku z garkuchni\u0105 tajsk\u0105 i w ko\u0144cu dla obietnicy najwi\u0119kszego wyboru.<\/p>\n\n\n\n<p><strong>kiedy jecha\u0107:<\/strong> przez ca\u0142y rok!<\/p>\n\n\n\n<div class=\"wp-block-image\"><figure class=\"aligncenter size-large is-resized\"><img loading=\"lazy\" decoding=\"async\" src=\"https:\/\/justynalorenc.com\/wp-content\/uploads\/2021\/01\/MG_7663-683x1024.jpg\" alt=\"\" class=\"wp-image-6514\" width=\"429\" height=\"600\"\/><\/figure><\/div>\n\n\n\n<p>Przewodnik po Berlinie na weekend znajdziecie <a href=\"https:\/\/justynalorenc.com\/en\/berlin-na-weekend-osobisty-przewodnik\/\" target=\"_blank\" rel=\"noreferrer noopener\">TUTAJ<\/a>, a kulinarny <a href=\"https:\/\/justynalorenc.com\/en\/gdzie-jesc-w-berlinie-kulinarny-przewodnik\/\" target=\"_blank\" rel=\"noreferrer noopener\">TUTAJ<\/a>.<\/p>\n\n\n\n<h2 class=\"wp-block-heading\">Inspiracje podr\u00f3\u017cnicze<\/h2>\n\n\n\n<p>Po wi\u0119cej inspiracji i pomys\u0142\u00f3w na wyjazdy zapraszam was na bloga \u2013 w <a href=\"https:\/\/justynalorenc.com\/en\/gdzie-szukac-inspiracji-podrozniczych\/\" target=\"_blank\" rel=\"noreferrer noopener\">tym wpisie<\/a> dowiecie si\u0119, gdzie szuka\u0107 natchnienia do planowania podr\u00f3\u017cy! <\/p>\n\n\n\n<p>\u017bycz\u0119 wam, by w tym nowym roku granice nie stanowi\u0142y problemu, a \u015bwiat sta\u0142 przed nami otworem!<\/p>\n\n\n\n<div class=\"wp-block-image\"><figure class=\"aligncenter size-large is-resized\"><img loading=\"lazy\" decoding=\"async\" src=\"https:\/\/justynalorenc.com\/wp-content\/uploads\/2021\/01\/MG_3237-672x1024.jpeg\" alt=\"\" class=\"wp-image-6525\" width=\"336\" height=\"512\" srcset=\"https:\/\/justynalorenc.com\/wp-content\/uploads\/2021\/01\/MG_3237-672x1024.jpeg 672w, https:\/\/justynalorenc.com\/wp-content\/uploads\/2021\/01\/MG_3237-197x300.jpeg 197w, https:\/\/justynalorenc.com\/wp-content\/uploads\/2021\/01\/MG_3237-768x1170.jpeg 768w, https:\/\/justynalorenc.com\/wp-content\/uploads\/2021\/01\/MG_3237.jpeg 788w\" sizes=\"(max-width: 336px) 100vw, 336px\" \/><\/figure><\/div>","protected":false},"excerpt":{"rendered":"<p>Dok\u0105d w podr\u00f3\u017c w 2021? W ostatni dzie\u0144 starego roku podzieli\u0142am si\u0119 z wami ma\u0142ym fotograficznym wspomnieniem podr\u00f3\u017cniczym. W tym samym duchu noworocznym dzisiaj mam dla was ma\u0142\u0105, ale inspiruj\u0105c\u0105 list\u0119 z pomys\u0142ami na wyjazdy w nadchodz\u0105cym roku. Lista jest kr\u00f3tka, ale mam nadziej\u0119, \u017ce znajdziecie tu jaki\u015b pomys\u0142 i dopiszecie nowe miejsce do swojej [&hellip;]<\/p>","protected":false},"author":1,"featured_media":6324,"comment_status":"open","ping_status":"open","sticky":false,"template":"","format":"standard","meta":{"_monsterinsights_skip_tracking":false,"_monsterinsights_sitenote_active":false,"_monsterinsights_sitenote_note":"","_monsterinsights_sitenote_category":0,"footnotes":""},"categories":[1,48],"tags":[89,104,90,14,116,103],"yoast_head":"<!-- This site is optimized with the Yoast SEO plugin v22.0 - https:\/\/yoast.com\/wordpress\/plugins\/seo\/ -->\n<title>Dok\u0105d na urlop w 2021? 11 inspiruj\u0105cych pomys\u0142\u00f3w na podr\u00f3\u017ce<\/title>\n<meta name=\"description\" content=\"Zapraszam po 11 niezwyk\u0142ych inspiracji podr\u00f3\u017cniczych - je\u015bli zastanawiacie si\u0119, dok\u0105d wybra\u0107 si\u0119 na wakacje w 2021, ten wpis jest dla was!\" \/>\n<meta name=\"robots\" content=\"index, follow, max-snippet:-1, max-image-preview:large, max-video-preview:-1\" \/>\n<link rel=\"canonical\" href=\"https:\/\/justynalorenc.com\/en\/gdzie-pojechac-w-2021\/\" \/>\n<meta property=\"og:locale\" content=\"en_GB\" \/>\n<meta property=\"og:type\" content=\"article\" \/>\n<meta property=\"og:title\" content=\"Dok\u0105d na urlop w 2021? 11 inspiruj\u0105cych pomys\u0142\u00f3w na podr\u00f3\u017ce\" \/>\n<meta property=\"og:description\" content=\"Zapraszam po 11 niezwyk\u0142ych inspiracji podr\u00f3\u017cniczych - je\u015bli zastanawiacie si\u0119, dok\u0105d wybra\u0107 si\u0119 na wakacje w 2021, ten wpis jest dla was!\" \/>\n<meta property=\"og:url\" content=\"https:\/\/justynalorenc.com\/en\/gdzie-pojechac-w-2021\/\" \/>\n<meta property=\"og:site_name\" content=\"Justyna Lorenc\" \/>\n<meta property=\"article:publisher\" content=\"https:\/\/www.facebook.com\/justynalorenccom\/\" \/>\n<meta property=\"article:author\" content=\"https:\/\/www.facebook.com\/justynalorenccom\/\" \/>\n<meta property=\"article:published_time\" content=\"2021-01-05T09:03:00+00:00\" \/>\n<meta property=\"article:modified_time\" content=\"2023-06-22T17:55:24+00:00\" \/>\n<meta property=\"og:image\" content=\"https:\/\/justynalorenc.com\/wp-content\/uploads\/2020\/12\/IMG_7961-kopia.jpg\" \/>\n\t<meta property=\"og:image:width\" content=\"1200\" \/>\n\t<meta property=\"og:image:height\" content=\"800\" \/>\n\t<meta property=\"og:image:type\" content=\"image\/jpeg\" \/>\n<meta name=\"author\" content=\"Justyna\" \/>\n<meta name=\"twitter:card\" content=\"summary_large_image\" \/>\n<meta name=\"twitter:label1\" content=\"Written by\" \/>\n\t<meta name=\"twitter:data1\" content=\"Justyna\" \/>\n\t<meta name=\"twitter:label2\" content=\"Estimated reading time\" \/>\n\t<meta name=\"twitter:data2\" content=\"7 minutes\" \/>\n<script type=\"application\/ld+json\" class=\"yoast-schema-graph\">{\"@context\":\"https:\/\/schema.org\",\"@graph\":[{\"@type\":\"Article\",\"@id\":\"https:\/\/justynalorenc.com\/gdzie-pojechac-w-2021\/#article\",\"isPartOf\":{\"@id\":\"https:\/\/justynalorenc.com\/gdzie-pojechac-w-2021\/\"},\"author\":{\"name\":\"Justyna\",\"@id\":\"https:\/\/justynalorenc.com\/#\/schema\/person\/5f1d38de0ec51979d4c19fbe946b7c99\"},\"headline\":\"Dok\u0105d na urlop w 2021? 11 inspiruj\u0105cych pomys\u0142\u00f3w na podr\u00f3\u017ce\",\"datePublished\":\"2021-01-05T09:03:00+00:00\",\"dateModified\":\"2023-06-22T17:55:24+00:00\",\"mainEntityOfPage\":{\"@id\":\"https:\/\/justynalorenc.com\/gdzie-pojechac-w-2021\/\"},\"wordCount\":1325,\"commentCount\":0,\"publisher\":{\"@id\":\"https:\/\/justynalorenc.com\/#\/schema\/person\/5f1d38de0ec51979d4c19fbe946b7c99\"},\"keywords\":[\"inspiracje\",\"pla\u017ca\",\"pla\u017ce\",\"podr\u00f3\u017ce\",\"urlop\",\"wakacje\"],\"articleSection\":[\"PODR\u00d3\u017bE\",\"PORADNIKI\"],\"inLanguage\":\"en-GB\",\"potentialAction\":[{\"@type\":\"CommentAction\",\"name\":\"Comment\",\"target\":[\"https:\/\/justynalorenc.com\/gdzie-pojechac-w-2021\/#respond\"]}]},{\"@type\":\"WebPage\",\"@id\":\"https:\/\/justynalorenc.com\/gdzie-pojechac-w-2021\/\",\"url\":\"https:\/\/justynalorenc.com\/gdzie-pojechac-w-2021\/\",\"name\":\"Dok\u0105d na urlop w 2021? 11 inspiruj\u0105cych pomys\u0142\u00f3w na podr\u00f3\u017ce\",\"isPartOf\":{\"@id\":\"https:\/\/justynalorenc.com\/#website\"},\"datePublished\":\"2021-01-05T09:03:00+00:00\",\"dateModified\":\"2023-06-22T17:55:24+00:00\",\"description\":\"Zapraszam po 11 niezwyk\u0142ych inspiracji podr\u00f3\u017cniczych - je\u015bli zastanawiacie si\u0119, dok\u0105d wybra\u0107 si\u0119 na wakacje w 2021, ten wpis jest dla was!\",\"breadcrumb\":{\"@id\":\"https:\/\/justynalorenc.com\/gdzie-pojechac-w-2021\/#breadcrumb\"},\"inLanguage\":\"en-GB\",\"potentialAction\":[{\"@type\":\"ReadAction\",\"target\":[\"https:\/\/justynalorenc.com\/gdzie-pojechac-w-2021\/\"]}]},{\"@type\":\"BreadcrumbList\",\"@id\":\"https:\/\/justynalorenc.com\/gdzie-pojechac-w-2021\/#breadcrumb\",\"itemListElement\":[{\"@type\":\"ListItem\",\"position\":1,\"name\":\"Strona g\u0142\u00f3wna\",\"item\":\"https:\/\/justynalorenc.com\/\"},{\"@type\":\"ListItem\",\"position\":2,\"name\":\"Dok\u0105d na urlop w 2021? 11 inspiruj\u0105cych pomys\u0142\u00f3w na podr\u00f3\u017ce\"}]},{\"@type\":\"WebSite\",\"@id\":\"https:\/\/justynalorenc.com\/#website\",\"url\":\"https:\/\/justynalorenc.com\/\",\"name\":\"Justyna Lorenc\",\"description\":\"BLOG - podr\u00f3\u017ce | fotografia | porady | inspiracje | klimatyczne miejsca\",\"publisher\":{\"@id\":\"https:\/\/justynalorenc.com\/#\/schema\/person\/5f1d38de0ec51979d4c19fbe946b7c99\"},\"potentialAction\":[{\"@type\":\"SearchAction\",\"target\":{\"@type\":\"EntryPoint\",\"urlTemplate\":\"https:\/\/justynalorenc.com\/?s={search_term_string}\"},\"query-input\":\"required name=search_term_string\"}],\"inLanguage\":\"en-GB\"},{\"@type\":[\"Person\",\"Organization\"],\"@id\":\"https:\/\/justynalorenc.com\/#\/schema\/person\/5f1d38de0ec51979d4c19fbe946b7c99\",\"name\":\"Justyna\",\"image\":{\"@type\":\"ImageObject\",\"inLanguage\":\"en-GB\",\"@id\":\"https:\/\/justynalorenc.com\/#\/schema\/person\/image\/\",\"url\":\"https:\/\/secure.gravatar.com\/avatar\/841e9b2ea8d5610552749bad1d090415?s=96&d=mm&r=g\",\"contentUrl\":\"https:\/\/secure.gravatar.com\/avatar\/841e9b2ea8d5610552749bad1d090415?s=96&d=mm&r=g\",\"caption\":\"Justyna\"},\"logo\":{\"@id\":\"https:\/\/justynalorenc.com\/#\/schema\/person\/image\/\"},\"sameAs\":[\"https:\/\/www.facebook.com\/justynalorenccom\/\",\"https:\/\/www.instagram.com\/justyna_lorenc\/?hl=pl\"]}]}<\/script>\n<!-- \/ Yoast SEO plugin. -->","yoast_head_json":{"title":"Dok\u0105d na urlop w 2021? 11 inspiruj\u0105cych pomys\u0142\u00f3w na podr\u00f3\u017ce","description":"Zapraszam po 11 niezwyk\u0142ych inspiracji podr\u00f3\u017cniczych - je\u015bli zastanawiacie si\u0119, dok\u0105d wybra\u0107 si\u0119 na wakacje w 2021, ten wpis jest dla was!","robots":{"index":"index","follow":"follow","max-snippet":"max-snippet:-1","max-image-preview":"max-image-preview:large","max-video-preview":"max-video-preview:-1"},"canonical":"https:\/\/justynalorenc.com\/en\/gdzie-pojechac-w-2021\/","og_locale":"en_GB","og_type":"article","og_title":"Dok\u0105d na urlop w 2021? 11 inspiruj\u0105cych pomys\u0142\u00f3w na podr\u00f3\u017ce","og_description":"Zapraszam po 11 niezwyk\u0142ych inspiracji podr\u00f3\u017cniczych - je\u015bli zastanawiacie si\u0119, dok\u0105d wybra\u0107 si\u0119 na wakacje w 2021, ten wpis jest dla was!","og_url":"https:\/\/justynalorenc.com\/en\/gdzie-pojechac-w-2021\/","og_site_name":"Justyna Lorenc","article_publisher":"https:\/\/www.facebook.com\/justynalorenccom\/","article_author":"https:\/\/www.facebook.com\/justynalorenccom\/","article_published_time":"2021-01-05T09:03:00+00:00","article_modified_time":"2023-06-22T17:55:24+00:00","og_image":[{"width":1200,"height":800,"url":"https:\/\/justynalorenc.com\/wp-content\/uploads\/2020\/12\/IMG_7961-kopia.jpg","type":"image\/jpeg"}],"author":"Justyna","twitter_card":"summary_large_image","twitter_misc":{"Written by":"Justyna","Estimated reading time":"7 minutes"},"schema":{"@context":"https:\/\/schema.org","@graph":[{"@type":"Article","@id":"https:\/\/justynalorenc.com\/gdzie-pojechac-w-2021\/#article","isPartOf":{"@id":"https:\/\/justynalorenc.com\/gdzie-pojechac-w-2021\/"},"author":{"name":"Justyna","@id":"https:\/\/justynalorenc.com\/#\/schema\/person\/5f1d38de0ec51979d4c19fbe946b7c99"},"headline":"Dok\u0105d na urlop w 2021? 11 inspiruj\u0105cych pomys\u0142\u00f3w na podr\u00f3\u017ce","datePublished":"2021-01-05T09:03:00+00:00","dateModified":"2023-06-22T17:55:24+00:00","mainEntityOfPage":{"@id":"https:\/\/justynalorenc.com\/gdzie-pojechac-w-2021\/"},"wordCount":1325,"commentCount":0,"publisher":{"@id":"https:\/\/justynalorenc.com\/#\/schema\/person\/5f1d38de0ec51979d4c19fbe946b7c99"},"keywords":["inspiracje","pla\u017ca","pla\u017ce","podr\u00f3\u017ce","urlop","wakacje"],"articleSection":["PODR\u00d3\u017bE","PORADNIKI"],"inLanguage":"en-GB","potentialAction":[{"@type":"CommentAction","name":"Comment","target":["https:\/\/justynalorenc.com\/gdzie-pojechac-w-2021\/#respond"]}]},{"@type":"WebPage","@id":"https:\/\/justynalorenc.com\/gdzie-pojechac-w-2021\/","url":"https:\/\/justynalorenc.com\/gdzie-pojechac-w-2021\/","name":"Dok\u0105d na urlop w 2021? 11 inspiruj\u0105cych pomys\u0142\u00f3w na podr\u00f3\u017ce","isPartOf":{"@id":"https:\/\/justynalorenc.com\/#website"},"datePublished":"2021-01-05T09:03:00+00:00","dateModified":"2023-06-22T17:55:24+00:00","description":"Zapraszam po 11 niezwyk\u0142ych inspiracji podr\u00f3\u017cniczych - je\u015bli zastanawiacie si\u0119, dok\u0105d wybra\u0107 si\u0119 na wakacje w 2021, ten wpis jest dla was!","breadcrumb":{"@id":"https:\/\/justynalorenc.com\/gdzie-pojechac-w-2021\/#breadcrumb"},"inLanguage":"en-GB","potentialAction":[{"@type":"ReadAction","target":["https:\/\/justynalorenc.com\/gdzie-pojechac-w-2021\/"]}]},{"@type":"BreadcrumbList","@id":"https:\/\/justynalorenc.com\/gdzie-pojechac-w-2021\/#breadcrumb","itemListElement":[{"@type":"ListItem","position":1,"name":"Strona g\u0142\u00f3wna","item":"https:\/\/justynalorenc.com\/"},{"@type":"ListItem","position":2,"name":"Dok\u0105d na urlop w 2021? 11 inspiruj\u0105cych pomys\u0142\u00f3w na podr\u00f3\u017ce"}]},{"@type":"WebSite","@id":"https:\/\/justynalorenc.com\/#website","url":"https:\/\/justynalorenc.com\/","name":"Justyna Lorenc","description":"BLOG - podr\u00f3\u017ce | fotografia | porady | inspiracje | klimatyczne miejsca","publisher":{"@id":"https:\/\/justynalorenc.com\/#\/schema\/person\/5f1d38de0ec51979d4c19fbe946b7c99"},"potentialAction":[{"@type":"SearchAction","target":{"@type":"EntryPoint","urlTemplate":"https:\/\/justynalorenc.com\/?s={search_term_string}"},"query-input":"required name=search_term_string"}],"inLanguage":"en-GB"},{"@type":["Person","Organization"],"@id":"https:\/\/justynalorenc.com\/#\/schema\/person\/5f1d38de0ec51979d4c19fbe946b7c99","name":"Justyna","image":{"@type":"ImageObject","inLanguage":"en-GB","@id":"https:\/\/justynalorenc.com\/#\/schema\/person\/image\/","url":"https:\/\/secure.gravatar.com\/avatar\/841e9b2ea8d5610552749bad1d090415?s=96&d=mm&r=g","contentUrl":"https:\/\/secure.gravatar.com\/avatar\/841e9b2ea8d5610552749bad1d090415?s=96&d=mm&r=g","caption":"Justyna"},"logo":{"@id":"https:\/\/justynalorenc.com\/#\/schema\/person\/image\/"},"sameAs":["https:\/\/www.facebook.com\/justynalorenccom\/","https:\/\/www.instagram.com\/justyna_lorenc\/?hl=pl"]}]}},"_links":{"self":[{"href":"https:\/\/justynalorenc.com\/en\/wp-json\/wp\/v2\/posts\/6323"}],"collection":[{"href":"https:\/\/justynalorenc.com\/en\/wp-json\/wp\/v2\/posts"}],"about":[{"href":"https:\/\/justynalorenc.com\/en\/wp-json\/wp\/v2\/types\/post"}],"author":[{"embeddable":true,"href":"https:\/\/justynalorenc.com\/en\/wp-json\/wp\/v2\/users\/1"}],"replies":[{"embeddable":true,"href":"https:\/\/justynalorenc.com\/en\/wp-json\/wp\/v2\/comments?post=6323"}],"version-history":[{"count":33,"href":"https:\/\/justynalorenc.com\/en\/wp-json\/wp\/v2\/posts\/6323\/revisions"}],"predecessor-version":[{"id":6564,"href":"https:\/\/justynalorenc.com\/en\/wp-json\/wp\/v2\/posts\/6323\/revisions\/6564"}],"wp:featuredmedia":[{"embeddable":true,"href":"https:\/\/justynalorenc.com\/en\/wp-json\/wp\/v2\/media\/6324"}],"wp:attachment":[{"href":"https:\/\/justynalorenc.com\/en\/wp-json\/wp\/v2\/media?parent=6323"}],"wp:term":[{"taxonomy":"category","embeddable":true,"href":"https:\/\/justynalorenc.com\/en\/wp-json\/wp\/v2\/categories?post=6323"},{"taxonomy":"post_tag","embeddable":true,"href":"https:\/\/justynalorenc.com\/en\/wp-json\/wp\/v2\/tags?post=6323"}],"curies":[{"name":"wp","href":"https:\/\/api.w.org\/{rel}","templated":true}]}}