{"id":6321,"date":"2021-01-09T13:00:00","date_gmt":"2021-01-09T12:00:00","guid":{"rendered":"https:\/\/justynalorenc.com\/?p=6321"},"modified":"2023-06-22T19:54:25","modified_gmt":"2023-06-22T17:54:25","slug":"moje-odkrycia-serialowe-2020-roku","status":"publish","type":"post","link":"https:\/\/justynalorenc.com\/en\/moje-odkrycia-serialowe-2020-roku\/","title":{"rendered":"My Best TV Series of 2020"},"content":{"rendered":"<h2 class=\"wp-block-heading\">Serialowy rok<\/h2>\n\n\n\n<p>Ostatnio by\u0142o troch\u0119 tre\u015bci ksi\u0105\u017ckowych, wi\u0119c dla r\u00f3wnowagi dzisiaj zapraszam was do krainy seriali. W tym wpisie dziel\u0119 si\u0119 list\u0105 ostatnich&nbsp;odkry\u0107, kt\u00f3re mnie wci\u0105gn\u0119\u0142y i zapewni\u0142y niema\u0142\u0105 rozrywk\u0119 podczas tego dziwnego roku, gdy niekt\u00f3re miesi\u0105ce by\u0142y w stanie uratowa\u0107 tylko ekran, ko\u0142dra i <a href=\"https:\/\/justynalorenc.com\/en\/cykl-kulinarne-podroze-polska-domowy-chleb-na-zakwasie\/\" target=\"_blank\" rel=\"noreferrer noopener\">dobry chleb<\/a>.<\/p>\n\n\n\n<p>To nie b\u0119d\u0105 tylko seriale powsta\u0142e w 2020 roku, ale moje ulubione zesz\u0142oroczne odkrycia, tak\u017ce te starsze. Mam nadziej\u0119, \u017ce znajdziecie tu inspiracje na nadchodz\u0105ce przedwiosenne d\u0142ugie i zimne wieczory!<\/p>\n\n\n\n<h3 class=\"wp-block-heading\">Moje ulubione seriale obejrzane w 2020: <\/h3>\n\n\n\n<div style=\"height:34px\" aria-hidden=\"true\" class=\"wp-block-spacer\"><\/div>\n\n\n\n<h2 class=\"wp-block-heading\">1. Wielkie k\u0142amstewka<\/h2>\n\n\n\n<div class=\"wp-block-columns is-layout-flex wp-container-3 wp-block-columns-is-layout-flex\">\n<div class=\"wp-block-column is-layout-flow wp-block-column-is-layout-flow\" style=\"flex-basis:33.33%\">\n<figure class=\"wp-block-image size-large\"><img fetchpriority=\"high\" decoding=\"async\" width=\"500\" height=\"714\" src=\"https:\/\/justynalorenc.com\/wp-content\/uploads\/2021\/01\/wielkie-klamstewka.jpg\" alt=\"\" class=\"wp-image-6612\" srcset=\"https:\/\/justynalorenc.com\/wp-content\/uploads\/2021\/01\/wielkie-klamstewka.jpg 500w, https:\/\/justynalorenc.com\/wp-content\/uploads\/2021\/01\/wielkie-klamstewka-210x300.jpg 210w\" sizes=\"(max-width: 500px) 100vw, 500px\" \/><\/figure>\n<\/div>\n\n\n\n<div class=\"wp-block-column is-layout-flow wp-block-column-is-layout-flow\" style=\"flex-basis:66.66%\">\n<p><strong>Tytu\u0142<\/strong>: Big Little Lies<\/p>\n\n\n\n<p><strong>O czym<\/strong>: idealne matki prowadz\u0105ce idealne \u017cycia w idealnych domach musz\u0105 zmierzy\u0107 si\u0119 ze zbrodni\u0105 i problemami, kt\u00f3re pojawiaj\u0105 si\u0119 za fasadami doskona\u0142ych dom\u00f3w i zielonych trawnik\u00f3w; kameralny i duszny klimat plus silne postaci kobiet, a do tego skrywane tajemnice, morderstwo i poprawno\u015b\u0107 polityczna: przez ca\u0142y serial czujemy napi\u0119cie! <\/p>\n\n\n\n<p><strong>Dla kogo<\/strong>: dla mi\u0142o\u015bnik\u00f3w klimatu ameryka\u0144skich miasteczek i kalifornijskich widok\u00f3w.<\/p>\n\n\n\n<p><\/p>\n\n\n\n<p><strong>Gdzie ogl\u0105da\u0107<\/strong>: na <a href=\"https:\/\/hbogo.pl\/seriale\/wielkie-klamstewka\/sezon-1\" target=\"_blank\" rel=\"noreferrer noopener\">HBO GO<\/a><\/p>\n<\/div>\n<\/div>\n\n\n\n<h2 class=\"wp-block-heading\">2. Ma\u0142e ogniska<\/h2>\n\n\n\n<div class=\"wp-block-columns is-layout-flex wp-container-6 wp-block-columns-is-layout-flex\">\n<div class=\"wp-block-column is-layout-flow wp-block-column-is-layout-flow\" style=\"flex-basis:33.33%\">\n<figure class=\"wp-block-image size-large\"><img decoding=\"async\" width=\"500\" height=\"694\" src=\"https:\/\/justynalorenc.com\/wp-content\/uploads\/2021\/01\/little-fires.jpg\" alt=\"\" class=\"wp-image-6618\" srcset=\"https:\/\/justynalorenc.com\/wp-content\/uploads\/2021\/01\/little-fires.jpg 500w, https:\/\/justynalorenc.com\/wp-content\/uploads\/2021\/01\/little-fires-216x300.jpg 216w\" sizes=\"(max-width: 500px) 100vw, 500px\" \/><\/figure>\n<\/div>\n\n\n\n<div class=\"wp-block-column is-layout-flow wp-block-column-is-layout-flow\" style=\"flex-basis:66.66%\">\n<p><strong>Tytu\u0142<\/strong>: Little Fires Everywhere<\/p>\n\n\n\n<p><strong>O czym<\/strong>: tu te\u017c dostajemy mocne postaci kobiet z bogatej klasy \u015bredniej z ameryka\u0144skich przedmie\u015b\u0107. Wraz z przyjazdem do miasteczka artystki z c\u00f3rk\u0105, \u017cycie idealnej rodziny Reese Whiterspoon wywraca si\u0119 do g\u00f3ry nogami. Napi\u0119cia i tajemnice s\u0105 serwowane na tle motyw\u00f3w poprawno\u015bci politycznej i rasizmu. To tak\u017ce opowie\u015b\u0107 o sztuce, macierzy\u0144stwie, rodzinie i Ameryce. <\/p>\n\n\n\n<p><strong>Dla kogo<\/strong>: dla mi\u0142o\u015bnik\u00f3w klimatu ameryka\u0144skich przedmie\u015b\u0107, intryg i odkrywania tego, co pod powierzchni\u0105.<\/p>\n\n\n\n<p><strong>Gdzie ogl\u0105da\u0107<\/strong>: na <a href=\"https:\/\/www.primevideo.com\/detail\/0G58VI4E18W1LIWZ1O8RPB4CSA\/ref=atv_nb_lcl_pl_PL?_encoding=UTF8&amp;ref=atv_dp_series&amp;seriesASIN=amzn1.dv.gti.b0b88caf-5e42-ace8-1beb-81471053bc28\" target=\"_blank\" rel=\"noreferrer noopener\">Amazonie<\/a><\/p>\n<\/div>\n<\/div>\n\n\n\n<h2 class=\"wp-block-heading\">3. Ju\u017c nie \u017cyjesz<\/h2>\n\n\n\n<div class=\"wp-block-columns is-layout-flex wp-container-9 wp-block-columns-is-layout-flex\">\n<div class=\"wp-block-column is-layout-flow wp-block-column-is-layout-flow\" style=\"flex-basis:33.33%\">\n<figure class=\"wp-block-image size-large\"><img decoding=\"async\" width=\"500\" height=\"740\" src=\"https:\/\/justynalorenc.com\/wp-content\/uploads\/2021\/01\/dead-to-me.jpg\" alt=\"\" class=\"wp-image-6619\" srcset=\"https:\/\/justynalorenc.com\/wp-content\/uploads\/2021\/01\/dead-to-me.jpg 500w, https:\/\/justynalorenc.com\/wp-content\/uploads\/2021\/01\/dead-to-me-203x300.jpg 203w\" sizes=\"(max-width: 500px) 100vw, 500px\" \/><\/figure>\n<\/div>\n\n\n\n<div class=\"wp-block-column is-layout-flow wp-block-column-is-layout-flow\" style=\"flex-basis:66.66%\">\n<p><strong>Tytu\u0142<\/strong>: Dead To Me<\/p>\n\n\n\n<p><strong>O czym<\/strong>: op\u0142akuj\u0105ca tragiczn\u0105 \u015bmier\u0107 m\u0119\u017ca Jen zaprzyja\u017ania si\u0119 ze zwariowan\u0105 Judy. Nie wie jednak, \u017ce Judy skrywa mroczn\u0105 tajemnic\u0119. Momentami przezabawny, a czasami niepokoj\u0105cy, jednak charakterystyczne bohaterki, zgry\u017aliwa i sarkastyczna Jen i niezdarna dziwaczka Judy, uwik\u0142ane w morderstwo, s\u0105 gwarancj\u0105 udanego seansu. <\/p>\n\n\n\n<p><strong>Dla kogo<\/strong>: dla mi\u0142o\u015bnik\u00f3w dobrych zwrot\u00f3w akcji z poczuciem humoru, Christiny Applegate i Lindy Cardellini.<\/p>\n\n\n\n<p><strong>Gdzie ogl\u0105da\u0107<\/strong>: na <a href=\"https:\/\/www.netflix.com\/title\/80219707\" target=\"_blank\" rel=\"noreferrer noopener\">Netflixie<\/a><\/p>\n<\/div>\n<\/div>\n\n\n\n<h2 class=\"wp-block-heading\">4. Obsesja Eve<\/h2>\n\n\n\n<div class=\"wp-block-columns is-layout-flex wp-container-12 wp-block-columns-is-layout-flex\">\n<div class=\"wp-block-column is-layout-flow wp-block-column-is-layout-flow\" style=\"flex-basis:33.33%\">\n<figure class=\"wp-block-image size-large\"><img loading=\"lazy\" decoding=\"async\" width=\"499\" height=\"607\" src=\"https:\/\/justynalorenc.com\/wp-content\/uploads\/2021\/01\/obsesja-eve.jpg\" alt=\"\" class=\"wp-image-6620\" srcset=\"https:\/\/justynalorenc.com\/wp-content\/uploads\/2021\/01\/obsesja-eve.jpg 499w, https:\/\/justynalorenc.com\/wp-content\/uploads\/2021\/01\/obsesja-eve-247x300.jpg 247w\" sizes=\"(max-width: 499px) 100vw, 499px\" \/><\/figure>\n<\/div>\n\n\n\n<div class=\"wp-block-column is-layout-flow wp-block-column-is-layout-flow\" style=\"flex-basis:66.66%\">\n<p><strong>Tytu\u0142<\/strong>: Killing Eve<\/p>\n\n\n\n<p><strong>O czym<\/strong>: Troch\u0119 komediodramat, troch\u0119 thriller, a troch\u0119 czarny humor. Eve Polastri pracuje dla brytyjskiego wywiadu i ma schwyta\u0107 Vilanelle &#8211; psychopatyczn\u0105 seryjn\u0105 morderczyni\u0119, jednak po\u015bcigi i pr\u00f3by schwytania ko\u0144cz\u0105 si\u0119 ich wzajemn\u0105 obsesj\u0105 na swoim punkcie. Fascynuj\u0105c\u0105 relacj\u0119 dope\u0142nia \u015bwietne aktorstwo i przepi\u0119kne stroje Vilanelle! Poch\u0142on\u0119\u0142abym od razu sezon w ca\u0142o\u015bci, gdyby nie to, \u017ce hbo ka\u017ce dawkowa\u0107 odcinki! &nbsp;<\/p>\n\n\n\n<p><strong>Dla kogo<\/strong>: dla mi\u0142o\u015bnik\u00f3w czarnej komedii, temat\u00f3w szpiegowskich, mody i dobrego humoru.<\/p>\n\n\n\n<p><strong>Gdzie ogl\u0105da\u0107<\/strong>: na <a href=\"https:\/\/hbogo.pl\/seriale\/obsesja-eve\/sezon-1\" target=\"_blank\" rel=\"noreferrer noopener\">HBO GO<\/a><\/p>\n<\/div>\n<\/div>\n\n\n\n<h2 class=\"wp-block-heading\">5. Telefonistki<\/h2>\n\n\n\n<div class=\"wp-block-columns is-layout-flex wp-container-15 wp-block-columns-is-layout-flex\">\n<div class=\"wp-block-column is-layout-flow wp-block-column-is-layout-flow\" style=\"flex-basis:33.33%\">\n<figure class=\"wp-block-image size-large\"><img loading=\"lazy\" decoding=\"async\" width=\"500\" height=\"743\" src=\"https:\/\/justynalorenc.com\/wp-content\/uploads\/2021\/01\/chicas-del-cable.jpg\" alt=\"\" class=\"wp-image-6621\" srcset=\"https:\/\/justynalorenc.com\/wp-content\/uploads\/2021\/01\/chicas-del-cable.jpg 500w, https:\/\/justynalorenc.com\/wp-content\/uploads\/2021\/01\/chicas-del-cable-202x300.jpg 202w\" sizes=\"(max-width: 500px) 100vw, 500px\" \/><\/figure>\n<\/div>\n\n\n\n<div class=\"wp-block-column is-layout-flow wp-block-column-is-layout-flow\" style=\"flex-basis:66.66%\">\n<p><strong>Tytu\u0142<\/strong>: Las chicas del cable<\/p>\n\n\n\n<p><strong>O czym<\/strong>: o zmagania 4 m\u0142odych kobiet, kt\u00f3re w latach 20. w Madrycie dostaj\u0105 szans\u0119 uzyskania niezale\u017cno\u015bci, dzi\u0119ki pracy w centrali telefonicznej. Brniemy z przyjaci\u00f3\u0142kami przez kilka w\u0105tk\u00f3w, m.in. obserwuj\u0105c ich pierwsze mi\u0142o\u015bci, intrygi, trudy codzienno\u015bci, przemoc domow\u0105 i nie\u015bmia\u0142e narodziny feminizmu. Ogl\u0105dam dopiero drugi sezon, ale ju\u017c jestem zakochana!<\/p>\n\n\n\n<p><strong>Dla kogo<\/strong>: dla kochaj\u0105cych j\u0119zyk hiszpa\u0144ski, klimat madrytu lat 20. i zwroty akcji, do kt\u00f3rych przyzwyczai\u0142y nas telenowele.<\/p>\n\n\n\n<p><strong>Gdzie ogl\u0105da\u0107<\/strong>: na <a href=\"https:\/\/www.netflix.com\/title\/80100929\" target=\"_blank\" rel=\"noreferrer noopener\">Netflixie<\/a><\/p>\n<\/div>\n<\/div>\n\n\n\n<h2 class=\"wp-block-heading\">6. Jane the Virgin<\/h2>\n\n\n\n<div class=\"wp-block-columns is-layout-flex wp-container-18 wp-block-columns-is-layout-flex\">\n<div class=\"wp-block-column is-layout-flow wp-block-column-is-layout-flow\" style=\"flex-basis:33.33%\">\n<figure class=\"wp-block-image size-large\"><img loading=\"lazy\" decoding=\"async\" width=\"682\" height=\"1024\" src=\"https:\/\/justynalorenc.com\/wp-content\/uploads\/2021\/01\/jane-the-virgin-682x1024.jpg\" alt=\"\" class=\"wp-image-6623\" srcset=\"https:\/\/justynalorenc.com\/wp-content\/uploads\/2021\/01\/jane-the-virgin-682x1024.jpg 682w, https:\/\/justynalorenc.com\/wp-content\/uploads\/2021\/01\/jane-the-virgin-200x300.jpg 200w, https:\/\/justynalorenc.com\/wp-content\/uploads\/2021\/01\/jane-the-virgin-768x1153.jpg 768w, https:\/\/justynalorenc.com\/wp-content\/uploads\/2021\/01\/jane-the-virgin.jpg 799w\" sizes=\"(max-width: 682px) 100vw, 682px\" \/><\/figure>\n<\/div>\n\n\n\n<div class=\"wp-block-column is-layout-flow wp-block-column-is-layout-flow\" style=\"flex-basis:66.66%\">\n<p><strong>Tytu\u0142<\/strong>: Jane the Virgin<\/p>\n\n\n\n<p><strong>O czym<\/strong>: Jane jest dziewic\u0105 i zachodzi w ci\u0105\u017ce w wyniku b\u0142\u0119du lekarskiego, kt\u00f3ry zamiast cytologii wykonuje zabieg sztucznego zap\u0142odnienia. Ta adaptacja wenezuelskiej telenoweli jest te\u017c po\u015brednim nawi\u0105zaniem do samej konwencji i estetyki telenowelowej: g\u0142\u00f3wne bohaterki pochodz\u0105 z Wenezueli i nami\u0119tnie ogl\u0105daj\u0105 latynoskie seriale, a Rogelio, jeden z bohater\u00f3w, jest gwiazd\u0105 telenowel. Narrator parodiuje t\u0119 konwencj\u0119, jednak nie z\u0142o\u015bliwie, tylko puszczaj\u0105c oko do widza i z przymru\u017ceniem oka komentuj\u0105c poczynania bohater\u00f3w. Znajdziemy tu te\u017c klasyczne motywy telenowelowe takie jak postacie wracaj\u0105ce z martwych i evil twin!<\/p>\n\n\n\n<p><strong>Dla kogo<\/strong>: dla mi\u0142o\u015bnik\u00f3w telenowel, dobrej zabawy i ogl\u0105dania dla czystej przyjemno\u015bci.<\/p>\n\n\n\n<p><strong>Gdzie ogl\u0105da\u0107<\/strong>: na <a href=\"https:\/\/www.netflix.com\/title\/80027158\" target=\"_blank\" rel=\"noreferrer noopener\">Netflixie<\/a><\/p>\n<\/div>\n<\/div>\n\n\n\n<h2 class=\"wp-block-heading\">7. Narcos<\/h2>\n\n\n\n<div class=\"wp-block-columns is-layout-flex wp-container-21 wp-block-columns-is-layout-flex\">\n<div class=\"wp-block-column is-layout-flow wp-block-column-is-layout-flow\" style=\"flex-basis:33.33%\">\n<figure class=\"wp-block-image size-large\"><img loading=\"lazy\" decoding=\"async\" width=\"500\" height=\"740\" src=\"https:\/\/justynalorenc.com\/wp-content\/uploads\/2021\/01\/narcos.jpg\" alt=\"\" class=\"wp-image-6624\" srcset=\"https:\/\/justynalorenc.com\/wp-content\/uploads\/2021\/01\/narcos.jpg 500w, https:\/\/justynalorenc.com\/wp-content\/uploads\/2021\/01\/narcos-203x300.jpg 203w\" sizes=\"(max-width: 500px) 100vw, 500px\" \/><\/figure>\n<\/div>\n\n\n\n<div class=\"wp-block-column is-layout-flow wp-block-column-is-layout-flow\" style=\"flex-basis:66.66%\">\n<p><strong>Tytu\u0142<\/strong>: Narcos<\/p>\n\n\n\n<p><strong>O czym<\/strong>: serialu opartego na historii \u017cycia i zbrodni Escobara i kartelu z Medellin nie trzeba nikomu przedstawia\u0107. Serial o polowaniu na cz\u0142owieka, kt\u00f3ry drwi\u0142 sobie z prawa, a jednocze\u015bnie sta\u0142 si\u0119 bohaterem ubogich. Warto dla akcji, aktorstwa, dopracowaej muzyki i kawa\u0142ka dobrze zilustrowanej historii.<\/p>\n\n\n\n<p><strong>Dla kogo<\/strong>: dla mi\u0142o\u015bnik\u00f3w akcji, klimatu Kolumbii ko\u0144ca lat 80. i szalonych, niebezpiecznych przyg\u00f3d, kt\u00f3re wydarzy\u0142y si\u0119 naprawd\u0119.<\/p>\n\n\n\n<p><strong>Gdzie ogl\u0105da\u0107<\/strong>: wszystkie 3 sezony na <a href=\"https:\/\/www.netflix.com\/title\/80025172\" target=\"_blank\" rel=\"noreferrer noopener\">Netflixie<\/a><\/p>\n<\/div>\n<\/div>\n\n\n\n<h2 class=\"wp-block-heading\">8. Dom z papieru<\/h2>\n\n\n\n<div class=\"wp-block-columns is-layout-flex wp-container-24 wp-block-columns-is-layout-flex\">\n<div class=\"wp-block-column is-layout-flow wp-block-column-is-layout-flow\" style=\"flex-basis:33.33%\">\n<figure class=\"wp-block-image size-large\"><img loading=\"lazy\" decoding=\"async\" width=\"500\" height=\"743\" src=\"https:\/\/justynalorenc.com\/wp-content\/uploads\/2021\/01\/dom-z-papieru.jpg\" alt=\"\" class=\"wp-image-6625\" srcset=\"https:\/\/justynalorenc.com\/wp-content\/uploads\/2021\/01\/dom-z-papieru.jpg 500w, https:\/\/justynalorenc.com\/wp-content\/uploads\/2021\/01\/dom-z-papieru-202x300.jpg 202w\" sizes=\"(max-width: 500px) 100vw, 500px\" \/><\/figure>\n<\/div>\n\n\n\n<div class=\"wp-block-column is-layout-flow wp-block-column-is-layout-flow\" style=\"flex-basis:66.66%\">\n<p><strong>Tytu\u0142<\/strong>: La casa de papel<\/p>\n\n\n\n<p><strong>O czym<\/strong>: geniusz zbrodni el Profesor rekrutuje kilka os\u00f3b i przygotowuje \u015bmia\u0142y i spektakularny napad na hiszpa\u0144sk\u0105 mennic\u0119. Negocjacje z policj\u0105, konflikty mi\u0119dzy cz\u0142onkami grupy i relacje zawi\u0105zywane z zak\u0142adnikami s\u0105 uzupe\u0142nione komentarzem o sprawiedliwo\u015bci i o tym, jak o\u015bmiu przest\u0119pc\u00f3w dla kraju sta\u0142o si\u0119 bohaterami dla opinii publicznej. Z czasem oczywi\u015bcie coraz wi\u0119cej spraw zaczyna wymyka\u0107 si\u0119 spod kontroli i pojawia si\u0119 ryzyko, \u017ce idealny plan zawiedzie, napi\u0119cie ro\u015bnie z odcinka na odcinek, a my zdajemy sobie spraw\u0119, \u017ce kibicujemy przest\u0119pcom.<\/p>\n\n\n\n<p><strong>Dla kogo<\/strong>: dla fan\u00f3w kina sensacyjnego, j\u0119zyka hiszpanskiego i szalonych zwrot\u00f3w akcji. <\/p>\n\n\n\n<p><strong>Gdzie ogl\u0105da\u0107<\/strong>: wszystkie 4 sezony na <a href=\"https:\/\/www.netflix.com\/title\/80192098\" target=\"_blank\" rel=\"noreferrer noopener\">Netflixie<\/a><\/p>\n<\/div>\n<\/div>\n\n\n\n<h2 class=\"wp-block-heading\">9. Szko\u0142a dla elity<\/h2>\n\n\n\n<div class=\"wp-block-columns is-layout-flex wp-container-27 wp-block-columns-is-layout-flex\">\n<div class=\"wp-block-column is-layout-flow wp-block-column-is-layout-flow\" style=\"flex-basis:33.33%\">\n<figure class=\"wp-block-image size-large\"><img loading=\"lazy\" decoding=\"async\" width=\"691\" height=\"1024\" src=\"https:\/\/justynalorenc.com\/wp-content\/uploads\/2021\/01\/elita-691x1024.jpg\" alt=\"\" class=\"wp-image-6626\" srcset=\"https:\/\/justynalorenc.com\/wp-content\/uploads\/2021\/01\/elita-691x1024.jpg 691w, https:\/\/justynalorenc.com\/wp-content\/uploads\/2021\/01\/elita-203x300.jpg 203w, https:\/\/justynalorenc.com\/wp-content\/uploads\/2021\/01\/elita-768x1138.jpg 768w, https:\/\/justynalorenc.com\/wp-content\/uploads\/2021\/01\/elita.jpg 810w\" sizes=\"(max-width: 691px) 100vw, 691px\" \/><\/figure>\n<\/div>\n\n\n\n<div class=\"wp-block-column is-layout-flow wp-block-column-is-layout-flow\" style=\"flex-basis:66.66%\">\n<p><strong>Tytu\u0142<\/strong>: \u00c9lite<\/p>\n\n\n\n<p><strong>O czym<\/strong>: do najbardziej elitarnej szko\u0142y w Hiszpanii trafia troje nastolatk\u00f3w z biednych rodzin. Sytuacja pe\u0142na konflikt\u00f3w doprowadza w ko\u0144cu do zab\u00f3jstwa. Opr\u00f3cz tego mamy tu pr\u00f3by odkrycia w\u0142asnej to\u017csamo\u015bci w \u015bwiecie opanowanym z jednej strony przez religi\u0119, z drugiej kult pieni\u0105dza i cia\u0142a. Ciekawe postaci i \u0142adne zdj\u0119cia &#8211; niezbyt wymagaj\u0105cy serial na gorszy dzie\u0144.<\/p>\n\n\n\n<p><strong>Dla kogo<\/strong>: dla mi\u0142o\u015bnik\u00f3w seriali o nastolatkach i dla nastolatk\u00f3w. <\/p>\n\n\n\n<p><strong>Gdzie ogl\u0105da\u0107<\/strong>: na <a href=\"https:\/\/www.netflix.com\/title\/80200942\" target=\"_blank\" rel=\"noreferrer noopener\">Netflixie<\/a><\/p>\n<\/div>\n<\/div>\n\n\n\n<h2 class=\"wp-block-heading\">10. The Chilling Adventures of&nbsp;Sabrina<\/h2>\n\n\n\n<div class=\"wp-block-columns is-layout-flex wp-container-30 wp-block-columns-is-layout-flex\">\n<div class=\"wp-block-column is-layout-flow wp-block-column-is-layout-flow\" style=\"flex-basis:33.33%\">\n<figure class=\"wp-block-image size-large\"><img loading=\"lazy\" decoding=\"async\" width=\"768\" height=\"960\" src=\"https:\/\/justynalorenc.com\/wp-content\/uploads\/2021\/01\/sabrina.jpeg\" alt=\"\" class=\"wp-image-6627\" srcset=\"https:\/\/justynalorenc.com\/wp-content\/uploads\/2021\/01\/sabrina.jpeg 768w, https:\/\/justynalorenc.com\/wp-content\/uploads\/2021\/01\/sabrina-240x300.jpeg 240w\" sizes=\"(max-width: 768px) 100vw, 768px\" \/><\/figure>\n<\/div>\n\n\n\n<div class=\"wp-block-column is-layout-flow wp-block-column-is-layout-flow\" style=\"flex-basis:66.66%\">\n<p><strong>Tytu\u0142<\/strong>: The Chilling Adventures of&nbsp;Sabrina<\/p>\n\n\n\n<p><strong>O czym<\/strong>: \u015bledzimy losy Sabriny, nastoletniej czarownicy, podane w mniej cukierkowej wersji. Cho\u0107 reklamowany jako mroczny, w rzeczywisto\u015bci opr\u00f3cz kilku mocniejszych scen nie ma w sobie nic z horroru. Jest za to bardzo wci\u0105gajacy! To historia o dojrzewaniu i wyborach, feminizmie i sile kobiet (scena porodu Lilith i dzielenia jej b\u00f3lu to mistrzostwo!), ale pojawiaj\u0105 si\u0119 te\u017c ciekawe metafilmowe w\u0105tki autotematyczne, kiedy druga Sabrina znajduje si\u0119 na planie sitcomu Sabriny nastoletniej czarownicy.<\/p>\n\n\n\n<p><strong>Dla kogo<\/strong>: dla fan\u00f3w sitcomu Sabrina nastoletnia czarownica i magicznych w\u0105tk\u00f3w.<\/p>\n\n\n\n<p><strong>Gdzie ogl\u0105da\u0107<\/strong>: <a href=\"https:\/\/www.netflix.com\/title\/80223989\" target=\"_blank\" rel=\"noreferrer noopener\">Netflix<\/a><\/p>\n<\/div>\n<\/div>\n\n\n\n<h2 class=\"wp-block-heading\">11. Mroczny turysta<\/h2>\n\n\n\n<div class=\"wp-block-columns is-layout-flex wp-container-33 wp-block-columns-is-layout-flex\">\n<div class=\"wp-block-column is-layout-flow wp-block-column-is-layout-flow\" style=\"flex-basis:33.33%\">\n<figure class=\"wp-block-image size-large\"><img loading=\"lazy\" decoding=\"async\" width=\"491\" height=\"750\" src=\"https:\/\/justynalorenc.com\/wp-content\/uploads\/2021\/01\/dark-tourist.jpg\" alt=\"\" class=\"wp-image-6628\" srcset=\"https:\/\/justynalorenc.com\/wp-content\/uploads\/2021\/01\/dark-tourist.jpg 491w, https:\/\/justynalorenc.com\/wp-content\/uploads\/2021\/01\/dark-tourist-196x300.jpg 196w\" sizes=\"(max-width: 491px) 100vw, 491px\" \/><\/figure>\n<\/div>\n\n\n\n<div class=\"wp-block-column is-layout-flow wp-block-column-is-layout-flow\" style=\"flex-basis:66.66%\">\n<p><strong>Tytu\u0142<\/strong>: Dark Tourist<\/p>\n\n\n\n<p><strong>O czym<\/strong>: Festiwal voodoo, nazistowskie muzeum, wycieczki \u015bladem dziedzictwa Escobara, inscenizacje wojenne. Prowadz\u0105cy odwiedza miejsca naznaczone zbrodni\u0105, opuszczone, napromieniowane, niebezpieczne i nawiedzone i pokazuje makabryczne atrakcje, kt\u00f3re, cho\u0107 moralnie bardzo w\u0105tpliwe, wci\u0105\u017c przyci\u0105gaj\u0105 tysi\u0105ce turyst\u00f3w.<\/p>\n\n\n\n<p><strong>Dla kogo<\/strong>: dla ciekawych \u015bwiata i odpowiedzialnej turystki.<\/p>\n\n\n\n<p><strong>Gdzie ogl\u0105da\u0107<\/strong>: <a href=\"https:\/\/www.netflix.com\/title\/80189791\" target=\"_blank\" rel=\"noreferrer noopener\">Netflix<\/a><\/p>\n<\/div>\n<\/div>\n\n\n\n<h2 class=\"wp-block-heading\">12. Dom grozy<\/h2>\n\n\n\n<div class=\"wp-block-columns is-layout-flex wp-container-36 wp-block-columns-is-layout-flex\">\n<div class=\"wp-block-column is-layout-flow wp-block-column-is-layout-flow\" style=\"flex-basis:33.33%\">\n<figure class=\"wp-block-image size-large\"><img loading=\"lazy\" decoding=\"async\" width=\"500\" height=\"680\" src=\"https:\/\/justynalorenc.com\/wp-content\/uploads\/2021\/01\/dom-grozy.jpg\" alt=\"\" class=\"wp-image-6629\" srcset=\"https:\/\/justynalorenc.com\/wp-content\/uploads\/2021\/01\/dom-grozy.jpg 500w, https:\/\/justynalorenc.com\/wp-content\/uploads\/2021\/01\/dom-grozy-221x300.jpg 221w\" sizes=\"(max-width: 500px) 100vw, 500px\" \/><\/figure>\n<\/div>\n\n\n\n<div class=\"wp-block-column is-layout-flow wp-block-column-is-layout-flow\" style=\"flex-basis:66.66%\">\n<p><strong>Tytu\u0142<\/strong>: Penny Dreadful<\/p>\n\n\n\n<p><strong>O czym<\/strong>: wampiry, bestie, potwory i bohaterowie z mrocznych kart historii i literatury, kt\u00f3rzy dziel\u0105 \u017cycie mi\u0119dzy wiktoria\u0144ski Londyn i \u015bwiat za\u015bwiat\u00f3w. Znani z popkultury Dracula, Van Helsing, Frankenstein i Dorian Gray w nowej ods\u0142onie. Plus doskona\u0142a Eva Green!<\/p>\n\n\n\n<p><strong>Dla kogo<\/strong>: dla zakochanych w Londynie i tych, kt\u00f3rzy chc\u0105 odkry\u0107, co wsp\u00f3lnego maj\u0105 ze sob\u0105 XIX-wieczny Londyn, Drakula i Frankenstein. <\/p>\n\n\n\n<p><strong>Gdzie ogl\u0105da\u0107<\/strong>: na <a href=\"https:\/\/www.netflix.com\/title\/70295760\" target=\"_blank\" rel=\"noreferrer noopener\">Netflixie<\/a> lub <a href=\"https:\/\/hbogo.pl\/seriale\/dom-grozy\" target=\"_blank\" rel=\"noreferrer noopener\">HBO GO<\/a>.<\/p>\n<\/div>\n<\/div>\n\n\n\n<h2 class=\"wp-block-heading\">13. Znaki<\/h2>\n\n\n\n<div class=\"wp-block-columns is-layout-flex wp-container-39 wp-block-columns-is-layout-flex\">\n<div class=\"wp-block-column is-layout-flow wp-block-column-is-layout-flow\" style=\"flex-basis:33.33%\">\n<figure class=\"wp-block-image size-large\"><img loading=\"lazy\" decoding=\"async\" width=\"655\" height=\"967\" src=\"https:\/\/justynalorenc.com\/wp-content\/uploads\/2021\/01\/znaki.jpg\" alt=\"\" class=\"wp-image-6632\" srcset=\"https:\/\/justynalorenc.com\/wp-content\/uploads\/2021\/01\/znaki.jpg 655w, https:\/\/justynalorenc.com\/wp-content\/uploads\/2021\/01\/znaki-203x300.jpg 203w\" sizes=\"(max-width: 655px) 100vw, 655px\" \/><\/figure>\n<\/div>\n\n\n\n<div class=\"wp-block-column is-layout-flow wp-block-column-is-layout-flow\" style=\"flex-basis:66.66%\">\n<p><strong>Tytu\u0142<\/strong>: Znaki<\/p>\n\n\n\n<p><strong>O czym<\/strong>: S\u0105 tu przepi\u0119kne plenery G\u00f3r Sowich, tajemnicze morderstwo i zmowa milczenia ma\u0142ego miasteczka, a na deser charakterystyczni bohaterowie. Mo\u017ce nie jest to arcydzie\u0142o polskiej kinematografii (na pewno d\u017awi\u0119k m\u00f3g\u0142by by\u0107 lepszy) to dla pi\u0119knych zdj\u0119\u0107 i wci\u0105gaj\u0105cej akcji warto!&nbsp; <\/p>\n\n\n\n<p><strong>Dla kogo<\/strong>: dla mi\u0142o\u015bnik\u00f3w ma\u0142ych, dusznych miasteczek z tajemniczymi historiami i zbrodni\u0105 w tle.<\/p>\n\n\n\n<p><strong>Gdzie ogl\u0105da\u0107<\/strong>: <a href=\"https:\/\/www.netflix.com\/title\/81189092\" target=\"_blank\" rel=\"noreferrer noopener\">Netflix<\/a><\/p>\n<\/div>\n<\/div>\n\n\n\n<h2 class=\"wp-block-heading\">14. Od nowa<\/h2>\n\n\n\n<div class=\"wp-block-columns is-layout-flex wp-container-42 wp-block-columns-is-layout-flex\">\n<div class=\"wp-block-column is-layout-flow wp-block-column-is-layout-flow\" style=\"flex-basis:33.33%\">\n<figure class=\"wp-block-image size-large\"><img loading=\"lazy\" decoding=\"async\" width=\"500\" height=\"625\" src=\"https:\/\/justynalorenc.com\/wp-content\/uploads\/2021\/01\/od-nowa.jpg\" alt=\"\" class=\"wp-image-6633\" srcset=\"https:\/\/justynalorenc.com\/wp-content\/uploads\/2021\/01\/od-nowa.jpg 500w, https:\/\/justynalorenc.com\/wp-content\/uploads\/2021\/01\/od-nowa-240x300.jpg 240w\" sizes=\"(max-width: 500px) 100vw, 500px\" \/><\/figure>\n<\/div>\n\n\n\n<div class=\"wp-block-column is-layout-flow wp-block-column-is-layout-flow\" style=\"flex-basis:66.66%\">\n<p><strong>Tytu\u0142<\/strong>: The Undoing<\/p>\n\n\n\n<p><strong>O czym<\/strong>: Grace odnosi sukcesy w pracy jako terapeutka, ma pi\u0119kne mieszkanie, syna w elitarnej szkole i udane ma\u0142\u017ce\u0144stwo. Okazuje si\u0119, \u017ce wszystko to mo\u017ce \u0142atwo si\u0119 rozsypa\u0107. Obserwujemy, jak bohaterka radzi sobie w tym zawalonym nagle \u015bwiecie i jak mierzy si\u0119 z tym, \u017ce jej \u017cycie staje si\u0119 nagle publiczne, wsp\u00f3\u0142czujemy jej, podejrzewamy j\u0105 i dziwimy si\u0119 jej. Dobry serial na wiecz\u00f3r w domu! &nbsp;<\/p>\n\n\n\n<p><strong>Dla kogo<\/strong>: Dla fan\u00f3w krymina\u0142\u00f3w i zagadek.<\/p>\n\n\n\n<p><strong>Gdzie ogl\u0105da\u0107<\/strong>: na <a href=\"https:\/\/hbogo.pl\/seriale\/od-nowa\/sezon-1\/odcinek-1\" target=\"_blank\" rel=\"noreferrer noopener\">HBO GO<\/a><\/p>\n<\/div>\n<\/div>\n\n\n\n<h2 class=\"wp-block-heading\">15. Ty<\/h2>\n\n\n\n<div class=\"wp-block-columns is-layout-flex wp-container-45 wp-block-columns-is-layout-flex\">\n<div class=\"wp-block-column is-layout-flow wp-block-column-is-layout-flow\" style=\"flex-basis:33.33%\">\n<figure class=\"wp-block-image size-large\"><img loading=\"lazy\" decoding=\"async\" width=\"500\" height=\"740\" src=\"https:\/\/justynalorenc.com\/wp-content\/uploads\/2021\/01\/you.jpg\" alt=\"\" class=\"wp-image-6634\" srcset=\"https:\/\/justynalorenc.com\/wp-content\/uploads\/2021\/01\/you.jpg 500w, https:\/\/justynalorenc.com\/wp-content\/uploads\/2021\/01\/you-203x300.jpg 203w\" sizes=\"(max-width: 500px) 100vw, 500px\" \/><\/figure>\n<\/div>\n\n\n\n<div class=\"wp-block-column is-layout-flow wp-block-column-is-layout-flow\" style=\"flex-basis:66.66%\">\n<p><strong>Tytu\u0142<\/strong>: You<\/p>\n\n\n\n<p><strong>O czym<\/strong>: \u017byj\u0105cy w \u015bwiecie fantazji czaruj\u0105cy kierownik ma\u0142ej ksi\u0119garni zakochuje si\u0119 w Beck \u2013 m\u0142odej, aspiruj\u0105cej pisarce. Zaczyna mie\u0107 na jej punkcie niezdrow\u0105 i niebezpieczn\u0105 obsesj\u0119. Mimo to trzymamy kciuki za szalonego bohatera. Momentami troch\u0119 absurdalny, ale bardzo wci\u0105gaj\u0105cy. <\/p>\n\n\n\n<p><strong>Dla kogo<\/strong>: dla mi\u0142o\u015bnik\u00f3w czarnego humoru i oryginalnych pomys\u0142\u00f3w. <\/p>\n\n\n\n<p><strong>Gdzie ogl\u0105da\u0107<\/strong>: <a href=\"https:\/\/www.netflix.com\/title\/80211991\" target=\"_blank\" rel=\"noreferrer noopener\">Netflix<\/a><\/p>\n<\/div>\n<\/div>\n\n\n\n<h2 class=\"wp-block-heading\">16. Spos\u00f3b na morderstwo<\/h2>\n\n\n\n<div class=\"wp-block-columns is-layout-flex wp-container-48 wp-block-columns-is-layout-flex\">\n<div class=\"wp-block-column is-layout-flow wp-block-column-is-layout-flow\" style=\"flex-basis:33.33%\">\n<figure class=\"wp-block-image size-large\"><img loading=\"lazy\" decoding=\"async\" width=\"500\" height=\"666\" src=\"https:\/\/justynalorenc.com\/wp-content\/uploads\/2021\/01\/sposob-na-morderstwo.jpg\" alt=\"\" class=\"wp-image-6635\" srcset=\"https:\/\/justynalorenc.com\/wp-content\/uploads\/2021\/01\/sposob-na-morderstwo.jpg 500w, https:\/\/justynalorenc.com\/wp-content\/uploads\/2021\/01\/sposob-na-morderstwo-225x300.jpg 225w\" sizes=\"(max-width: 500px) 100vw, 500px\" \/><\/figure>\n<\/div>\n\n\n\n<div class=\"wp-block-column is-layout-flow wp-block-column-is-layout-flow\" style=\"flex-basis:66.66%\">\n<p><strong>Tytu\u0142<\/strong>: How to Get Away with Murder<\/p>\n\n\n\n<p><strong>O czym<\/strong>: wci\u0105gaj\u0105cy thriller o m\u0142odych studentach prawa, kt\u00f3rzy dostaj\u0105 si\u0119 na sta\u017c i pomagaj\u0105 genialnej i bezkompromisowej prawniczce Annalise w jej kancelarii rozwi\u0105zywa\u0107 skomplikowane sprawy, jednocze\u015bnie wik\u0142aj\u0105c si\u0119 w romanse, dramaty, tajemnice, a w ko\u0144cu w morderstwo. Trzyma w napi\u0119ciu, stopniowo dawkuj\u0105c nam informacje i naprawd\u0119 nie da si\u0119 wytypowa\u0107 mordercy. Mam do nadrobienia ostatni sezon, ale przygody tych student\u00f3w s\u0105 tak wci\u0105gaj\u0105ce, \u017ce lepiej nie zaczynajcie, je\u015bli nie macie kilku dni do stracenia!&nbsp;<\/p>\n\n\n\n<p><strong>Dla kogo<\/strong>: dla kochaj\u0105cych thrillery s\u0105dowe, tajemnice, morderstwa i sceny na sali rozpraw.<\/p>\n\n\n\n<p><strong>Gdzie ogl\u0105da\u0107<\/strong>: <a href=\"https:\/\/www.netflix.com\/title\/80024057\" target=\"_blank\" rel=\"noreferrer noopener\">Netflix<\/a><\/p>\n<\/div>\n<\/div>\n\n\n\n<h2 class=\"wp-block-heading\">17. Przyjaciele<\/h2>\n\n\n\n<div class=\"wp-block-columns is-layout-flex wp-container-51 wp-block-columns-is-layout-flex\">\n<div class=\"wp-block-column is-layout-flow wp-block-column-is-layout-flow\" style=\"flex-basis:33.33%\">\n<figure class=\"wp-block-image size-large\"><img loading=\"lazy\" decoding=\"async\" width=\"400\" height=\"572\" src=\"https:\/\/justynalorenc.com\/wp-content\/uploads\/2021\/01\/friends.jpeg\" alt=\"\" class=\"wp-image-6636\" srcset=\"https:\/\/justynalorenc.com\/wp-content\/uploads\/2021\/01\/friends.jpeg 400w, https:\/\/justynalorenc.com\/wp-content\/uploads\/2021\/01\/friends-210x300.jpeg 210w\" sizes=\"(max-width: 400px) 100vw, 400px\" \/><\/figure>\n<\/div>\n\n\n\n<div class=\"wp-block-column is-layout-flow wp-block-column-is-layout-flow\" style=\"flex-basis:66.66%\">\n<p><strong>Tytu\u0142<\/strong>: Friends<\/p>\n\n\n\n<p><strong>O czym<\/strong>: wstyd si\u0119 przyzna\u0107, ale dopiero w zesz\u0142ym roku widzia\u0142am to pierwszy raz! A teraz mam ju\u017c za sob\u0105 prawie 3 seanse wszystkich sezon\u00f3w (i dobrze, bo z ko\u0144cem 2020 wszystkie sezony znikn\u0119\u0142y z Netflixa!). Do\u0142\u0105czy\u0142am zatem oficjalnie do \u015bwiatowego grona mi\u0142o\u015bnikow friends\u00f3w, a zabawne perypetie grupy przyjaci\u00f3\u0142 w Nowym Jorku zawsze poprawiaj\u0105 mi humor.<\/p>\n\n\n\n<p><strong>Dla kogo<\/strong>: dla mi\u0142o\u015bnik\u00f3w klimatu lat 90. i sitcom\u00f3w  <\/p>\n\n\n\n<p><strong>Gdzie ogl\u0105da\u0107<\/strong>: HBO Max &#8211; to tu b\u0119dzie odcinek, gdzie spotykaj\u0105 si\u0119 po latach! (tylko z VPN)<\/p>\n<\/div>\n<\/div>\n\n\n\n<h2 class=\"wp-block-heading\">18. Emily w Pary\u017cu<\/h2>\n\n\n\n<div class=\"wp-block-columns is-layout-flex wp-container-54 wp-block-columns-is-layout-flex\">\n<div class=\"wp-block-column is-layout-flow wp-block-column-is-layout-flow\" style=\"flex-basis:33.33%\">\n<figure class=\"wp-block-image size-large\"><img loading=\"lazy\" decoding=\"async\" width=\"707\" height=\"1024\" src=\"https:\/\/justynalorenc.com\/wp-content\/uploads\/2021\/01\/emily-in-paris-707x1024.jpg\" alt=\"\" class=\"wp-image-6637\" srcset=\"https:\/\/justynalorenc.com\/wp-content\/uploads\/2021\/01\/emily-in-paris-707x1024.jpg 707w, https:\/\/justynalorenc.com\/wp-content\/uploads\/2021\/01\/emily-in-paris-207x300.jpg 207w, https:\/\/justynalorenc.com\/wp-content\/uploads\/2021\/01\/emily-in-paris-768x1113.jpg 768w, https:\/\/justynalorenc.com\/wp-content\/uploads\/2021\/01\/emily-in-paris.jpg 828w\" sizes=\"(max-width: 707px) 100vw, 707px\" \/><\/figure>\n<\/div>\n\n\n\n<div class=\"wp-block-column is-layout-flow wp-block-column-is-layout-flow\" style=\"flex-basis:66.66%\">\n<p><strong>Tytu\u0142<\/strong>: Emily in Paris<\/p>\n\n\n\n<p><strong>O czym<\/strong>: Niezbyt wymagaj\u0105cy i w miar\u0119 zabawny serial przedstawiaj\u0105cy Francuz\u00f3w za pomoc\u0105 klisz i stereotyp\u00f3w. Ta lekka komedia o m\u0142odej menad\u017cerce marketingu, kt\u00f3ra dostaje wymarzon\u0105 prac\u0119 w luksusowej paryskiej agencji reklamowej, to tak naprawd\u0119 pi\u0119kna poczt\u00f3wka z Pary\u017ca. Guilty pleasure, kt\u00f3rej wszyscy potrzebujemy!<\/p>\n\n\n\n<p><strong>Dla kogo<\/strong>:&nbsp;idealny serial do obejrzenia w samolocie lub w poci\u0105gu! Plus je\u015bli lubisz klimaty <em>Seksu w wielkim mie\u015bcie<\/em> i znasz serial <em>Carrie<\/em> opowiadaj\u0105cy o m\u0142odej bohaterce SATC, to zdecydowanie pozycja dla ciebie. <\/p>\n\n\n\n<p><strong>Gdzie ogl\u0105da\u0107<\/strong>: <a href=\"https:\/\/www.netflix.com\/title\/81037371\" target=\"_blank\" rel=\"noreferrer noopener\">Netflix<\/a><\/p>\n<\/div>\n<\/div>\n\n\n\n<h2 class=\"wp-block-heading\">19. Unorthodox<\/h2>\n\n\n\n<div class=\"wp-block-columns is-layout-flex wp-container-57 wp-block-columns-is-layout-flex\">\n<div class=\"wp-block-column is-layout-flow wp-block-column-is-layout-flow\" style=\"flex-basis:33.33%\">\n<figure class=\"wp-block-image size-large\"><img loading=\"lazy\" decoding=\"async\" width=\"500\" height=\"743\" src=\"https:\/\/justynalorenc.com\/wp-content\/uploads\/2021\/01\/unorthodox.jpg\" alt=\"\" class=\"wp-image-6638\" srcset=\"https:\/\/justynalorenc.com\/wp-content\/uploads\/2021\/01\/unorthodox.jpg 500w, https:\/\/justynalorenc.com\/wp-content\/uploads\/2021\/01\/unorthodox-202x300.jpg 202w\" sizes=\"(max-width: 500px) 100vw, 500px\" \/><\/figure>\n<\/div>\n\n\n\n<div class=\"wp-block-column is-layout-flow wp-block-column-is-layout-flow\" style=\"flex-basis:66.66%\">\n<p><strong>Tytu\u0142<\/strong>: Unorthodox<\/p>\n\n\n\n<p><strong>O czym<\/strong>: ten miniserial jest adaptacj\u0105 ksi\u0105\u017cki, o kt\u00f3rej pisa\u0142am <a href=\"https:\/\/justynalorenc.com\/en\/co-czytac-jesienia-lista-27-najciekawszych-ksiazek\/\" target=\"_blank\" rel=\"noreferrer noopener\">tutaj<\/a>. M\u0142oda chasydka, \u017cyj\u0105ca w niemal kompletnej izolacji od \u015bwiata, ucieka do Berlina, by rozpocz\u0105\u0107 nowe \u017cycie. Podczas gdy ksi\u0105\u017cka by\u0142a w wi\u0119kszo\u015bci wspomnieniem jej chasydzkiego \u017cycia, serial skupia si\u0119 na \u017cyciu Esty w Berlinie i pr\u00f3bie odnalezienia w nim swojego miejsca. Serial jest \u015bwietny i mam nadziej\u0119, \u017ce dzi\u0119ki niemu wi\u0119cej os\u00f3b si\u0119gnie po ksi\u0105\u017ck\u0119.<\/p>\n\n\n\n<p><strong>Dla kogo<\/strong>: dla zainteresowanych zamkni\u0119tymi spo\u0142eczno\u015bciami i kochaj\u0105cych Berlin.<\/p>\n\n\n\n<p><strong>Gdzie ogl\u0105da\u0107<\/strong>: na <a href=\"https:\/\/www.netflix.com\/title\/81019069\" target=\"_blank\" rel=\"noreferrer noopener\">Netflixie<\/a><\/p>\n<\/div>\n<\/div>\n\n\n\n<h2 class=\"wp-block-heading\">20. Dark<\/h2>\n\n\n\n<div class=\"wp-block-columns is-layout-flex wp-container-60 wp-block-columns-is-layout-flex\">\n<div class=\"wp-block-column is-layout-flow wp-block-column-is-layout-flow\" style=\"flex-basis:33.33%\">\n<figure class=\"wp-block-image size-large\"><img loading=\"lazy\" decoding=\"async\" width=\"691\" height=\"1024\" src=\"https:\/\/justynalorenc.com\/wp-content\/uploads\/2021\/01\/dark-691x1024.jpg\" alt=\"\" class=\"wp-image-6639\" srcset=\"https:\/\/justynalorenc.com\/wp-content\/uploads\/2021\/01\/dark-691x1024.jpg 691w, https:\/\/justynalorenc.com\/wp-content\/uploads\/2021\/01\/dark-203x300.jpg 203w, https:\/\/justynalorenc.com\/wp-content\/uploads\/2021\/01\/dark-768x1138.jpg 768w, https:\/\/justynalorenc.com\/wp-content\/uploads\/2021\/01\/dark.jpg 810w\" sizes=\"(max-width: 691px) 100vw, 691px\" \/><\/figure>\n<\/div>\n\n\n\n<div class=\"wp-block-column is-layout-flow wp-block-column-is-layout-flow\" style=\"flex-basis:66.66%\">\n<p><strong>Tytu\u0142<\/strong>: Dark<\/p>\n\n\n\n<p><strong>O czym<\/strong>: zagini\u0119cie ch\u0142opca prowadzi do wydarze\u0144, kt\u00f3re po\u0142\u0105cz\u0105 \u015bwiat 2019 roku z tym sprzed 30 lat. Przez motyw misternie skonstruowanych podr\u00f3\u017cy w czasie, kt\u00f3re komplikuj\u0105 relacje mi\u0119dzy mieszka\u0144cami miasteczka, ju\u017c od d\u0142ugiego czasu zabieram si\u0119 za drugi i trzeci sezon, bo najpierw musz\u0119 przypomnie\u0107 sobie pierwszy, kt\u00f3rego fabu\u0142a by\u0142a dosy\u0107 zapl\u0105tana i wielopoziomowa! <\/p>\n\n\n\n<p><strong>Dla kogo<\/strong>: jesli lubisz motywy podr\u00f3\u017cy w czasie.&nbsp; <\/p>\n\n\n\n<p><strong>Gdzie ogl\u0105da\u0107<\/strong>: wszystkie 3 sezony na <a href=\"https:\/\/www.netflix.com\/title\/80100172\" target=\"_blank\" rel=\"noreferrer noopener\">Netflixie<\/a><\/p>\n<\/div>\n<\/div>\n\n\n\n<h2 class=\"wp-block-heading\">21. Nawiedzony dw\u00f3r w Bly<\/h2>\n\n\n\n<div class=\"wp-block-columns is-layout-flex wp-container-63 wp-block-columns-is-layout-flex\">\n<div class=\"wp-block-column is-layout-flow wp-block-column-is-layout-flow\" style=\"flex-basis:33.33%\">\n<figure class=\"wp-block-image size-large\"><img loading=\"lazy\" decoding=\"async\" width=\"500\" height=\"740\" src=\"https:\/\/justynalorenc.com\/wp-content\/uploads\/2021\/01\/nawiedzony-dwor-bly.jpg\" alt=\"\" class=\"wp-image-6640\" srcset=\"https:\/\/justynalorenc.com\/wp-content\/uploads\/2021\/01\/nawiedzony-dwor-bly.jpg 500w, https:\/\/justynalorenc.com\/wp-content\/uploads\/2021\/01\/nawiedzony-dwor-bly-203x300.jpg 203w\" sizes=\"(max-width: 500px) 100vw, 500px\" \/><\/figure>\n<\/div>\n\n\n\n<div class=\"wp-block-column is-layout-flow wp-block-column-is-layout-flow\" style=\"flex-basis:66.66%\">\n<p><strong>Tytu\u0142<\/strong>: The Haunting of Bly Manor<\/p>\n\n\n\n<p><strong>O czym<\/strong>: serial tw\u00f3rc\u00f3w <em>Nawiedzonego domu na wzg\u00f3rzu<\/em> w podobnym klimacie romantyczno-gotyckiej opowie\u015bci. Lata 80. M\u0142oda Amerykanka zaczyna prac\u0119 jako niania dw\u00f3jki sierot w starym angielskim dworze. Bohaterka zaczyna zauwa\u017ca\u0107 niepokoj\u0105ce rzeczy i poznaje histori\u0119 poprzednich guwernantek.  <\/p>\n\n\n\n<p><strong>Dla kogo<\/strong>: dla lubi\u0105cych klimatyczne stare domy, mroczne seriale i dreszczyk nadprzyrodzonego nastroju.<\/p>\n\n\n\n<p><strong>Gdzie ogl\u0105da\u0107<\/strong>: na <a href=\"https:\/\/www.netflix.com\/title\/81237854\" target=\"_blank\" rel=\"noreferrer noopener\">Netflixie<\/a><\/p>\n<\/div>\n<\/div>\n\n\n\n<h2 class=\"wp-block-heading\">22. Kalifat<\/h2>\n\n\n\n<div class=\"wp-block-columns is-layout-flex wp-container-66 wp-block-columns-is-layout-flex\">\n<div class=\"wp-block-column is-layout-flow wp-block-column-is-layout-flow\" style=\"flex-basis:33.33%\">\n<figure class=\"wp-block-image size-large\"><img loading=\"lazy\" decoding=\"async\" width=\"499\" height=\"750\" src=\"https:\/\/justynalorenc.com\/wp-content\/uploads\/2021\/01\/kalifat.jpg\" alt=\"\" class=\"wp-image-6649\" srcset=\"https:\/\/justynalorenc.com\/wp-content\/uploads\/2021\/01\/kalifat.jpg 499w, https:\/\/justynalorenc.com\/wp-content\/uploads\/2021\/01\/kalifat-200x300.jpg 200w\" sizes=\"(max-width: 499px) 100vw, 499px\" \/><\/figure>\n<\/div>\n\n\n\n<div class=\"wp-block-column is-layout-flow wp-block-column-is-layout-flow\" style=\"flex-basis:66.66%\">\n<p><strong>Tytu\u0142<\/strong>: Kalifat<\/p>\n\n\n\n<p><strong>O czym<\/strong>: Akcja dzieje si\u0119 jednocze\u015bnie w Szwecji i w Syrii opanowanej przez ISIS. Ten mroczny thriller o m\u0142odych dziewczynach, niebezpiecze\u0144stwie radykalizacji  i z\u0142ych wyborach trzyma w napi\u0119ciu od pierwszej do ostatniej sekundy. Poza tym stanowi dobry komentarz do wsp\u00f3\u0142czesnego \u015bwiata, radykalizm\u00f3w religii, jej zagro\u017ce\u0144 i roli kobiety w niej.<\/p>\n\n\n\n<p><strong>Dla kogo<\/strong>: dla mi\u0142o\u015bnik\u00f3w trzymaj\u0105cych w napi\u0119ciu akcji oraz seriali opowiadaj\u0105cych o wsp\u00f3\u0142czesnym \u015bwiecie z dreszczykiem emocji. <\/p>\n\n\n\n<p><strong>Gdzie ogl\u0105da\u0107<\/strong>: na <a href=\"https:\/\/www.netflix.com\/title\/80240005\" target=\"_blank\" rel=\"noreferrer noopener\">Netflixie<\/a><\/p>\n<\/div>\n<\/div>\n\n\n\n<h2 class=\"wp-block-heading\">23. Ostre przedmioty<\/h2>\n\n\n\n<div class=\"wp-block-columns is-layout-flex wp-container-69 wp-block-columns-is-layout-flex\">\n<div class=\"wp-block-column is-layout-flow wp-block-column-is-layout-flow\" style=\"flex-basis:33.33%\">\n<figure class=\"wp-block-image size-large\"><img loading=\"lazy\" decoding=\"async\" width=\"500\" height=\"729\" src=\"https:\/\/justynalorenc.com\/wp-content\/uploads\/2021\/01\/ostre-przedmioty.jpg\" alt=\"\" class=\"wp-image-6642\" srcset=\"https:\/\/justynalorenc.com\/wp-content\/uploads\/2021\/01\/ostre-przedmioty.jpg 500w, https:\/\/justynalorenc.com\/wp-content\/uploads\/2021\/01\/ostre-przedmioty-206x300.jpg 206w\" sizes=\"(max-width: 500px) 100vw, 500px\" \/><\/figure>\n<\/div>\n\n\n\n<div class=\"wp-block-column is-layout-flow wp-block-column-is-layout-flow\" style=\"flex-basis:66.66%\">\n<p><strong>Tytu\u0142<\/strong>: Sharp Objects<\/p>\n\n\n\n<p><strong>O czym<\/strong>: thriller psychologiczny o dziennikarce, kt\u00f3ra jedzie do swojego rodzinnego miasteczka, by rozwi\u0105za\u0107 zagadk\u0119 morderstwa dw\u00f3ch dziewczynek. Jednocze\u015bnie mierzy si\u0119 z w\u0142asn\u0105 przesz\u0142o\u015bci\u0105. Ca\u0142y miniserial jest, jak sugeruje ju\u017c sam tytu\u0142, ostry. Dostajemy tu prezentacj\u0119 wielu rodzaj\u00f3w b\u00f3lu: tego fizycznego, psychicznego i b\u00f3lu patologicznych relacji rodzinnych, a niekt\u00f3re sceny s\u0105 dos\u0142ownie dla widza bolesne. Duszny klimat tego serialu dos\u0142ownie mo\u017cna ci\u0105\u0107 no\u017cem. Plus za znakomite aktorki (Amy Adams, Patricia Clarkson i Sophia Lillis jako trzy niestabilne emocjonalnie i psychicznie kobiety) i \u015bwietne zako\u0144czenie! Ostatnie sekundy to mistrzostwo, idealnie zamykaj\u0105ce ten niepokoj\u0105cy serial.&nbsp;<\/p>\n\n\n\n<p><strong>Dla kogo<\/strong>: dla lubi\u0105cych duszny klimat, skomplikowane relacje rodzinne i traumatyczne retrospekcje. <\/p>\n\n\n\n<p><strong>Gdzie ogl\u0105da\u0107<\/strong>: na <a href=\"https:\/\/hbogo.pl\/seriale\/ostre-przedmioty\" target=\"_blank\" rel=\"noreferrer noopener\">HBO GO<\/a><\/p>\n<\/div>\n<\/div>\n\n\n\n<h2 class=\"wp-block-heading\">24. To nie jest OK<\/h2>\n\n\n\n<div class=\"wp-block-columns is-layout-flex wp-container-72 wp-block-columns-is-layout-flex\">\n<div class=\"wp-block-column is-layout-flow wp-block-column-is-layout-flow\" style=\"flex-basis:33.33%\">\n<figure class=\"wp-block-image size-large\"><img loading=\"lazy\" decoding=\"async\" width=\"500\" height=\"625\" src=\"https:\/\/justynalorenc.com\/wp-content\/uploads\/2021\/01\/to-nie-jest-ok.jpg\" alt=\"\" class=\"wp-image-6643\" srcset=\"https:\/\/justynalorenc.com\/wp-content\/uploads\/2021\/01\/to-nie-jest-ok.jpg 500w, https:\/\/justynalorenc.com\/wp-content\/uploads\/2021\/01\/to-nie-jest-ok-240x300.jpg 240w\" sizes=\"(max-width: 500px) 100vw, 500px\" \/><\/figure>\n<\/div>\n\n\n\n<div class=\"wp-block-column is-layout-flow wp-block-column-is-layout-flow\" style=\"flex-basis:66.66%\">\n<p><strong>Tytu\u0142<\/strong>: I Am Not Okay with This<\/p>\n\n\n\n<p><strong>O czym<\/strong>: Momentami nieco makabryczna opowie\u015b\u0107 o trudach dojrzewania. Sophia Lillis odkrywa, \u017ce ma niezwyk\u0142e moce, wi\u0119c opr\u00f3cz dorastania, odkrywania swojej seksualno\u015bci i to\u017csamo\u015bci, musi zmierzy\u0107 si\u0119 z czym\u015b niezwyk\u0142ym i niebezpiecznym. Klimat ma\u0142ego ameryka\u0144skiego miasteczka przyprawia szczypta czarnego humoru. Znowu \u015bwietna Sophia Lillis. <\/p>\n\n\n\n<p><strong>Dla kogo<\/strong>: je\u015bli lubisz seriale o nastolatkach. <\/p>\n\n\n\n<p><strong>Gdzie ogl\u0105da\u0107<\/strong>: <a href=\"https:\/\/www.netflix.com\/search?q=to%20nie%20jest%20ok&amp;jbv=80244781\" target=\"_blank\" rel=\"noreferrer noopener\">Netflix<\/a><\/p>\n<\/div>\n<\/div>\n\n\n\n<h2 class=\"wp-block-heading\">25. Ugly Delicious<\/h2>\n\n\n\n<div class=\"wp-block-columns is-layout-flex wp-container-75 wp-block-columns-is-layout-flex\">\n<div class=\"wp-block-column is-layout-flow wp-block-column-is-layout-flow\" style=\"flex-basis:33.33%\">\n<figure class=\"wp-block-image size-large\"><img loading=\"lazy\" decoding=\"async\" width=\"691\" height=\"1024\" src=\"https:\/\/justynalorenc.com\/wp-content\/uploads\/2021\/01\/ugly-delicious-691x1024.jpg\" alt=\"\" class=\"wp-image-6644\" srcset=\"https:\/\/justynalorenc.com\/wp-content\/uploads\/2021\/01\/ugly-delicious-691x1024.jpg 691w, https:\/\/justynalorenc.com\/wp-content\/uploads\/2021\/01\/ugly-delicious-203x300.jpg 203w, https:\/\/justynalorenc.com\/wp-content\/uploads\/2021\/01\/ugly-delicious-768x1138.jpg 768w, https:\/\/justynalorenc.com\/wp-content\/uploads\/2021\/01\/ugly-delicious.jpg 810w\" sizes=\"(max-width: 691px) 100vw, 691px\" \/><\/figure>\n<\/div>\n\n\n\n<div class=\"wp-block-column is-layout-flow wp-block-column-is-layout-flow\" style=\"flex-basis:66.66%\">\n<p><strong>Tytu\u0142<\/strong>: Ugly Delicious<\/p>\n\n\n\n<p><strong>O czym<\/strong>: nie obejrza\u0142am jeszcze wszystkich odcink\u00f3w, bo podczas seansu od razu robi\u0119 si\u0119 g\u0142odna i to chyba najlepsza recenzja tego serialu. Dokument to prawdziwy food porn. Potrawom pogardzanym przez wyrafinowanych, snobistycznych szef\u00f3w kuchni, takim jak sma\u017cony kurczak, tacos, pizza czy sma\u017cony ry\u017c, przywraca nale\u017cn\u0105 pozycj\u0119 w \u015bwiecie kulinarnym!<\/p>\n\n\n\n<p><strong>Dla kogo<\/strong>: dla mi\u0142o\u015bnik\u00f3w podr\u00f3\u017cy kulinarnych, restauracji, footruck\u00f3w i wszystkiego, co z jedzeniem zwi\u0105zane. <\/p>\n\n\n\n<p><strong>Gdzie ogl\u0105da\u0107<\/strong>: na <a href=\"https:\/\/www.netflix.com\/search?q=ugly%20delicious&amp;jbv=80170368\" target=\"_blank\" rel=\"noreferrer noopener\">Netflixie<\/a><\/p>\n<\/div>\n<\/div>\n\n\n\n<h2 class=\"wp-block-heading\">26. Nailed it!<\/h2>\n\n\n\n<div class=\"wp-block-columns is-layout-flex wp-container-78 wp-block-columns-is-layout-flex\">\n<div class=\"wp-block-column is-layout-flow wp-block-column-is-layout-flow\" style=\"flex-basis:33.33%\">\n<figure class=\"wp-block-image size-large\"><img loading=\"lazy\" decoding=\"async\" width=\"426\" height=\"597\" src=\"https:\/\/justynalorenc.com\/wp-content\/uploads\/2021\/01\/nailed-it.jpg\" alt=\"\" class=\"wp-image-6645\" srcset=\"https:\/\/justynalorenc.com\/wp-content\/uploads\/2021\/01\/nailed-it.jpg 426w, https:\/\/justynalorenc.com\/wp-content\/uploads\/2021\/01\/nailed-it-214x300.jpg 214w\" sizes=\"(max-width: 426px) 100vw, 426px\" \/><\/figure>\n<\/div>\n\n\n\n<div class=\"wp-block-column is-layout-flow wp-block-column-is-layout-flow\" style=\"flex-basis:66.66%\">\n<p><strong>Tytu\u0142<\/strong>: Nailed it!<\/p>\n\n\n\n<p><strong>O czym<\/strong>: przezabawny program o mniejszych i wi\u0119kszych cukierniczych katastrofach. Hobbystyczni cukiernicy-amatorzy pr\u00f3buj\u0105 odtwarza\u0107 pi\u0119kne wypieki, torty i s\u0142odko\u015bci, zwykle z marnym skutkiem. Jest kilka wersji programu, ale polecam wam t\u0119 meksyka\u0144sk\u0105 &#8211; jest najzabawniejsza!  <\/p>\n\n\n\n<p><strong>Dla kogo<\/strong>: dla kochaj\u0105cych s\u0142odko\u015bci i poczucie humoru.<\/p>\n\n\n\n<p><strong>Gdzie ogl\u0105da\u0107<\/strong>: <a href=\"https:\/\/www.netflix.com\/search?q=nailed%20it&amp;jbv=81002145\" target=\"_blank\" rel=\"noreferrer noopener\">tu link do wersji Mexico<\/a><\/p>\n<\/div>\n<\/div>\n\n\n\n<h2 class=\"wp-block-heading\">27. Ratched<\/h2>\n\n\n\n<div class=\"wp-block-columns is-layout-flex wp-container-81 wp-block-columns-is-layout-flex\">\n<div class=\"wp-block-column is-layout-flow wp-block-column-is-layout-flow\" style=\"flex-basis:33.33%\">\n<figure class=\"wp-block-image size-large\"><img loading=\"lazy\" decoding=\"async\" width=\"500\" height=\"740\" src=\"https:\/\/justynalorenc.com\/wp-content\/uploads\/2021\/01\/ratched.jpg\" alt=\"\" class=\"wp-image-6646\" srcset=\"https:\/\/justynalorenc.com\/wp-content\/uploads\/2021\/01\/ratched.jpg 500w, https:\/\/justynalorenc.com\/wp-content\/uploads\/2021\/01\/ratched-203x300.jpg 203w\" sizes=\"(max-width: 500px) 100vw, 500px\" \/><\/figure>\n<\/div>\n\n\n\n<div class=\"wp-block-column is-layout-flow wp-block-column-is-layout-flow\" style=\"flex-basis:66.66%\">\n<p><strong>Tytu\u0142<\/strong>: Ratched<\/p>\n\n\n\n<p><strong>O czym<\/strong>: znana z AHS Sarah Paulson jako piel\u0119gniarka zatrudniaj\u0105ca si\u0119 w zak\u0142adzie psychiatrycznym w Kalifornii w latach 40. Hipnotyzuj\u0105ca bohaterka, przepi\u0119kne stroje, klimatyczna muzyka i silna posta\u0107 kobieca.<\/p>\n\n\n\n<p><strong>Dla kogo<\/strong>: dla lubi\u0105cych klimat Kalifornii, Ameryki lat 40. i stroj\u00f3w vintage oraz dla fan\u00f3w AHS.<\/p>\n\n\n\n<p><strong>Gdzie ogl\u0105da\u0107<\/strong>: <a href=\"https:\/\/www.netflix.com\/title\/80213445\" target=\"_blank\" rel=\"noreferrer noopener\">Netflix<\/a><\/p>\n<\/div>\n<\/div>\n\n\n\n<h2 class=\"wp-block-heading\">28. Rotten<\/h2>\n\n\n\n<div class=\"wp-block-columns is-layout-flex wp-container-84 wp-block-columns-is-layout-flex\">\n<div class=\"wp-block-column is-layout-flow wp-block-column-is-layout-flow\" style=\"flex-basis:33.33%\">\n<figure class=\"wp-block-image size-large\"><img loading=\"lazy\" decoding=\"async\" width=\"691\" height=\"1024\" src=\"https:\/\/justynalorenc.com\/wp-content\/uploads\/2021\/01\/rotten-691x1024.jpg\" alt=\"\" class=\"wp-image-6647\" srcset=\"https:\/\/justynalorenc.com\/wp-content\/uploads\/2021\/01\/rotten-691x1024.jpg 691w, https:\/\/justynalorenc.com\/wp-content\/uploads\/2021\/01\/rotten-203x300.jpg 203w, https:\/\/justynalorenc.com\/wp-content\/uploads\/2021\/01\/rotten-768x1138.jpg 768w, https:\/\/justynalorenc.com\/wp-content\/uploads\/2021\/01\/rotten.jpg 810w\" sizes=\"(max-width: 691px) 100vw, 691px\" \/><\/figure>\n<\/div>\n\n\n\n<div class=\"wp-block-column is-layout-flow wp-block-column-is-layout-flow\" style=\"flex-basis:66.66%\">\n<p><strong>Tytu\u0142<\/strong>: Rotten<\/p>\n\n\n\n<p><strong>O czym<\/strong>: serial dokumentalny o kulisach produkcji \u017cywno\u015bci, kt\u00f3ry bole\u015bnie otwiera oczy na wiele problem\u00f3w wsp\u00f3\u0142czesnego \u015bwiata. Po odcinku o pot\u0119\u017cnym przemy\u015ble wody mineralnej przesta\u0142am kupowa\u0107 buelkowan\u0105 wod\u0119, a po odcinku o produkcji awokado dwa razy si\u0119 zastanowi\u0119, zanim je kupi\u0119. Niebezpiecze\u0144stwa, nier\u00f3wno\u015bci spo\u0142eczne, martnotrawstwo i polityczne gry \u2013 to wszystko kryje si\u0119 w wielu produktach w naszych lod\u00f3wkach.<\/p>\n\n\n\n<p><strong>Dla kogo<\/strong>: dla zainteresowanych wsp\u00f3\u0142czesnymi problemami, ale te\u017c kuchni\u0105 i jej etycznymi i politycznymi aspektami.<\/p>\n\n\n\n<p><strong>Gdzie ogl\u0105da\u0107<\/strong>: <a href=\"https:\/\/www.netflix.com\/title\/80146284\" target=\"_blank\" rel=\"noreferrer noopener\">2 sezony na Netflixie<\/a><\/p>\n<\/div>\n<\/div>\n\n\n\n<h2 class=\"wp-block-heading\">29. Zielona granica<\/h2>\n\n\n\n<div class=\"wp-block-columns is-layout-flex wp-container-87 wp-block-columns-is-layout-flex\">\n<div class=\"wp-block-column is-layout-flow wp-block-column-is-layout-flow\" style=\"flex-basis:33.33%\">\n<figure class=\"wp-block-image size-large\"><img loading=\"lazy\" decoding=\"async\" width=\"500\" height=\"740\" src=\"https:\/\/justynalorenc.com\/wp-content\/uploads\/2021\/01\/zielona-granica.jpg\" alt=\"\" class=\"wp-image-6648\" srcset=\"https:\/\/justynalorenc.com\/wp-content\/uploads\/2021\/01\/zielona-granica.jpg 500w, https:\/\/justynalorenc.com\/wp-content\/uploads\/2021\/01\/zielona-granica-203x300.jpg 203w\" sizes=\"(max-width: 500px) 100vw, 500px\" \/><\/figure>\n<\/div>\n\n\n\n<div class=\"wp-block-column is-layout-flow wp-block-column-is-layout-flow\" style=\"flex-basis:66.66%\">\n<p><strong>Tytu\u0142<\/strong>: Frontera Verde<\/p>\n\n\n\n<p><strong>O czym<\/strong>: Akcja dzieje si\u0119 w sercu&nbsp;d\u017cungli amazo\u0144skiej, gdzie\u015b na granicy kolumbijsko-brazylijskiej. M\u0142oda detektyw z Bogoty przyje\u017cd\u017ca w rodzinne strony rozwik\u0142a\u0107 zagadk\u0119 tajemniczej \u015bmierci czterech kobiet i odkrywa tajemnice swojego pochodzenia.&nbsp;Artystyczne zdj\u0119cia i doskona\u0142a \u015bcie\u017cka d\u017awi\u0119kowa \u2013 ogl\u0105daj\u0105c czujemy wilgotny zapach lasu i jego szelest.<\/p>\n\n\n\n<p><strong>Dla kogo<\/strong>: dla mi\u0142o\u015bnik\u00f3w powolnej akcji, zagadek, tajemnic i natury. <\/p>\n\n\n\n<p><strong>Gdzie ogl\u0105da\u0107<\/strong>: <a href=\"https:\/\/www.filmweb.pl\/serial\/Zielona+granica-2019-836648\" target=\"_blank\" rel=\"noreferrer noopener\">Netflix<\/a><\/p>\n<\/div>\n<\/div>\n\n\n\n<h2 class=\"wp-block-heading\">30. Opowie\u015b\u0107 podr\u0119cznej<\/h2>\n\n\n\n<div class=\"wp-block-columns is-layout-flex wp-container-90 wp-block-columns-is-layout-flex\">\n<div class=\"wp-block-column is-layout-flow wp-block-column-is-layout-flow\" style=\"flex-basis:33.33%\">\n<figure class=\"wp-block-image size-large\"><img loading=\"lazy\" decoding=\"async\" width=\"500\" height=\"709\" src=\"https:\/\/justynalorenc.com\/wp-content\/uploads\/2021\/01\/opowiesc-podrecznej.jpg\" alt=\"\" class=\"wp-image-6641\" srcset=\"https:\/\/justynalorenc.com\/wp-content\/uploads\/2021\/01\/opowiesc-podrecznej.jpg 500w, https:\/\/justynalorenc.com\/wp-content\/uploads\/2021\/01\/opowiesc-podrecznej-212x300.jpg 212w\" sizes=\"(max-width: 500px) 100vw, 500px\" \/><\/figure>\n<\/div>\n\n\n\n<div class=\"wp-block-column is-layout-flow wp-block-column-is-layout-flow\" style=\"flex-basis:66.66%\">\n<p><strong>Tytu\u0142<\/strong>: The Handmaid&#8217;s Tale<\/p>\n\n\n\n<p><strong>O czym<\/strong>: political fiction w najlepszym wydaniu, kt\u00f3ry zna ju\u017c dzi\u015b chyba ka\u017cdy. Dystopijna przysz\u0142o\u015b\u0107, w kt\u00f3rej kobiety zostaj\u0105 pozbawione wszystkich praw i skazane na jedn\u0105 z kilku \u015bci\u015ble okre\u015blonych r\u00f3l w zale\u017cno\u015bci od p\u0142odno\u015bci i wieku, a mimo to nie poddaj\u0105 si\u0119. Wci\u0105gaj\u0105cy i niestety ostatnio niepokoj\u0105co aktualny.<\/p>\n\n\n\n<p><strong>Dla kogo<\/strong>: dla lubi\u0105cych dystopie komentuj\u0105ce rzeczywisto\u015b\u0107 i silne postaci kobiet.<\/p>\n\n\n\n<p><strong>Gdzie ogl\u0105da\u0107<\/strong>: <a href=\"https:\/\/hbogo.pl\/seriale\/opowiesc-podrecznej\/sezon-1\" target=\"_blank\" rel=\"noreferrer noopener\">HBO GO<\/a><\/p>\n<\/div>\n<\/div>\n\n\n\n<div style=\"height:26px\" aria-hidden=\"true\" class=\"wp-block-spacer\"><\/div>\n\n\n\n<hr class=\"wp-block-separator\"\/>\n\n\n\n<p style=\"font-size:17px\">Je\u015bli szukacie czego\u015b nowego do ogl\u0105dania na d\u0142ugie zimowe wieczory, to mam nadziej\u0119, \u017ce znajdziecie tutaj inspiracje!<\/p>\n\n\n\n<h3 class=\"wp-block-heading\">Co jest na mojej li\u015bcie do obejrzenia:<\/h3>\n\n\n\n<p>Zostawiam j\u0105 sobie tutaj, \u017ceby by\u0142a pod r\u0119k\u0105:<\/p>\n\n\n\n<ul><li>Fleabag<\/li><li>I may destroy you<\/li><li>Suits&nbsp;<\/li><li>Mrs america<\/li><li>Normalni ludzie<\/li><li>Babylon berlin<\/li><li>Westworld<\/li><li>The crown<\/li><li>You me her&nbsp;<\/li><li>Fauda<\/li><li>The great British bake off<\/li><li>Sex education&nbsp;<\/li><li>Reina del sur<\/li><\/ul>","protected":false},"excerpt":{"rendered":"<p>Serialowy rok Ostatnio by\u0142o troch\u0119 tre\u015bci ksi\u0105\u017ckowych, wi\u0119c dla r\u00f3wnowagi dzisiaj zapraszam was do krainy seriali. W tym wpisie dziel\u0119 si\u0119 list\u0105 ostatnich&nbsp;odkry\u0107, kt\u00f3re mnie wci\u0105gn\u0119\u0142y i zapewni\u0142y niema\u0142\u0105 rozrywk\u0119 podczas tego dziwnego roku, gdy niekt\u00f3re miesi\u0105ce by\u0142y w stanie uratowa\u0107 tylko ekran, ko\u0142dra i dobry chleb. To nie b\u0119d\u0105 tylko seriale powsta\u0142e w 2020 [&hellip;]<\/p>","protected":false},"author":1,"featured_media":6651,"comment_status":"open","ping_status":"open","sticky":false,"template":"","format":"standard","meta":{"_monsterinsights_skip_tracking":false,"_monsterinsights_sitenote_active":false,"_monsterinsights_sitenote_note":"","_monsterinsights_sitenote_category":0,"footnotes":""},"categories":[44],"tags":[58,26,85,61],"yoast_head":"<!-- This site is optimized with the Yoast SEO plugin v22.0 - https:\/\/yoast.com\/wordpress\/plugins\/seo\/ -->\n<title>Moje odkrycia serialowe 2020 roku &#8211; Justyna Lorenc<\/title>\n<meta name=\"description\" content=\"W tym obszernym wpisie znajdziecie ca\u0142e mn\u00f3stwo ciekawych inspiracji serialowych na d\u0142ugie i ciemne zimowe wieczory!\" \/>\n<meta name=\"robots\" content=\"index, follow, max-snippet:-1, max-image-preview:large, max-video-preview:-1\" \/>\n<link rel=\"canonical\" href=\"https:\/\/justynalorenc.com\/en\/moje-odkrycia-serialowe-2020-roku\/\" \/>\n<meta property=\"og:locale\" content=\"en_GB\" \/>\n<meta property=\"og:type\" content=\"article\" \/>\n<meta property=\"og:title\" content=\"Moje odkrycia serialowe 2020 roku &#8211; Justyna Lorenc\" \/>\n<meta property=\"og:description\" content=\"W tym obszernym wpisie znajdziecie ca\u0142e mn\u00f3stwo ciekawych inspiracji serialowych na d\u0142ugie i ciemne zimowe wieczory!\" \/>\n<meta property=\"og:url\" content=\"https:\/\/justynalorenc.com\/en\/moje-odkrycia-serialowe-2020-roku\/\" \/>\n<meta property=\"og:site_name\" content=\"Justyna Lorenc\" \/>\n<meta property=\"article:publisher\" content=\"https:\/\/www.facebook.com\/justynalorenccom\/\" \/>\n<meta property=\"article:author\" content=\"https:\/\/www.facebook.com\/justynalorenccom\/\" \/>\n<meta property=\"article:published_time\" content=\"2021-01-09T12:00:00+00:00\" \/>\n<meta property=\"article:modified_time\" content=\"2023-06-22T17:54:25+00:00\" \/>\n<meta property=\"og:image\" content=\"https:\/\/justynalorenc.com\/wp-content\/uploads\/2021\/01\/seriale.png\" \/>\n\t<meta property=\"og:image:width\" content=\"1200\" \/>\n\t<meta property=\"og:image:height\" content=\"619\" \/>\n\t<meta property=\"og:image:type\" content=\"image\/png\" \/>\n<meta name=\"author\" content=\"Justyna\" \/>\n<meta name=\"twitter:card\" content=\"summary_large_image\" \/>\n<meta name=\"twitter:label1\" content=\"Written by\" \/>\n\t<meta name=\"twitter:data1\" content=\"Justyna\" \/>\n\t<meta name=\"twitter:label2\" content=\"Estimated reading time\" \/>\n\t<meta name=\"twitter:data2\" content=\"15 minutes\" \/>\n<script type=\"application\/ld+json\" class=\"yoast-schema-graph\">{\"@context\":\"https:\/\/schema.org\",\"@graph\":[{\"@type\":\"Article\",\"@id\":\"https:\/\/justynalorenc.com\/moje-odkrycia-serialowe-2020-roku\/#article\",\"isPartOf\":{\"@id\":\"https:\/\/justynalorenc.com\/moje-odkrycia-serialowe-2020-roku\/\"},\"author\":{\"name\":\"Justyna\",\"@id\":\"https:\/\/justynalorenc.com\/#\/schema\/person\/5f1d38de0ec51979d4c19fbe946b7c99\"},\"headline\":\"Moje odkrycia serialowe 2020 roku\",\"datePublished\":\"2021-01-09T12:00:00+00:00\",\"dateModified\":\"2023-06-22T17:54:25+00:00\",\"mainEntityOfPage\":{\"@id\":\"https:\/\/justynalorenc.com\/moje-odkrycia-serialowe-2020-roku\/\"},\"wordCount\":2921,\"commentCount\":0,\"publisher\":{\"@id\":\"https:\/\/justynalorenc.com\/#\/schema\/person\/5f1d38de0ec51979d4c19fbe946b7c99\"},\"keywords\":[\"filmy\",\"kultura\",\"lifestyle\",\"seriale\"],\"articleSection\":[\"LIFESTYLE\"],\"inLanguage\":\"en-GB\",\"potentialAction\":[{\"@type\":\"CommentAction\",\"name\":\"Comment\",\"target\":[\"https:\/\/justynalorenc.com\/moje-odkrycia-serialowe-2020-roku\/#respond\"]}]},{\"@type\":\"WebPage\",\"@id\":\"https:\/\/justynalorenc.com\/moje-odkrycia-serialowe-2020-roku\/\",\"url\":\"https:\/\/justynalorenc.com\/moje-odkrycia-serialowe-2020-roku\/\",\"name\":\"Moje odkrycia serialowe 2020 roku &#8211; Justyna Lorenc\",\"isPartOf\":{\"@id\":\"https:\/\/justynalorenc.com\/#website\"},\"datePublished\":\"2021-01-09T12:00:00+00:00\",\"dateModified\":\"2023-06-22T17:54:25+00:00\",\"description\":\"W tym obszernym wpisie znajdziecie ca\u0142e mn\u00f3stwo ciekawych inspiracji serialowych na d\u0142ugie i ciemne zimowe wieczory!\",\"breadcrumb\":{\"@id\":\"https:\/\/justynalorenc.com\/moje-odkrycia-serialowe-2020-roku\/#breadcrumb\"},\"inLanguage\":\"en-GB\",\"potentialAction\":[{\"@type\":\"ReadAction\",\"target\":[\"https:\/\/justynalorenc.com\/moje-odkrycia-serialowe-2020-roku\/\"]}]},{\"@type\":\"BreadcrumbList\",\"@id\":\"https:\/\/justynalorenc.com\/moje-odkrycia-serialowe-2020-roku\/#breadcrumb\",\"itemListElement\":[{\"@type\":\"ListItem\",\"position\":1,\"name\":\"Strona g\u0142\u00f3wna\",\"item\":\"https:\/\/justynalorenc.com\/\"},{\"@type\":\"ListItem\",\"position\":2,\"name\":\"Moje odkrycia serialowe 2020 roku\"}]},{\"@type\":\"WebSite\",\"@id\":\"https:\/\/justynalorenc.com\/#website\",\"url\":\"https:\/\/justynalorenc.com\/\",\"name\":\"Justyna Lorenc\",\"description\":\"BLOG - podr\u00f3\u017ce | fotografia | porady | inspiracje | klimatyczne miejsca\",\"publisher\":{\"@id\":\"https:\/\/justynalorenc.com\/#\/schema\/person\/5f1d38de0ec51979d4c19fbe946b7c99\"},\"potentialAction\":[{\"@type\":\"SearchAction\",\"target\":{\"@type\":\"EntryPoint\",\"urlTemplate\":\"https:\/\/justynalorenc.com\/?s={search_term_string}\"},\"query-input\":\"required name=search_term_string\"}],\"inLanguage\":\"en-GB\"},{\"@type\":[\"Person\",\"Organization\"],\"@id\":\"https:\/\/justynalorenc.com\/#\/schema\/person\/5f1d38de0ec51979d4c19fbe946b7c99\",\"name\":\"Justyna\",\"image\":{\"@type\":\"ImageObject\",\"inLanguage\":\"en-GB\",\"@id\":\"https:\/\/justynalorenc.com\/#\/schema\/person\/image\/\",\"url\":\"https:\/\/secure.gravatar.com\/avatar\/841e9b2ea8d5610552749bad1d090415?s=96&d=mm&r=g\",\"contentUrl\":\"https:\/\/secure.gravatar.com\/avatar\/841e9b2ea8d5610552749bad1d090415?s=96&d=mm&r=g\",\"caption\":\"Justyna\"},\"logo\":{\"@id\":\"https:\/\/justynalorenc.com\/#\/schema\/person\/image\/\"},\"sameAs\":[\"https:\/\/www.facebook.com\/justynalorenccom\/\",\"https:\/\/www.instagram.com\/justyna_lorenc\/?hl=pl\"]}]}<\/script>\n<!-- \/ Yoast SEO plugin. -->","yoast_head_json":{"title":"Moje odkrycia serialowe 2020 roku &#8211; Justyna Lorenc","description":"W tym obszernym wpisie znajdziecie ca\u0142e mn\u00f3stwo ciekawych inspiracji serialowych na d\u0142ugie i ciemne zimowe wieczory!","robots":{"index":"index","follow":"follow","max-snippet":"max-snippet:-1","max-image-preview":"max-image-preview:large","max-video-preview":"max-video-preview:-1"},"canonical":"https:\/\/justynalorenc.com\/en\/moje-odkrycia-serialowe-2020-roku\/","og_locale":"en_GB","og_type":"article","og_title":"Moje odkrycia serialowe 2020 roku &#8211; Justyna Lorenc","og_description":"W tym obszernym wpisie znajdziecie ca\u0142e mn\u00f3stwo ciekawych inspiracji serialowych na d\u0142ugie i ciemne zimowe wieczory!","og_url":"https:\/\/justynalorenc.com\/en\/moje-odkrycia-serialowe-2020-roku\/","og_site_name":"Justyna Lorenc","article_publisher":"https:\/\/www.facebook.com\/justynalorenccom\/","article_author":"https:\/\/www.facebook.com\/justynalorenccom\/","article_published_time":"2021-01-09T12:00:00+00:00","article_modified_time":"2023-06-22T17:54:25+00:00","og_image":[{"width":1200,"height":619,"url":"https:\/\/justynalorenc.com\/wp-content\/uploads\/2021\/01\/seriale.png","type":"image\/png"}],"author":"Justyna","twitter_card":"summary_large_image","twitter_misc":{"Written by":"Justyna","Estimated reading time":"15 minutes"},"schema":{"@context":"https:\/\/schema.org","@graph":[{"@type":"Article","@id":"https:\/\/justynalorenc.com\/moje-odkrycia-serialowe-2020-roku\/#article","isPartOf":{"@id":"https:\/\/justynalorenc.com\/moje-odkrycia-serialowe-2020-roku\/"},"author":{"name":"Justyna","@id":"https:\/\/justynalorenc.com\/#\/schema\/person\/5f1d38de0ec51979d4c19fbe946b7c99"},"headline":"Moje odkrycia serialowe 2020 roku","datePublished":"2021-01-09T12:00:00+00:00","dateModified":"2023-06-22T17:54:25+00:00","mainEntityOfPage":{"@id":"https:\/\/justynalorenc.com\/moje-odkrycia-serialowe-2020-roku\/"},"wordCount":2921,"commentCount":0,"publisher":{"@id":"https:\/\/justynalorenc.com\/#\/schema\/person\/5f1d38de0ec51979d4c19fbe946b7c99"},"keywords":["filmy","kultura","lifestyle","seriale"],"articleSection":["LIFESTYLE"],"inLanguage":"en-GB","potentialAction":[{"@type":"CommentAction","name":"Comment","target":["https:\/\/justynalorenc.com\/moje-odkrycia-serialowe-2020-roku\/#respond"]}]},{"@type":"WebPage","@id":"https:\/\/justynalorenc.com\/moje-odkrycia-serialowe-2020-roku\/","url":"https:\/\/justynalorenc.com\/moje-odkrycia-serialowe-2020-roku\/","name":"Moje odkrycia serialowe 2020 roku &#8211; Justyna Lorenc","isPartOf":{"@id":"https:\/\/justynalorenc.com\/#website"},"datePublished":"2021-01-09T12:00:00+00:00","dateModified":"2023-06-22T17:54:25+00:00","description":"W tym obszernym wpisie znajdziecie ca\u0142e mn\u00f3stwo ciekawych inspiracji serialowych na d\u0142ugie i ciemne zimowe wieczory!","breadcrumb":{"@id":"https:\/\/justynalorenc.com\/moje-odkrycia-serialowe-2020-roku\/#breadcrumb"},"inLanguage":"en-GB","potentialAction":[{"@type":"ReadAction","target":["https:\/\/justynalorenc.com\/moje-odkrycia-serialowe-2020-roku\/"]}]},{"@type":"BreadcrumbList","@id":"https:\/\/justynalorenc.com\/moje-odkrycia-serialowe-2020-roku\/#breadcrumb","itemListElement":[{"@type":"ListItem","position":1,"name":"Strona g\u0142\u00f3wna","item":"https:\/\/justynalorenc.com\/"},{"@type":"ListItem","position":2,"name":"Moje odkrycia serialowe 2020 roku"}]},{"@type":"WebSite","@id":"https:\/\/justynalorenc.com\/#website","url":"https:\/\/justynalorenc.com\/","name":"Justyna Lorenc","description":"BLOG - podr\u00f3\u017ce | fotografia | porady | inspiracje | klimatyczne miejsca","publisher":{"@id":"https:\/\/justynalorenc.com\/#\/schema\/person\/5f1d38de0ec51979d4c19fbe946b7c99"},"potentialAction":[{"@type":"SearchAction","target":{"@type":"EntryPoint","urlTemplate":"https:\/\/justynalorenc.com\/?s={search_term_string}"},"query-input":"required name=search_term_string"}],"inLanguage":"en-GB"},{"@type":["Person","Organization"],"@id":"https:\/\/justynalorenc.com\/#\/schema\/person\/5f1d38de0ec51979d4c19fbe946b7c99","name":"Justyna","image":{"@type":"ImageObject","inLanguage":"en-GB","@id":"https:\/\/justynalorenc.com\/#\/schema\/person\/image\/","url":"https:\/\/secure.gravatar.com\/avatar\/841e9b2ea8d5610552749bad1d090415?s=96&d=mm&r=g","contentUrl":"https:\/\/secure.gravatar.com\/avatar\/841e9b2ea8d5610552749bad1d090415?s=96&d=mm&r=g","caption":"Justyna"},"logo":{"@id":"https:\/\/justynalorenc.com\/#\/schema\/person\/image\/"},"sameAs":["https:\/\/www.facebook.com\/justynalorenccom\/","https:\/\/www.instagram.com\/justyna_lorenc\/?hl=pl"]}]}},"_links":{"self":[{"href":"https:\/\/justynalorenc.com\/en\/wp-json\/wp\/v2\/posts\/6321"}],"collection":[{"href":"https:\/\/justynalorenc.com\/en\/wp-json\/wp\/v2\/posts"}],"about":[{"href":"https:\/\/justynalorenc.com\/en\/wp-json\/wp\/v2\/types\/post"}],"author":[{"embeddable":true,"href":"https:\/\/justynalorenc.com\/en\/wp-json\/wp\/v2\/users\/1"}],"replies":[{"embeddable":true,"href":"https:\/\/justynalorenc.com\/en\/wp-json\/wp\/v2\/comments?post=6321"}],"version-history":[{"count":52,"href":"https:\/\/justynalorenc.com\/en\/wp-json\/wp\/v2\/posts\/6321\/revisions"}],"predecessor-version":[{"id":6726,"href":"https:\/\/justynalorenc.com\/en\/wp-json\/wp\/v2\/posts\/6321\/revisions\/6726"}],"wp:featuredmedia":[{"embeddable":true,"href":"https:\/\/justynalorenc.com\/en\/wp-json\/wp\/v2\/media\/6651"}],"wp:attachment":[{"href":"https:\/\/justynalorenc.com\/en\/wp-json\/wp\/v2\/media?parent=6321"}],"wp:term":[{"taxonomy":"category","embeddable":true,"href":"https:\/\/justynalorenc.com\/en\/wp-json\/wp\/v2\/categories?post=6321"},{"taxonomy":"post_tag","embeddable":true,"href":"https:\/\/justynalorenc.com\/en\/wp-json\/wp\/v2\/tags?post=6321"}],"curies":[{"name":"wp","href":"https:\/\/api.w.org\/{rel}","templated":true}]}}