{"id":6309,"date":"2021-01-07T11:00:00","date_gmt":"2021-01-07T10:00:00","guid":{"rendered":"https:\/\/justynalorenc.com\/?p=6309"},"modified":"2023-06-22T19:54:53","modified_gmt":"2023-06-22T17:54:53","slug":"10-ksiazek-ktore-chce-przeczytac-w-2021","status":"publish","type":"post","link":"https:\/\/justynalorenc.com\/en\/10-ksiazek-ktore-chce-przeczytac-w-2021\/","title":{"rendered":"10 Books I Want To Read In 2021"},"content":{"rendered":"<h2 class=\"wp-block-heading\">Plany lekturowe na 2021<\/h2>\n\n\n\n<p>Wraz z pocz\u0105tkiem roku przychodzi moment postanowie\u0144 noworocznych i plan\u00f3w. Ja w tym roku raczej ich nie robi\u0119, poza tym, \u017ce snuj\u0119 sobie po cichu plany podr\u00f3\u017cnicze i rozwijania bloga, ale mam te\u017c ogromn\u0105 list\u0119 lektur, kt\u00f3re czekaj\u0105 w kolejce. Cz\u0119\u015bci\u0105 tej listy chcia\u0142abym si\u0119 z wami tutaj podzieli\u0107, bo mo\u017ce znajdziecie tu tytu\u0142y, kt\u00f3re was te\u017c zainteresuj\u0105! Niek\u00f3re s\u0105 starsze, a inne nowsze, ale naturalnie nie jest to lista kompletna &#8211; ksi\u0105\u017cek, kt\u00f3re chc\u0119 przeczyta\u0107 jest tyle, \u017ce najpewniej \u017cycia mi nie starczy \ud83d\ude42 Tymi jednak planuj\u0119 zaj\u0105\u0107 g\u0142ow\u0119 na pocz\u0105tku tego roku. <\/p>\n\n\n\n<p style=\"font-size:15px\"><strong>Moja osobista lista lektur na 2021:<\/strong><\/p>\n\n\n\n<h2 class=\"wp-block-heading\"><span style=\"color:#000000\" class=\"tadv-color\">1. \u015awiaty r\u00f3wnoleg\u0142e. Czego ucz\u0105 nas p\u0142askoziemcy, homeopaci i r\u00f3\u017cd\u017ckarze, \u0141ukasz Lam\u017ca<\/span><\/h2>\n\n\n\n<div style=\"height:16px\" aria-hidden=\"true\" class=\"wp-block-spacer\"><\/div>\n\n\n\n<div class=\"wp-block-columns is-layout-flex wp-container-3 wp-block-columns-is-layout-flex\">\n<div class=\"wp-block-column is-layout-flow wp-block-column-is-layout-flow\">\n<figure class=\"wp-block-image size-large\"><a href=\"https:\/\/czarne.com.pl\/katalog\/ksiazki\/swiaty-rownolegle\" target=\"_blank\" rel=\"noopener\"><img fetchpriority=\"high\" decoding=\"async\" width=\"634\" height=\"1024\" src=\"https:\/\/justynalorenc.com\/wp-content\/uploads\/2021\/01\/swiatyrownolegle-634x1024.jpg\" alt=\"\u015bwiaty r\u00f3wnoleg\u0142e\" class=\"wp-image-6567\" srcset=\"https:\/\/justynalorenc.com\/wp-content\/uploads\/2021\/01\/swiatyrownolegle-634x1024.jpg 634w, https:\/\/justynalorenc.com\/wp-content\/uploads\/2021\/01\/swiatyrownolegle-186x300.jpg 186w, https:\/\/justynalorenc.com\/wp-content\/uploads\/2021\/01\/swiatyrownolegle.jpg 743w\" sizes=\"(max-width: 634px) 100vw, 634px\" \/><\/a><\/figure>\n<\/div>\n\n\n\n<div class=\"wp-block-column is-layout-flow wp-block-column-is-layout-flow\">\n<hr class=\"wp-block-separator is-style-wide\"\/>\n\n\n\n<p class=\"has-text-align-left\" style=\"font-size:15px\">W opisie wydawcy cztamy: <em>\u0141ukasz Lam\u017ca brawurowo prowadzi nas przez krain\u0119 szarlatanerii, meandry pseudonauki i&nbsp;szczyty teorii spiskowych.<\/em><\/p>\n\n\n\n<p style=\"font-size:15px\"> Spodziewam si\u0119 atrakcyjnie podanego triumfu nauki nad paseudonauk\u0105 i bezpardonowego rozprawiania si\u0119 z p\u0142askoziemcami, antyszczepionkowcami i wielbicielami witaminy C w szalonych dawkach.<\/p>\n\n\n\n<p style=\"font-size:15px\">My\u015bl\u0119, \u017ce ka\u017cdy powinien si\u0119gn\u0105\u0107 po t\u0119 ksi\u0105\u017ck\u0119 w ramach jednodniowego odwyku od internetu, zw\u0142aszcza w tym roku!<\/p>\n\n\n\n<hr class=\"wp-block-separator is-style-wide\"\/>\n<\/div>\n<\/div>\n\n\n\n<h2 class=\"wp-block-heading\"><span style=\"color:#000000\" class=\"tadv-color\">2. Kobiety z Vard\u00f8, Kiran Millwood Hargrave<\/span><\/h2>\n\n\n\n<div style=\"height:16px\" aria-hidden=\"true\" class=\"wp-block-spacer\"><\/div>\n\n\n\n<div class=\"wp-block-columns is-layout-flex wp-container-6 wp-block-columns-is-layout-flex\">\n<div class=\"wp-block-column is-layout-flow wp-block-column-is-layout-flow\">\n<figure class=\"wp-block-image size-large\"><a href=\"https:\/\/www.znak.com.pl\/ksiazka\/kobiety-z-vard-millwood-hargrave-kiran-174911\" target=\"_blank\" rel=\"noopener\"><img decoding=\"async\" width=\"550\" height=\"855\" src=\"https:\/\/justynalorenc.com\/wp-content\/uploads\/2021\/01\/kobiety_z_vardo.jpeg\" alt=\"\" class=\"wp-image-6578\" srcset=\"https:\/\/justynalorenc.com\/wp-content\/uploads\/2021\/01\/kobiety_z_vardo.jpeg 550w, https:\/\/justynalorenc.com\/wp-content\/uploads\/2021\/01\/kobiety_z_vardo-193x300.jpeg 193w\" sizes=\"(max-width: 550px) 100vw, 550px\" \/><\/a><\/figure>\n<\/div>\n\n\n\n<div class=\"wp-block-column is-layout-flow wp-block-column-is-layout-flow\">\n<hr class=\"wp-block-separator is-style-wide\"\/>\n\n\n\n<p style=\"font-size:15px\">P\u00f3\u0142nocna Norwegia w 1617 roku i historia polowa\u0144 na kobiety, kt\u00f3rych najwi\u0119kszym grzechem by\u0142o posiadanie w\u0142asnego zdania i ch\u0119\u0107 niezale\u017cno\u015bci.&nbsp;<\/p>\n\n\n\n<p style=\"font-size:15px\">To fabu\u0142a oparta na prawdziwych wydarzeniach i historii kobiet z ma\u0142ej wyspy na p\u00f3\u0142nocy Norwegii, kt\u00f3re zosta\u0142y oskar\u017cone przez m\u0119\u017cczyzn o czary i spalone na stosie. Wydaje si\u0119 bardzo aktualna i nie mog\u0119 si\u0119 jej doczeka\u0107!   <\/p>\n\n\n\n<hr class=\"wp-block-separator is-style-wide\"\/>\n\n\n<\/div>\n<\/div>\n\n\n\n<h2 class=\"wp-block-heading\"><span style=\"color:#000000\" class=\"tadv-color\">3. Ba\u015b\u0144 o w\u0119\u017cowym sercu albo wt\u00f3re s\u0142owo o Jak\u00f3bie Szeli<\/span>, Radek Rak<\/h2>\n\n\n\n<div style=\"height:16px\" aria-hidden=\"true\" class=\"wp-block-spacer\"><\/div>\n\n\n\n<div class=\"wp-block-columns is-layout-flex wp-container-9 wp-block-columns-is-layout-flex\">\n<div class=\"wp-block-column is-layout-flow wp-block-column-is-layout-flow\">\n<figure class=\"wp-block-image size-large\"><a href=\"https:\/\/powergraph.pl\/katalog\/ksiazki\/basn-o-wezowym-sercu\" target=\"_blank\" rel=\"noopener\"><img decoding=\"async\" width=\"359\" height=\"553\" src=\"https:\/\/justynalorenc.com\/wp-content\/uploads\/2021\/01\/rak_basn.jpg\" alt=\"\" class=\"wp-image-6579\" srcset=\"https:\/\/justynalorenc.com\/wp-content\/uploads\/2021\/01\/rak_basn.jpg 359w, https:\/\/justynalorenc.com\/wp-content\/uploads\/2021\/01\/rak_basn-195x300.jpg 195w\" sizes=\"(max-width: 359px) 100vw, 359px\" \/><\/a><\/figure>\n<\/div>\n\n\n\n<div class=\"wp-block-column is-layout-flow wp-block-column-is-layout-flow\">\n<hr class=\"wp-block-separator is-style-wide\"\/>\n\n\n\n<p style=\"font-size:15px\">Fantastyczna opowie\u015b\u0107 o ch\u0142opskim gniewie i powsta\u0144cu przepe\u0142niona mitami i legendami, oparta na losach Jakuba Szeli, przyw\u00f3dcy rabacji galicyjskiej. Autor polemizuje z poematem Brunona Jasie\u0144skiego z 1926 roku.&nbsp;<\/p>\n\n\n\n<p style=\"font-size:15px\">Na stronie wydawcy czytamy, \u017ce <em>ta ba\u015b\u0144 jest pr\u00f3b\u0105 stworzenia na nowo mitologii Galicji; zawieszona pozostaje mi\u0119dzy histori\u0105 a mitem. Wyrasta z legend, w kt\u00f3re obros\u0142a posta\u0107 ch\u0142opskiego przyw\u00f3dcy \u2013 tych prawdziwych i tych stworzonych przez Radka Raka.<\/em><\/p>\n\n\n\n<p style=\"font-size:15px\">Autor za \u201eBa\u015b\u0144 o w\u0119\u017cowym sercu albo wt\u00f3re s\u0142owo o Jak\u00f3bie Szeli\u201d otrzyma\u0142 nagrod\u0119 Nike.<\/p>\n\n\n\n<hr class=\"wp-block-separator is-style-wide\"\/>\n\n\n<\/div>\n<\/div>\n\n\n\n<h2 class=\"wp-block-heading\"><span style=\"color:#000000\" class=\"tadv-color\">4. Mapa, Barbara Sadurska<\/span><\/h2>\n\n\n\n<div style=\"height:16px\" aria-hidden=\"true\" class=\"wp-block-spacer\"><\/div>\n\n\n\n<div class=\"wp-block-columns is-layout-flex wp-container-12 wp-block-columns-is-layout-flex\">\n<div class=\"wp-block-column is-layout-flow wp-block-column-is-layout-flow\">\n<figure class=\"wp-block-image size-large\"><a href=\"https:\/\/www.znak.com.pl\/ksiazka\/mapa-barbara-sadurska-160392\" target=\"_blank\" rel=\"noopener\"><img loading=\"lazy\" decoding=\"async\" width=\"664\" height=\"1024\" src=\"https:\/\/justynalorenc.com\/wp-content\/uploads\/2021\/01\/sadurska-664x1024.jpeg\" alt=\"\" class=\"wp-image-6583\" srcset=\"https:\/\/justynalorenc.com\/wp-content\/uploads\/2021\/01\/sadurska-664x1024.jpeg 664w, https:\/\/justynalorenc.com\/wp-content\/uploads\/2021\/01\/sadurska-195x300.jpeg 195w, https:\/\/justynalorenc.com\/wp-content\/uploads\/2021\/01\/sadurska-768x1185.jpeg 768w, https:\/\/justynalorenc.com\/wp-content\/uploads\/2021\/01\/sadurska.jpeg 778w\" sizes=\"(max-width: 664px) 100vw, 664px\" \/><\/a><\/figure>\n<\/div>\n\n\n\n<div class=\"wp-block-column is-layout-flow wp-block-column-is-layout-flow\">\n<hr class=\"wp-block-separator is-style-wide\"\/>\n\n\n\n<p style=\"font-size:15px\">Kilka opowiada\u0144, kt\u00f3re \u0142\u0105czy pi\u0119tnastowieczna mapa \u015bwiata, posypane brokatem postmodernistycznej narracji i pi\u0119knego j\u0119zyka. <\/p>\n\n\n\n<p style=\"font-size:15px\">Obietnice wydawcy to jedno, ale autorka za t\u0119 ksi\u0105\u017ck\u0119 otrzyma\u0142a Nagrod\u0119 im. Witolda Gombrowicza za najlepszy debiut w 2020 roku!<\/p>\n\n\n\n<p style=\"font-size:15px\">Recenzj\u0119 znajdziecie <a href=\"https:\/\/www.dwutygodnik.com\/artykul\/8508-skora-swiata.html\" target=\"_blank\" rel=\"noreferrer noopener\">tutaj<\/a>.<\/p>\n\n\n\n<hr class=\"wp-block-separator is-style-wide\"\/>\n<\/div>\n<\/div>\n\n\n\n<h2 class=\"wp-block-heading\"><span style=\"color:#000000\" class=\"tadv-color\">5. Niesamowita S\u0142owia\u0144szczyzna, Maria Janion<\/span><\/h2>\n\n\n\n<div style=\"height:16px\" aria-hidden=\"true\" class=\"wp-block-spacer\"><\/div>\n\n\n\n<div class=\"wp-block-columns is-layout-flex wp-container-15 wp-block-columns-is-layout-flex\">\n<div class=\"wp-block-column is-layout-flow wp-block-column-is-layout-flow\">\n<figure class=\"wp-block-image size-large\"><a href=\"https:\/\/www.wydawnictwoliterackie.pl\/ksiazka\/4078\/Niesamowita-Slowianszczyzna---Maria-Janion\" target=\"_blank\" rel=\"noopener\"><img loading=\"lazy\" decoding=\"async\" width=\"636\" height=\"1024\" src=\"https:\/\/justynalorenc.com\/wp-content\/uploads\/2021\/01\/Janion_Niesamowita_m-636x1024.jpg\" alt=\"\" class=\"wp-image-6581\" srcset=\"https:\/\/justynalorenc.com\/wp-content\/uploads\/2021\/01\/Janion_Niesamowita_m-636x1024.jpg 636w, https:\/\/justynalorenc.com\/wp-content\/uploads\/2021\/01\/Janion_Niesamowita_m-186x300.jpg 186w, https:\/\/justynalorenc.com\/wp-content\/uploads\/2021\/01\/Janion_Niesamowita_m.jpg 709w\" sizes=\"(max-width: 636px) 100vw, 636px\" \/><\/a><\/figure>\n<\/div>\n\n\n\n<div class=\"wp-block-column is-layout-flow wp-block-column-is-layout-flow\">\n<hr class=\"wp-block-separator is-style-wide\"\/>\n\n\n\n<p style=\"font-size:15px\">Fragmenty tej ksi\u0105\u017cki czyta\u0142am jeszcze na polonistyce, ale teraz chcia\u0142abym j\u0105 przeczyta\u0107 ca\u0142\u0105, dok\u0142adnie od pocz\u0105tku do ko\u0144ca, robi\u0105c notatki i wyci\u0105gaj\u0105c z niej du\u017co dla siebie. Autorka o Polsce nauczy\u0142a mnie wi\u0119cej, ni\u017c wszyscy nauczyciele z ka\u017cdego etapu polskiej edukacji.<\/p>\n\n\n\n<p style=\"font-size:15px\">Wiele rozdzia\u0142\u00f3w (i w og\u00f3le tekst\u00f3w autorki) pomaga dobrze zrozumie\u0107, dlaczego my, Polacy, jeste\u015bmy tacy, jacy jeste\u015bmy.<\/p>\n\n\n\n<hr class=\"wp-block-separator is-style-wide\"\/>\n<\/div>\n<\/div>\n\n\n\n<h2 class=\"wp-block-heading\"><span style=\"color:#000000\" class=\"tadv-color\">6. Dom bez klamek, J\u0119drzej Pasierski<\/span><\/h2>\n\n\n\n<div style=\"height:16px\" aria-hidden=\"true\" class=\"wp-block-spacer\"><\/div>\n\n\n\n<div class=\"wp-block-columns is-layout-flex wp-container-18 wp-block-columns-is-layout-flex\">\n<div class=\"wp-block-column is-layout-flow wp-block-column-is-layout-flow\">\n<figure class=\"wp-block-image size-large\"><a href=\"https:\/\/czarne.com.pl\/katalog\/ksiazki\/dom-bez-klamek\" target=\"_blank\" rel=\"noopener\"><img loading=\"lazy\" decoding=\"async\" width=\"380\" height=\"623\" src=\"https:\/\/justynalorenc.com\/wp-content\/uploads\/2021\/01\/large_dom_bez_klamek.jpg\" alt=\"\" class=\"wp-image-6582\" srcset=\"https:\/\/justynalorenc.com\/wp-content\/uploads\/2021\/01\/large_dom_bez_klamek.jpg 380w, https:\/\/justynalorenc.com\/wp-content\/uploads\/2021\/01\/large_dom_bez_klamek-183x300.jpg 183w\" sizes=\"(max-width: 380px) 100vw, 380px\" \/><\/a><\/figure>\n<\/div>\n\n\n\n<div class=\"wp-block-column is-layout-flow wp-block-column-is-layout-flow\">\n<hr class=\"wp-block-separator is-style-wide\"\/>\n\n\n\n<p style=\"font-size:15px\">Czeka na p\u00f3\u0142ce ju\u017c od dawna! Kocham dobre kryminalne historie, kt\u00f3re sprawiaj\u0105, \u017ce zapominam o rzeczywisto\u015bci. <\/p>\n\n\n\n<p style=\"font-size:15px\">Ta pierwsza cze\u015b\u0107 cyklu 3 ksi\u0105\u017cek o Ninie Warwi\u0142ow opowiada o makabrycznym morderstwie i mrocznych tajemnicach szpitala psychiatrycznego.<\/p>\n\n\n\n<hr class=\"wp-block-separator is-style-wide\"\/>\n<\/div>\n<\/div>\n\n\n\n<h2 class=\"wp-block-heading\"><span style=\"color:#000000\" class=\"tadv-color\">7. <\/span><strong>Miniaturzystka, Jessie Burton<\/strong><\/h2>\n\n\n\n<div style=\"height:16px\" aria-hidden=\"true\" class=\"wp-block-spacer\"><\/div>\n\n\n\n<div class=\"wp-block-columns is-layout-flex wp-container-21 wp-block-columns-is-layout-flex\">\n<div class=\"wp-block-column is-layout-flow wp-block-column-is-layout-flow\">\n<figure class=\"wp-block-image size-large\"><a href=\"https:\/\/www.wydawnictwoliterackie.pl\/ksiazka\/2940\/Miniaturzystka---Jessie-Burton\" target=\"_blank\" rel=\"noopener\"><img loading=\"lazy\" decoding=\"async\" width=\"352\" height=\"500\" src=\"https:\/\/justynalorenc.com\/wp-content\/uploads\/2021\/01\/miniaturzystka.jpg\" alt=\"\" class=\"wp-image-6580\" srcset=\"https:\/\/justynalorenc.com\/wp-content\/uploads\/2021\/01\/miniaturzystka.jpg 352w, https:\/\/justynalorenc.com\/wp-content\/uploads\/2021\/01\/miniaturzystka-211x300.jpg 211w\" sizes=\"(max-width: 352px) 100vw, 352px\" \/><\/a><\/figure>\n<\/div>\n\n\n\n<div class=\"wp-block-column is-layout-flow wp-block-column-is-layout-flow\">\n<hr class=\"wp-block-separator is-style-wide\"\/>\n\n\n\n<p style=\"font-size:15px\">Wed\u0142ug wydawcy dostaniemy w tej ksi\u0105\u017cce <em>mi\u0142o\u015b\u0107, po\u017c\u0105danie, zdrad\u0119 i mroczne sekrety bogatych kupc\u00f3w w siedemnastowiecznym Amsterdamie.<\/em><\/p>\n\n\n\n<p style=\"font-size:15px\">Lubi\u0119 takie powie\u015bci z rozmachem, w kt\u00f3rych, opr\u00f3cz klimatu minionych epok i historii, w tle pojawiaj\u0105 si\u0119 kwestie rasowe, p\u0142ciowe i klasowe. Ta jest na mojej li\u015bcie od jakiego\u015b czasu!<\/p>\n\n\n\n<hr class=\"wp-block-separator is-style-wide\"\/>\n<\/div>\n<\/div>\n\n\n\n<h2 class=\"wp-block-heading\"><span style=\"color:#000000\" class=\"tadv-color\">8. 27 \u015bmierci Toby\u2019ego Obeda, Joanna Gierak-Onoszko<\/span><\/h2>\n\n\n\n<div style=\"height:16px\" aria-hidden=\"true\" class=\"wp-block-spacer\"><\/div>\n\n\n\n<div class=\"wp-block-columns is-layout-flex wp-container-24 wp-block-columns-is-layout-flex\">\n<div class=\"wp-block-column is-layout-flow wp-block-column-is-layout-flow\">\n<figure class=\"wp-block-image size-large\"><a href=\"https:\/\/dowody.com\/ksiazka\/27-smierci-tobyego-obeda\/\" target=\"_blank\" rel=\"noopener\"><img loading=\"lazy\" decoding=\"async\" width=\"567\" height=\"855\" src=\"https:\/\/justynalorenc.com\/wp-content\/uploads\/2021\/01\/27_smierci.jpeg\" alt=\"\" class=\"wp-image-6584\" srcset=\"https:\/\/justynalorenc.com\/wp-content\/uploads\/2021\/01\/27_smierci.jpeg 567w, https:\/\/justynalorenc.com\/wp-content\/uploads\/2021\/01\/27_smierci-199x300.jpeg 199w\" sizes=\"(max-width: 567px) 100vw, 567px\" \/><\/a><\/figure>\n<\/div>\n\n\n\n<div class=\"wp-block-column is-layout-flow wp-block-column-is-layout-flow\">\n<hr class=\"wp-block-separator is-style-wide\"\/>\n\n\n\n<p style=\"font-size:15px\">T\u0142em zbioru reporta\u017cy s\u0105 kanadyjskie szko\u0142y z internatem, w kt\u00f3rych przymusowo zamykano dzieci: te india\u0144skie, inuickie i metyskie. Przera\u017caj\u0105cy proceder trwa\u0142 od po\u0142owy XIX wieku a\u017c do po\u0142owy lat 90.\u00a0<\/p>\n\n\n\n<p style=\"font-size:15px\">Cytuj\u0105c autork\u0119: <em>Chodzi\u0142o o to, by oderwa\u0107 je od korzeni, zatrze\u0107 ich to\u017csamo\u015b\u0107, da\u0107 im now\u0105, sformatowan\u0105 wed\u0142ug europejskich wzorc\u00f3w. Dzieci zabierano rodzicom i umieszczano w internatach oddalonych o setki kilometr\u00f3w. Ich wychowawcy zn\u0119cali si\u0119 nad nimi, a nierzadko tak\u017ce wykorzystywali seksualnie.<\/em><\/p>\n\n\n\n<p style=\"font-size:15px\">Autorka w 2020 otrzyma\u0142a za ksi\u0105\u017ck\u0119 Nike czytelnik\u00f3w.<\/p>\n\n\n\n<p style=\"font-size:15px\"><a href=\"https:\/\/wyborcza.pl\/7,75517,26349382,nike-czytelnikow-dla-joanny-gierak-onoszko-za-27-smierci-toby-ego.html\" target=\"_blank\" rel=\"noreferrer noopener\">Tutaj znajdziecie wywiad z autork\u0105, kt\u00f3rym zach\u0119ci\u0142a mnie do si\u0119gni\u0119cia po ksi\u0105\u017ck\u0119 bardziej, ni\u017c wszystkie recenzje.&nbsp;<\/a><\/p>\n\n\n\n<hr class=\"wp-block-separator is-style-wide\"\/>\n<\/div>\n<\/div>\n\n\n\n<h2 class=\"wp-block-heading\"><span style=\"color:#000000\" class=\"tadv-color\">9. Babel. W dwadzie\u015bcia j\u0119zyk\u00f3w dooko\u0142a \u015bwiata, Gaston Dorren<\/span><\/h2>\n\n\n\n<div style=\"height:16px\" aria-hidden=\"true\" class=\"wp-block-spacer\"><\/div>\n\n\n\n<div class=\"wp-block-columns is-layout-flex wp-container-27 wp-block-columns-is-layout-flex\">\n<div class=\"wp-block-column is-layout-flow wp-block-column-is-layout-flow\">\n<figure class=\"wp-block-image size-large\"><a href=\"https:\/\/www.karakter.pl\/ksiazki\/babel\" target=\"_blank\" rel=\"noopener\"><img loading=\"lazy\" decoding=\"async\" width=\"689\" height=\"1024\" src=\"https:\/\/justynalorenc.com\/wp-content\/uploads\/2021\/01\/DORREN__Babel_-_ok_adka_500-689x1024.jpg\" alt=\"\" class=\"wp-image-6585\" srcset=\"https:\/\/justynalorenc.com\/wp-content\/uploads\/2021\/01\/DORREN__Babel_-_ok_adka_500-689x1024.jpg 689w, https:\/\/justynalorenc.com\/wp-content\/uploads\/2021\/01\/DORREN__Babel_-_ok_adka_500-202x300.jpg 202w, https:\/\/justynalorenc.com\/wp-content\/uploads\/2021\/01\/DORREN__Babel_-_ok_adka_500-768x1142.jpg 768w, https:\/\/justynalorenc.com\/wp-content\/uploads\/2021\/01\/DORREN__Babel_-_ok_adka_500.jpg 807w\" sizes=\"(max-width: 689px) 100vw, 689px\" \/><\/a><\/figure>\n<\/div>\n\n\n\n<div class=\"wp-block-column is-layout-flow wp-block-column-is-layout-flow\">\n<hr class=\"wp-block-separator is-style-wide\"\/>\n\n\n\n<p style=\"font-size:15px\">Bo interesuj\u0105 mnie zagadnienia j\u0119zyka, a wydawca obiecuje podr\u00f3\u017c przez 20 j\u0119zyk\u00f3w dooko\u0142a \u015bwiata. Podr\u00f3\u017c pe\u0142n\u0105 dziwnych pyta\u0144 i ciekawych opowie\u015bci o rzeczach nieod\u0142\u0105cznie zwi\u0105zanych z j\u0119zykiem: historii, sposobie my\u015blenia i kulturze.<\/p>\n\n\n\n<hr class=\"wp-block-separator is-style-wide\"\/>\n\n\n<\/div>\n<\/div>\n\n\n\n<h2 class=\"wp-block-heading\"><span style=\"color:#000000\" class=\"tadv-color\">10. Zew w\u0142\u00f3cz\u0119gi. Opowie\u015bci w\u0119drowne, Rebecca Solnit<\/span><\/h2>\n\n\n\n<div style=\"height:16px\" aria-hidden=\"true\" class=\"wp-block-spacer\"><\/div>\n\n\n\n<div class=\"wp-block-columns is-layout-flex wp-container-30 wp-block-columns-is-layout-flex\">\n<div class=\"wp-block-column is-layout-flow wp-block-column-is-layout-flow\">\n<figure class=\"wp-block-image size-large\"><a href=\"https:\/\/www.karakter.pl\/ksiazki\/zew-wloczegi-opowiesci-wedrowne\" target=\"_blank\" rel=\"noopener\"><img loading=\"lazy\" decoding=\"async\" width=\"664\" height=\"960\" src=\"https:\/\/justynalorenc.com\/wp-content\/uploads\/2021\/01\/zew.jpg\" alt=\"\" class=\"wp-image-6586\" srcset=\"https:\/\/justynalorenc.com\/wp-content\/uploads\/2021\/01\/zew.jpg 664w, https:\/\/justynalorenc.com\/wp-content\/uploads\/2021\/01\/zew-208x300.jpg 208w\" sizes=\"(max-width: 664px) 100vw, 664px\" \/><\/a><\/figure>\n<\/div>\n\n\n\n<div class=\"wp-block-column is-layout-flow wp-block-column-is-layout-flow\">\n<hr class=\"wp-block-separator is-style-wide\"\/>\n\n\n\n<p style=\"font-size:15px\">Sama lepiej tego nie napisz\u0119, zatem przytocz\u0119 wam tutaj tylko fragment notki wydawcy:<\/p>\n\n\n\n<p style=\"font-size:15px\"><em>Rebecca Solnit przekonuje, \u017ce przemierzanie przestrzeni rzadko bywa niewinne, cz\u0119sto ma charakter aktu estetycznego, filozoficznego lub politycznego. Przygl\u0105daj\u0105c si\u0119 historii w\u0119drowania oraz wsp\u00f3\u0142istnieniu chodzenia i my\u015blenia, autorka opowiada o dziejach zachodniej kultury, a jej opowie\u015b\u0107 swobodnie meandruje od perypatetyk\u00f3w do Rousseau, od Baudelaire\u2019a do marszy antyglobalist\u00f3w i ekolog\u00f3w.&nbsp;<\/em><\/p>\n\n\n\n<p style=\"font-size:15px\">Ksi\u0105\u017cka dla wszystkich kochaj\u0105cych w\u0142\u00f3czy\u0107 si\u0119 po \u015bwiecie! Poza tym wydawnictwo Karakter nigdy jeszcze mnie nie zawiod\u0142o. <\/p>\n\n\n\n<hr class=\"wp-block-separator is-style-wide\"\/>\n<\/div>\n<\/div>\n\n\n\n<p style=\"font-size:15px\">Chc\u0119 te\u017c przeczyta\u0107 <a href=\"https:\/\/czarne.com.pl\/katalog\/ksiazki\/portrecista-psow\" target=\"_blank\" rel=\"noreferrer noopener\"><em>Portrecist\u0119 ps\u00f3w<\/em> <\/a>(m\u00f3wi si\u0119, \u017ce jeden z lepszych debiut\u00f3w 2020 roku), <a href=\"https:\/\/www.znak.com.pl\/ksiazka\/chrobot-zycie-najzwyklejszych-ludzi-swiata-tomasz-michniewicz-121034\" target=\"_blank\" rel=\"noreferrer noopener\"><em>Chrobot<\/em><\/a> Tomka Michniewicza i <em><a href=\"https:\/\/www.wydawnictwoliterackie.pl\/ksiazka\/5295\/Cywilizacje---Laurent-Binet\" target=\"_blank\" rel=\"noreferrer noopener\">Cywilizacje<\/a><\/em> Laurent Binet oraz wr\u00f3ci\u0107 do Conrada, kt\u00f3rego na studiach nie czyta\u0142am zbyt dok\u0142adnie.<\/p>\n\n\n\n<p style=\"font-size:15px\">Dajcie mi zna\u0107, czy czytali\u015bcie ju\u017c kt\u00f3re\u015b z nich albo czy dopisujecie jak\u0105\u015b pozycj\u0119 do swojej listy!<\/p>","protected":false},"excerpt":{"rendered":"<p>Plany lekturowe na 2021 Wraz z pocz\u0105tkiem roku przychodzi moment postanowie\u0144 noworocznych i plan\u00f3w. Ja w tym roku raczej ich nie robi\u0119, poza tym, \u017ce snuj\u0119 sobie po cichu plany podr\u00f3\u017cnicze i rozwijania bloga, ale mam te\u017c ogromn\u0105 list\u0119 lektur, kt\u00f3re czekaj\u0105 w kolejce. Cz\u0119\u015bci\u0105 tej listy chcia\u0142abym si\u0119 z wami tutaj podzieli\u0107, bo mo\u017ce [&hellip;]<\/p>","protected":false},"author":1,"featured_media":6310,"comment_status":"open","ping_status":"open","sticky":false,"template":"","format":"standard","meta":{"_monsterinsights_skip_tracking":false,"_monsterinsights_sitenote_active":false,"_monsterinsights_sitenote_note":"","_monsterinsights_sitenote_category":0,"footnotes":""},"categories":[44],"tags":[89,60,26,85,59],"yoast_head":"<!-- This site is optimized with the Yoast SEO plugin v22.0 - https:\/\/yoast.com\/wordpress\/plugins\/seo\/ -->\n<title>10 ksi\u0105\u017cek, kt\u00f3re chc\u0119 przeczyta\u0107 w 2021 &#8211; Justyna Lorenc<\/title>\n<meta name=\"description\" content=\"W tym wpisie dziel\u0119 si\u0119 z wami list\u0105 10 ksi\u0105\u017cek, kt\u00f3re czekaj\u0105 w kolejce i kt\u00f3re najbardziej chc\u0119 przeczyta\u0107 w 2021 roku!\" \/>\n<meta name=\"robots\" content=\"index, follow, max-snippet:-1, max-image-preview:large, max-video-preview:-1\" \/>\n<link rel=\"canonical\" href=\"https:\/\/justynalorenc.com\/en\/10-ksiazek-ktore-chce-przeczytac-w-2021\/\" \/>\n<meta property=\"og:locale\" content=\"en_GB\" \/>\n<meta property=\"og:type\" content=\"article\" \/>\n<meta property=\"og:title\" content=\"10 ksi\u0105\u017cek, kt\u00f3re chc\u0119 przeczyta\u0107 w 2021 &#8211; Justyna Lorenc\" \/>\n<meta property=\"og:description\" content=\"W tym wpisie dziel\u0119 si\u0119 z wami list\u0105 10 ksi\u0105\u017cek, kt\u00f3re czekaj\u0105 w kolejce i kt\u00f3re najbardziej chc\u0119 przeczyta\u0107 w 2021 roku!\" \/>\n<meta property=\"og:url\" content=\"https:\/\/justynalorenc.com\/en\/10-ksiazek-ktore-chce-przeczytac-w-2021\/\" \/>\n<meta property=\"og:site_name\" content=\"Justyna Lorenc\" \/>\n<meta property=\"article:publisher\" content=\"https:\/\/www.facebook.com\/justynalorenccom\/\" \/>\n<meta property=\"article:author\" content=\"https:\/\/www.facebook.com\/justynalorenccom\/\" \/>\n<meta property=\"article:published_time\" content=\"2021-01-07T10:00:00+00:00\" \/>\n<meta property=\"article:modified_time\" content=\"2023-06-22T17:54:53+00:00\" \/>\n<meta property=\"og:image\" content=\"https:\/\/justynalorenc.com\/wp-content\/uploads\/2020\/12\/Projekt-bez-tytulu-2.png\" \/>\n\t<meta property=\"og:image:width\" content=\"1153\" \/>\n\t<meta property=\"og:image:height\" content=\"699\" \/>\n\t<meta property=\"og:image:type\" content=\"image\/png\" \/>\n<meta name=\"author\" content=\"Justyna\" \/>\n<meta name=\"twitter:card\" content=\"summary_large_image\" \/>\n<meta name=\"twitter:label1\" content=\"Written by\" \/>\n\t<meta name=\"twitter:data1\" content=\"Justyna\" \/>\n\t<meta name=\"twitter:label2\" content=\"Estimated reading time\" \/>\n\t<meta name=\"twitter:data2\" content=\"5 minutes\" \/>\n<script type=\"application\/ld+json\" class=\"yoast-schema-graph\">{\"@context\":\"https:\/\/schema.org\",\"@graph\":[{\"@type\":\"Article\",\"@id\":\"https:\/\/justynalorenc.com\/10-ksiazek-ktore-chce-przeczytac-w-2021\/#article\",\"isPartOf\":{\"@id\":\"https:\/\/justynalorenc.com\/10-ksiazek-ktore-chce-przeczytac-w-2021\/\"},\"author\":{\"name\":\"Justyna\",\"@id\":\"https:\/\/justynalorenc.com\/#\/schema\/person\/5f1d38de0ec51979d4c19fbe946b7c99\"},\"headline\":\"10 ksi\u0105\u017cek, kt\u00f3re chc\u0119 przeczyta\u0107 w 2021\",\"datePublished\":\"2021-01-07T10:00:00+00:00\",\"dateModified\":\"2023-06-22T17:54:53+00:00\",\"mainEntityOfPage\":{\"@id\":\"https:\/\/justynalorenc.com\/10-ksiazek-ktore-chce-przeczytac-w-2021\/\"},\"wordCount\":963,\"commentCount\":0,\"publisher\":{\"@id\":\"https:\/\/justynalorenc.com\/#\/schema\/person\/5f1d38de0ec51979d4c19fbe946b7c99\"},\"keywords\":[\"inspiracje\",\"ksi\u0105\u017cki\",\"kultura\",\"lifestyle\",\"literatura\"],\"articleSection\":[\"LIFESTYLE\"],\"inLanguage\":\"en-GB\",\"potentialAction\":[{\"@type\":\"CommentAction\",\"name\":\"Comment\",\"target\":[\"https:\/\/justynalorenc.com\/10-ksiazek-ktore-chce-przeczytac-w-2021\/#respond\"]}]},{\"@type\":\"WebPage\",\"@id\":\"https:\/\/justynalorenc.com\/10-ksiazek-ktore-chce-przeczytac-w-2021\/\",\"url\":\"https:\/\/justynalorenc.com\/10-ksiazek-ktore-chce-przeczytac-w-2021\/\",\"name\":\"10 ksi\u0105\u017cek, kt\u00f3re chc\u0119 przeczyta\u0107 w 2021 &#8211; Justyna Lorenc\",\"isPartOf\":{\"@id\":\"https:\/\/justynalorenc.com\/#website\"},\"datePublished\":\"2021-01-07T10:00:00+00:00\",\"dateModified\":\"2023-06-22T17:54:53+00:00\",\"description\":\"W tym wpisie dziel\u0119 si\u0119 z wami list\u0105 10 ksi\u0105\u017cek, kt\u00f3re czekaj\u0105 w kolejce i kt\u00f3re najbardziej chc\u0119 przeczyta\u0107 w 2021 roku!\",\"breadcrumb\":{\"@id\":\"https:\/\/justynalorenc.com\/10-ksiazek-ktore-chce-przeczytac-w-2021\/#breadcrumb\"},\"inLanguage\":\"en-GB\",\"potentialAction\":[{\"@type\":\"ReadAction\",\"target\":[\"https:\/\/justynalorenc.com\/10-ksiazek-ktore-chce-przeczytac-w-2021\/\"]}]},{\"@type\":\"BreadcrumbList\",\"@id\":\"https:\/\/justynalorenc.com\/10-ksiazek-ktore-chce-przeczytac-w-2021\/#breadcrumb\",\"itemListElement\":[{\"@type\":\"ListItem\",\"position\":1,\"name\":\"Strona g\u0142\u00f3wna\",\"item\":\"https:\/\/justynalorenc.com\/\"},{\"@type\":\"ListItem\",\"position\":2,\"name\":\"10 ksi\u0105\u017cek, kt\u00f3re chc\u0119 przeczyta\u0107 w 2021\"}]},{\"@type\":\"WebSite\",\"@id\":\"https:\/\/justynalorenc.com\/#website\",\"url\":\"https:\/\/justynalorenc.com\/\",\"name\":\"Justyna Lorenc\",\"description\":\"BLOG - podr\u00f3\u017ce | fotografia | porady | inspiracje | klimatyczne miejsca\",\"publisher\":{\"@id\":\"https:\/\/justynalorenc.com\/#\/schema\/person\/5f1d38de0ec51979d4c19fbe946b7c99\"},\"potentialAction\":[{\"@type\":\"SearchAction\",\"target\":{\"@type\":\"EntryPoint\",\"urlTemplate\":\"https:\/\/justynalorenc.com\/?s={search_term_string}\"},\"query-input\":\"required name=search_term_string\"}],\"inLanguage\":\"en-GB\"},{\"@type\":[\"Person\",\"Organization\"],\"@id\":\"https:\/\/justynalorenc.com\/#\/schema\/person\/5f1d38de0ec51979d4c19fbe946b7c99\",\"name\":\"Justyna\",\"image\":{\"@type\":\"ImageObject\",\"inLanguage\":\"en-GB\",\"@id\":\"https:\/\/justynalorenc.com\/#\/schema\/person\/image\/\",\"url\":\"https:\/\/secure.gravatar.com\/avatar\/841e9b2ea8d5610552749bad1d090415?s=96&d=mm&r=g\",\"contentUrl\":\"https:\/\/secure.gravatar.com\/avatar\/841e9b2ea8d5610552749bad1d090415?s=96&d=mm&r=g\",\"caption\":\"Justyna\"},\"logo\":{\"@id\":\"https:\/\/justynalorenc.com\/#\/schema\/person\/image\/\"},\"sameAs\":[\"https:\/\/www.facebook.com\/justynalorenccom\/\",\"https:\/\/www.instagram.com\/justyna_lorenc\/?hl=pl\"]}]}<\/script>\n<!-- \/ Yoast SEO plugin. -->","yoast_head_json":{"title":"10 ksi\u0105\u017cek, kt\u00f3re chc\u0119 przeczyta\u0107 w 2021 &#8211; Justyna Lorenc","description":"W tym wpisie dziel\u0119 si\u0119 z wami list\u0105 10 ksi\u0105\u017cek, kt\u00f3re czekaj\u0105 w kolejce i kt\u00f3re najbardziej chc\u0119 przeczyta\u0107 w 2021 roku!","robots":{"index":"index","follow":"follow","max-snippet":"max-snippet:-1","max-image-preview":"max-image-preview:large","max-video-preview":"max-video-preview:-1"},"canonical":"https:\/\/justynalorenc.com\/en\/10-ksiazek-ktore-chce-przeczytac-w-2021\/","og_locale":"en_GB","og_type":"article","og_title":"10 ksi\u0105\u017cek, kt\u00f3re chc\u0119 przeczyta\u0107 w 2021 &#8211; Justyna Lorenc","og_description":"W tym wpisie dziel\u0119 si\u0119 z wami list\u0105 10 ksi\u0105\u017cek, kt\u00f3re czekaj\u0105 w kolejce i kt\u00f3re najbardziej chc\u0119 przeczyta\u0107 w 2021 roku!","og_url":"https:\/\/justynalorenc.com\/en\/10-ksiazek-ktore-chce-przeczytac-w-2021\/","og_site_name":"Justyna Lorenc","article_publisher":"https:\/\/www.facebook.com\/justynalorenccom\/","article_author":"https:\/\/www.facebook.com\/justynalorenccom\/","article_published_time":"2021-01-07T10:00:00+00:00","article_modified_time":"2023-06-22T17:54:53+00:00","og_image":[{"width":1153,"height":699,"url":"https:\/\/justynalorenc.com\/wp-content\/uploads\/2020\/12\/Projekt-bez-tytulu-2.png","type":"image\/png"}],"author":"Justyna","twitter_card":"summary_large_image","twitter_misc":{"Written by":"Justyna","Estimated reading time":"5 minutes"},"schema":{"@context":"https:\/\/schema.org","@graph":[{"@type":"Article","@id":"https:\/\/justynalorenc.com\/10-ksiazek-ktore-chce-przeczytac-w-2021\/#article","isPartOf":{"@id":"https:\/\/justynalorenc.com\/10-ksiazek-ktore-chce-przeczytac-w-2021\/"},"author":{"name":"Justyna","@id":"https:\/\/justynalorenc.com\/#\/schema\/person\/5f1d38de0ec51979d4c19fbe946b7c99"},"headline":"10 ksi\u0105\u017cek, kt\u00f3re chc\u0119 przeczyta\u0107 w 2021","datePublished":"2021-01-07T10:00:00+00:00","dateModified":"2023-06-22T17:54:53+00:00","mainEntityOfPage":{"@id":"https:\/\/justynalorenc.com\/10-ksiazek-ktore-chce-przeczytac-w-2021\/"},"wordCount":963,"commentCount":0,"publisher":{"@id":"https:\/\/justynalorenc.com\/#\/schema\/person\/5f1d38de0ec51979d4c19fbe946b7c99"},"keywords":["inspiracje","ksi\u0105\u017cki","kultura","lifestyle","literatura"],"articleSection":["LIFESTYLE"],"inLanguage":"en-GB","potentialAction":[{"@type":"CommentAction","name":"Comment","target":["https:\/\/justynalorenc.com\/10-ksiazek-ktore-chce-przeczytac-w-2021\/#respond"]}]},{"@type":"WebPage","@id":"https:\/\/justynalorenc.com\/10-ksiazek-ktore-chce-przeczytac-w-2021\/","url":"https:\/\/justynalorenc.com\/10-ksiazek-ktore-chce-przeczytac-w-2021\/","name":"10 ksi\u0105\u017cek, kt\u00f3re chc\u0119 przeczyta\u0107 w 2021 &#8211; Justyna Lorenc","isPartOf":{"@id":"https:\/\/justynalorenc.com\/#website"},"datePublished":"2021-01-07T10:00:00+00:00","dateModified":"2023-06-22T17:54:53+00:00","description":"W tym wpisie dziel\u0119 si\u0119 z wami list\u0105 10 ksi\u0105\u017cek, kt\u00f3re czekaj\u0105 w kolejce i kt\u00f3re najbardziej chc\u0119 przeczyta\u0107 w 2021 roku!","breadcrumb":{"@id":"https:\/\/justynalorenc.com\/10-ksiazek-ktore-chce-przeczytac-w-2021\/#breadcrumb"},"inLanguage":"en-GB","potentialAction":[{"@type":"ReadAction","target":["https:\/\/justynalorenc.com\/10-ksiazek-ktore-chce-przeczytac-w-2021\/"]}]},{"@type":"BreadcrumbList","@id":"https:\/\/justynalorenc.com\/10-ksiazek-ktore-chce-przeczytac-w-2021\/#breadcrumb","itemListElement":[{"@type":"ListItem","position":1,"name":"Strona g\u0142\u00f3wna","item":"https:\/\/justynalorenc.com\/"},{"@type":"ListItem","position":2,"name":"10 ksi\u0105\u017cek, kt\u00f3re chc\u0119 przeczyta\u0107 w 2021"}]},{"@type":"WebSite","@id":"https:\/\/justynalorenc.com\/#website","url":"https:\/\/justynalorenc.com\/","name":"Justyna Lorenc","description":"BLOG - podr\u00f3\u017ce | fotografia | porady | inspiracje | klimatyczne miejsca","publisher":{"@id":"https:\/\/justynalorenc.com\/#\/schema\/person\/5f1d38de0ec51979d4c19fbe946b7c99"},"potentialAction":[{"@type":"SearchAction","target":{"@type":"EntryPoint","urlTemplate":"https:\/\/justynalorenc.com\/?s={search_term_string}"},"query-input":"required name=search_term_string"}],"inLanguage":"en-GB"},{"@type":["Person","Organization"],"@id":"https:\/\/justynalorenc.com\/#\/schema\/person\/5f1d38de0ec51979d4c19fbe946b7c99","name":"Justyna","image":{"@type":"ImageObject","inLanguage":"en-GB","@id":"https:\/\/justynalorenc.com\/#\/schema\/person\/image\/","url":"https:\/\/secure.gravatar.com\/avatar\/841e9b2ea8d5610552749bad1d090415?s=96&d=mm&r=g","contentUrl":"https:\/\/secure.gravatar.com\/avatar\/841e9b2ea8d5610552749bad1d090415?s=96&d=mm&r=g","caption":"Justyna"},"logo":{"@id":"https:\/\/justynalorenc.com\/#\/schema\/person\/image\/"},"sameAs":["https:\/\/www.facebook.com\/justynalorenccom\/","https:\/\/www.instagram.com\/justyna_lorenc\/?hl=pl"]}]}},"_links":{"self":[{"href":"https:\/\/justynalorenc.com\/en\/wp-json\/wp\/v2\/posts\/6309"}],"collection":[{"href":"https:\/\/justynalorenc.com\/en\/wp-json\/wp\/v2\/posts"}],"about":[{"href":"https:\/\/justynalorenc.com\/en\/wp-json\/wp\/v2\/types\/post"}],"author":[{"embeddable":true,"href":"https:\/\/justynalorenc.com\/en\/wp-json\/wp\/v2\/users\/1"}],"replies":[{"embeddable":true,"href":"https:\/\/justynalorenc.com\/en\/wp-json\/wp\/v2\/comments?post=6309"}],"version-history":[{"count":27,"href":"https:\/\/justynalorenc.com\/en\/wp-json\/wp\/v2\/posts\/6309\/revisions"}],"predecessor-version":[{"id":6679,"href":"https:\/\/justynalorenc.com\/en\/wp-json\/wp\/v2\/posts\/6309\/revisions\/6679"}],"wp:featuredmedia":[{"embeddable":true,"href":"https:\/\/justynalorenc.com\/en\/wp-json\/wp\/v2\/media\/6310"}],"wp:attachment":[{"href":"https:\/\/justynalorenc.com\/en\/wp-json\/wp\/v2\/media?parent=6309"}],"wp:term":[{"taxonomy":"category","embeddable":true,"href":"https:\/\/justynalorenc.com\/en\/wp-json\/wp\/v2\/categories?post=6309"},{"taxonomy":"post_tag","embeddable":true,"href":"https:\/\/justynalorenc.com\/en\/wp-json\/wp\/v2\/tags?post=6309"}],"curies":[{"name":"wp","href":"https:\/\/api.w.org\/{rel}","templated":true}]}}