{"id":581,"date":"2018-10-14T18:18:10","date_gmt":"2018-10-14T16:18:10","guid":{"rendered":"http:\/\/bloggini.pl\/?p=581"},"modified":"2023-06-22T19:06:51","modified_gmt":"2023-06-22T17:06:51","slug":"krakow-subiektywny-przewodnik","status":"publish","type":"post","link":"https:\/\/justynalorenc.com\/en\/krakow-subiektywny-przewodnik\/","title":{"rendered":"Krakow, Poland \u2013 My Best Guide"},"content":{"rendered":"<p><\/p>\n\n\n\n<p style=\"color:#2e963e;font-size:18px\" class=\"has-text-color\">Poniewa\u017c mieszkam w Krakowie ju\u017c wiele, wiele lat, postanowi\u0142am zrobi\u0107 post o najfajniejszych miejscach, kt\u00f3re mo\u017cecie tu zobaczy\u0107 b\u0119d\u0105c na weekend, a tak\u017ce o pysznych miejsc\u00f3wkach na lunch i drinka. Nie pisz\u0119 w nim o miejscach, o kt\u00f3rych mo\u017cecie przeczyta\u0107 w ka\u017cdym przewodniku turystycznym (chocia\u017c wymieniam kilka z nich, ale w nieco innym wydaniu) &#8211;&nbsp; to raczej mini ranking ciekawych lokalizacji, w kt\u00f3rych sama bywam i kt\u00f3re mog\u0119 poleci\u0107, je\u015bli chcecie ciekawie sp\u0119dzi\u0107 czas. Zapraszam do czytania!<\/p>\n\n\n\n<h2 class=\"wp-block-heading\" style=\"text-align:center\"><strong>RYNEK I OKOLICE<\/strong> <\/h2>\n\n\n\n<p>O Rynku i Starym Mie\u015bcie w Krakowie napisano ju\u017c tak wiele, \u017ce nie zamierzam zanudza\u0107 nikogo historycznymi datami, ani faktami, kt\u00f3re \u0142atwo mo\u017cecie zlokalizowa\u0107 w Wikipedii. Krakowskie <strong>Stare Miasto<\/strong> jednak nie ko\u0144czy si\u0119 na <strong>Rynku<\/strong> i <strong>Wawelu<\/strong>, a lista ciekawych, ma\u0142o znanych miejsc nie ma ko\u0144ca. Z oczywisto\u015bci warto zobaczy\u0107 witra\u017ce w <strong>Ko\u015bciele Mariackim<\/strong> (nie jestem fank\u0105 sztuki sakralnej i og\u00f3lnie ko\u015bcio\u0142\u00f3w, ale drewniany o\u0142tarz Wita Stwosza i okienne witra\u017ce ( wsp\u00f3lna praca Mehoffera i Wyspia\u0144skiego) naprawd\u0119 robi\u0105 wra\u017cenie!) i poszpera\u0107 na straganach w <strong>Sukiennicach<\/strong>, a tak\u017ce zej\u015b\u0107 do podziemi do Muzeum znajduj\u0105cego si\u0119 pod Rynkiem i poczu\u0107 si\u0119 jak w \u015bredniowiecznym mie\u015bcie lub wspi\u0105\u0107 si\u0119 na pi\u0119tro do <strong>Galerii Sztuki Polskiej XX wieku<\/strong>.<\/p>\n\n\n\n<h3 class=\"wp-block-heading\" style=\"text-align:center\"><strong>Co zobaczy\u0107?&nbsp;<\/strong><\/h3>\n\n\n\n<p style=\"text-align:center\"><strong>Rynek i Ko\u015bci\u00f3\u0142 Mariacki z kawiarni w sukiennicach<\/strong><\/p>\n\n\n\n<p>Po wizycie w Muzeum lub po spacerze historycznymi zak\u0105tkami Starego Miasta mo\u017cna wst\u0105pi\u0107 na kaw\u0119 lub drinka do kawiarni znajduj\u0105cej si\u0119 na pierwszym pi\u0119trze Sukiennic, sk\u0105d rozci\u0105ga si\u0119 pi\u0119kny widok na o\u015bwietlony s\u0142o\u0144cem g\u0142\u00f3wny plac miejski (nie polecam oszcz\u0119dnym &#8211; ceny mo\u017ce nie s\u0105 przesadnie wysokie jak na rynek, ale s\u0105 miejsca, w kt\u00f3rych lepsz\u0105 kaw\u0119 dostaniecie w bardziej rozs\u0105dnej cenie)<\/p>\n\n\n\n<ul class=\"wp-block-gallery columns-2 is-cropped wp-block-gallery-1 is-layout-flex wp-block-gallery-is-layout-flex\"><li class=\"blocks-gallery-item\"><figure><img fetchpriority=\"high\" decoding=\"async\" width=\"776\" height=\"1200\" src=\"http:\/\/bloggini.pl\/wp-content\/uploads\/2018\/10\/rynek1-5.jpg\" alt=\"\" data-id=\"904\" data-link=\"http:\/\/bloggini.pl\/krakow-subiektywny-przewodnik\/rynek1-6\/\" class=\"wp-image-904\" srcset=\"https:\/\/justynalorenc.com\/wp-content\/uploads\/2018\/10\/rynek1-5.jpg 776w, https:\/\/justynalorenc.com\/wp-content\/uploads\/2018\/10\/rynek1-5-194x300.jpg 194w, https:\/\/justynalorenc.com\/wp-content\/uploads\/2018\/10\/rynek1-5-662x1024.jpg 662w, https:\/\/justynalorenc.com\/wp-content\/uploads\/2018\/10\/rynek1-5-768x1188.jpg 768w\" sizes=\"(max-width: 776px) 100vw, 776px\" \/><\/figure><\/li><li class=\"blocks-gallery-item\"><figure><img decoding=\"async\" width=\"800\" height=\"1200\" src=\"http:\/\/bloggini.pl\/wp-content\/uploads\/2018\/10\/rynek2-2-1.jpg\" alt=\"\" data-id=\"905\" data-link=\"http:\/\/bloggini.pl\/krakow-subiektywny-przewodnik\/rynek2-2-2\/\" class=\"wp-image-905\" srcset=\"https:\/\/justynalorenc.com\/wp-content\/uploads\/2018\/10\/rynek2-2-1.jpg 800w, https:\/\/justynalorenc.com\/wp-content\/uploads\/2018\/10\/rynek2-2-1-200x300.jpg 200w, https:\/\/justynalorenc.com\/wp-content\/uploads\/2018\/10\/rynek2-2-1-683x1024.jpg 683w, https:\/\/justynalorenc.com\/wp-content\/uploads\/2018\/10\/rynek2-2-1-768x1152.jpg 768w\" sizes=\"(max-width: 800px) 100vw, 800px\" \/><\/figure><\/li><\/ul>\n\n\n\n<ul class=\"wp-block-gallery columns-1 is-cropped wp-block-gallery-3 is-layout-flex wp-block-gallery-is-layout-flex\"><li class=\"blocks-gallery-item\"><figure><img decoding=\"async\" width=\"1200\" height=\"768\" src=\"http:\/\/bloggini.pl\/wp-content\/uploads\/2018\/10\/rynek3-1.jpg\" alt=\"\" data-id=\"718\" data-link=\"http:\/\/bloggini.pl\/krakow-subiektywny-przewodnik\/rynek3-2\/\" class=\"wp-image-718\" srcset=\"https:\/\/justynalorenc.com\/wp-content\/uploads\/2018\/10\/rynek3-1.jpg 1200w, https:\/\/justynalorenc.com\/wp-content\/uploads\/2018\/10\/rynek3-1-300x192.jpg 300w, https:\/\/justynalorenc.com\/wp-content\/uploads\/2018\/10\/rynek3-1-1024x655.jpg 1024w, https:\/\/justynalorenc.com\/wp-content\/uploads\/2018\/10\/rynek3-1-768x492.jpg 768w, https:\/\/justynalorenc.com\/wp-content\/uploads\/2018\/10\/rynek3-1-1080x691.jpg 1080w\" sizes=\"(max-width: 1200px) 100vw, 1200px\" \/><\/figure><\/li><\/ul>\n\n\n\n<p style=\"text-align:center\"><strong>Wawel z kawiarni w Jubilacie (Cafe Vidok)&nbsp;<\/strong><\/p>\n\n\n\n<p>Najpi\u0119kniejszy widok na <strong>Wis\u0142\u0119<\/strong>, opr\u00f3cz pysznej kawy i drinka wieczorem, zaserwuj\u0105 Wam w kawiarni (lekko tr\u0105c\u0105cej PRLem, ale ma to sw\u00f3j niepowtarzalny urok) na dachu domu handlowego Jubilat. Walczcie o stolik na tarasie &#8211; warto!<\/p>\n\n\n\n<ul class=\"wp-block-gallery columns-0 is-cropped wp-block-gallery-5 is-layout-flex wp-block-gallery-is-layout-flex\"><li class=\"blocks-gallery-item\"><figure><img loading=\"lazy\" decoding=\"async\" width=\"800\" height=\"1200\" src=\"http:\/\/bloggini.pl\/wp-content\/uploads\/2018\/10\/jubilat1-1.jpg\" alt=\"\" data-id=\"731\" data-link=\"http:\/\/bloggini.pl\/krakow-subiektywny-przewodnik\/jubilat1-2\/\" class=\"wp-image-731\" srcset=\"https:\/\/justynalorenc.com\/wp-content\/uploads\/2018\/10\/jubilat1-1.jpg 800w, https:\/\/justynalorenc.com\/wp-content\/uploads\/2018\/10\/jubilat1-1-200x300.jpg 200w, https:\/\/justynalorenc.com\/wp-content\/uploads\/2018\/10\/jubilat1-1-683x1024.jpg 683w, https:\/\/justynalorenc.com\/wp-content\/uploads\/2018\/10\/jubilat1-1-768x1152.jpg 768w\" sizes=\"(max-width: 800px) 100vw, 800px\" \/><\/figure><\/li><li class=\"blocks-gallery-item\"><figure><img loading=\"lazy\" decoding=\"async\" width=\"800\" height=\"1200\" src=\"http:\/\/bloggini.pl\/wp-content\/uploads\/2018\/10\/jubilat2-1.jpg\" alt=\"\" data-id=\"732\" data-link=\"http:\/\/bloggini.pl\/krakow-subiektywny-przewodnik\/jubilat2-2\/\" class=\"wp-image-732\" srcset=\"https:\/\/justynalorenc.com\/wp-content\/uploads\/2018\/10\/jubilat2-1.jpg 800w, https:\/\/justynalorenc.com\/wp-content\/uploads\/2018\/10\/jubilat2-1-200x300.jpg 200w, https:\/\/justynalorenc.com\/wp-content\/uploads\/2018\/10\/jubilat2-1-683x1024.jpg 683w, https:\/\/justynalorenc.com\/wp-content\/uploads\/2018\/10\/jubilat2-1-768x1152.jpg 768w\" sizes=\"(max-width: 800px) 100vw, 800px\" \/><\/figure><\/li><li class=\"blocks-gallery-item\"><figure><img loading=\"lazy\" decoding=\"async\" width=\"1200\" height=\"776\" src=\"http:\/\/bloggini.pl\/wp-content\/uploads\/2018\/10\/jubilat3.jpg\" alt=\"\" data-id=\"733\" data-link=\"http:\/\/bloggini.pl\/krakow-subiektywny-przewodnik\/jubilat3\/\" class=\"wp-image-733\" srcset=\"https:\/\/justynalorenc.com\/wp-content\/uploads\/2018\/10\/jubilat3.jpg 1200w, https:\/\/justynalorenc.com\/wp-content\/uploads\/2018\/10\/jubilat3-300x194.jpg 300w, https:\/\/justynalorenc.com\/wp-content\/uploads\/2018\/10\/jubilat3-1024x662.jpg 1024w, https:\/\/justynalorenc.com\/wp-content\/uploads\/2018\/10\/jubilat3-768x497.jpg 768w, https:\/\/justynalorenc.com\/wp-content\/uploads\/2018\/10\/jubilat3-1080x698.jpg 1080w\" sizes=\"(max-width: 1200px) 100vw, 1200px\" \/><\/figure><\/li><\/ul>\n\n\n\n<p style=\"text-align:center\"><strong>Kamienica Szo\u0142ayskich na Placu Szczepa\u0144skim<\/strong><\/p>\n\n\n\n<p>Wiele ciekawych wystaw, spotka\u0144 autorskich, koncert\u00f3w i wyk\u0142ad\u00f3w, a to wszystko w przepi\u0119knych wn\u0119trzach zabytkowej kamienicy.<\/p>\n\n\n\n<p style=\"text-align:center\"><strong>Dziedziniec Collegium Maius UJ<\/strong><\/p>\n\n\n\n<p>Najstarszy budynek <strong>Uniwersytetu Jagiello\u0144skiego<\/strong> przyci\u0105ga w swoje gotyckie mury nie tylko student\u00f3w, ale tak\u017ce mi\u0142o\u015bnik\u00f3w architektury i historii. W dawnej siedzibie biblioteki, a dzi\u015b muzeum, mo\u017cecie zobaczy\u0107 mi\u0119dzy innymi przyrz\u0105dy, kt\u00f3rych u\u017cywa\u0142 Miko\u0142aj Kopernik.<\/p>\n\n\n\n<ul class=\"wp-block-gallery columns-2 is-cropped wp-block-gallery-7 is-layout-flex wp-block-gallery-is-layout-flex\"><li class=\"blocks-gallery-item\"><figure><img loading=\"lazy\" decoding=\"async\" width=\"800\" height=\"1200\" src=\"http:\/\/bloggini.pl\/wp-content\/uploads\/2018\/10\/kamienica-szolayskich.jpg\" alt=\"\" data-id=\"734\" data-link=\"http:\/\/bloggini.pl\/krakow-subiektywny-przewodnik\/kamienica-szolayskich\/\" class=\"wp-image-734\" srcset=\"https:\/\/justynalorenc.com\/wp-content\/uploads\/2018\/10\/kamienica-szolayskich.jpg 800w, https:\/\/justynalorenc.com\/wp-content\/uploads\/2018\/10\/kamienica-szolayskich-200x300.jpg 200w, https:\/\/justynalorenc.com\/wp-content\/uploads\/2018\/10\/kamienica-szolayskich-683x1024.jpg 683w, https:\/\/justynalorenc.com\/wp-content\/uploads\/2018\/10\/kamienica-szolayskich-768x1152.jpg 768w\" sizes=\"(max-width: 800px) 100vw, 800px\" \/><\/figure><\/li><li class=\"blocks-gallery-item\"><figure><img loading=\"lazy\" decoding=\"async\" width=\"800\" height=\"1200\" src=\"http:\/\/bloggini.pl\/wp-content\/uploads\/2018\/10\/collegium-maius.jpg\" alt=\"\" data-id=\"728\" data-link=\"http:\/\/bloggini.pl\/krakow-subiektywny-przewodnik\/collegium-maius\/\" class=\"wp-image-728\" srcset=\"https:\/\/justynalorenc.com\/wp-content\/uploads\/2018\/10\/collegium-maius.jpg 800w, https:\/\/justynalorenc.com\/wp-content\/uploads\/2018\/10\/collegium-maius-200x300.jpg 200w, https:\/\/justynalorenc.com\/wp-content\/uploads\/2018\/10\/collegium-maius-683x1024.jpg 683w, https:\/\/justynalorenc.com\/wp-content\/uploads\/2018\/10\/collegium-maius-768x1152.jpg 768w\" sizes=\"(max-width: 800px) 100vw, 800px\" \/><\/figure><\/li><li class=\"blocks-gallery-item\"><figure><img loading=\"lazy\" decoding=\"async\" width=\"1200\" height=\"744\" src=\"http:\/\/bloggini.pl\/wp-content\/uploads\/2018\/10\/collegium-maius2.jpg\" alt=\"\" data-id=\"729\" data-link=\"http:\/\/bloggini.pl\/krakow-subiektywny-przewodnik\/collegium-maius2\/\" class=\"wp-image-729\" srcset=\"https:\/\/justynalorenc.com\/wp-content\/uploads\/2018\/10\/collegium-maius2.jpg 1200w, https:\/\/justynalorenc.com\/wp-content\/uploads\/2018\/10\/collegium-maius2-300x186.jpg 300w, https:\/\/justynalorenc.com\/wp-content\/uploads\/2018\/10\/collegium-maius2-1024x635.jpg 1024w, https:\/\/justynalorenc.com\/wp-content\/uploads\/2018\/10\/collegium-maius2-768x476.jpg 768w, https:\/\/justynalorenc.com\/wp-content\/uploads\/2018\/10\/collegium-maius2-1080x670.jpg 1080w\" sizes=\"(max-width: 1200px) 100vw, 1200px\" \/><\/figure><\/li><\/ul>\n\n\n\n<p style=\"text-align:center\"><strong>Dom Matejki<\/strong><\/p>\n\n\n\n<p>W oddziale krakowskiego<strong> Muzeum Narodowego<\/strong> (w tym samym domu, w kt\u00f3rym Matejko urodzi\u0142 si\u0119 w w 1838 roku) po\u015bwi\u0119conego malarzowi mo\u017cecie podejrze\u0107, na jakim \u0142\u00f3\u017cku spa\u0142 artysta, dowiedzie\u0107 si\u0119, jak wygl\u0105da\u0142o jego \u017cycie codzienne, a tak\u017ce zobaczy\u0107 jego pracowni\u0119, w kt\u00f3rej powstawa\u0142y znane dzi\u015b na ca\u0142ym \u015bwiecie prace.<\/p>\n\n\n\n<p style=\"text-align:center\"><strong>Dom Mehoffera i Meho Cafe<\/strong><\/p>\n\n\n\n<p>\u015aliczna kawiarenka ukryta w ogromnym zielonym ogrodzie za kamienic\u0105 mieszcz\u0105c\u0105 muzeum jest idealnym miejscem na cichy odpoczynek po ca\u0142ym dniu zwiedzania. Ma\u0142e stoliki ukryte w\u015br\u00f3d zieleni sprawiaj\u0105 wra\u017cenie zatrzymanych w czasie. Warto zobaczy\u0107 te\u017c wn\u0119trza <strong>domu J\u00f3zefa Mehoffera<\/strong> &#8211; krakowskiego malarza i projektanta wn\u0119trz &#8211; z autentycznym wyposa\u017ceniem. Pi\u0119knie urz\u0105dzone pokoje b\u0119d\u0105 gratk\u0105 dla ka\u017cdego mi\u0142o\u015bnika designu. Zabytkowe meble i prace artysty mo\u017cna zwiedzi\u0107 za 10 z\u0142 (bilet ulgowy 5 z\u0142).<\/p>\n\n\n\n<ul class=\"wp-block-gallery columns-2 is-cropped wp-block-gallery-9 is-layout-flex wp-block-gallery-is-layout-flex\"><li class=\"blocks-gallery-item\"><figure><img loading=\"lazy\" decoding=\"async\" width=\"800\" height=\"1200\" src=\"http:\/\/bloggini.pl\/wp-content\/uploads\/2018\/10\/meho-cafe-2.jpg\" alt=\"\" data-id=\"736\" data-link=\"http:\/\/bloggini.pl\/krakow-subiektywny-przewodnik\/meho-cafe-2\/\" class=\"wp-image-736\" srcset=\"https:\/\/justynalorenc.com\/wp-content\/uploads\/2018\/10\/meho-cafe-2.jpg 800w, https:\/\/justynalorenc.com\/wp-content\/uploads\/2018\/10\/meho-cafe-2-200x300.jpg 200w, https:\/\/justynalorenc.com\/wp-content\/uploads\/2018\/10\/meho-cafe-2-683x1024.jpg 683w, https:\/\/justynalorenc.com\/wp-content\/uploads\/2018\/10\/meho-cafe-2-768x1152.jpg 768w\" sizes=\"(max-width: 800px) 100vw, 800px\" \/><\/figure><\/li><li class=\"blocks-gallery-item\"><figure><img loading=\"lazy\" decoding=\"async\" width=\"800\" height=\"1200\" src=\"http:\/\/bloggini.pl\/wp-content\/uploads\/2018\/10\/dom-matejki.jpg\" alt=\"\" data-id=\"730\" data-link=\"http:\/\/bloggini.pl\/krakow-subiektywny-przewodnik\/dom-matejki\/\" class=\"wp-image-730\" srcset=\"https:\/\/justynalorenc.com\/wp-content\/uploads\/2018\/10\/dom-matejki.jpg 800w, https:\/\/justynalorenc.com\/wp-content\/uploads\/2018\/10\/dom-matejki-200x300.jpg 200w, https:\/\/justynalorenc.com\/wp-content\/uploads\/2018\/10\/dom-matejki-683x1024.jpg 683w, https:\/\/justynalorenc.com\/wp-content\/uploads\/2018\/10\/dom-matejki-768x1152.jpg 768w\" sizes=\"(max-width: 800px) 100vw, 800px\" \/><\/figure><\/li><\/ul>\n\n\n\n<div class=\"wp-block-image\"><figure class=\"aligncenter\"><img loading=\"lazy\" decoding=\"async\" width=\"800\" height=\"1200\" src=\"http:\/\/bloggini.pl\/wp-content\/uploads\/2018\/10\/meho-cafe-1-1.jpg\" alt=\"\" class=\"wp-image-770\" srcset=\"https:\/\/justynalorenc.com\/wp-content\/uploads\/2018\/10\/meho-cafe-1-1.jpg 800w, https:\/\/justynalorenc.com\/wp-content\/uploads\/2018\/10\/meho-cafe-1-1-200x300.jpg 200w, https:\/\/justynalorenc.com\/wp-content\/uploads\/2018\/10\/meho-cafe-1-1-683x1024.jpg 683w, https:\/\/justynalorenc.com\/wp-content\/uploads\/2018\/10\/meho-cafe-1-1-768x1152.jpg 768w\" sizes=\"(max-width: 800px) 100vw, 800px\" \/><\/figure><\/div>\n\n\n\n<p style=\"text-align:center\"><strong>Muzeum Narodowe<\/strong><\/p>\n\n\n\n<p>Kolejne miejsce, obok kt\u00f3rego nie mo\u017ce przej\u015b\u0107 oboj\u0119tnie \u017caden amator mebli i wystroju wn\u0119trz &#8211; \u015bwietna galeria rzemios\u0142a artystycznego prezentuje meble, tkaniny i ubiory &#8211; najciekawsze te z XIX wieku. Do ko\u0144ca kwietnia 2019 roku mo\u017cna te\u017c obejrze\u0107 najwi\u0119ksz\u0105 dotychczas wystaw\u0119 dzie\u0142 <strong>Stanis\u0142awa Wyspia\u0144skiego<\/strong>.<\/p>\n\n\n\n<ul class=\"wp-block-gallery aligncenter columns-1 is-cropped wp-block-gallery-11 is-layout-flex wp-block-gallery-is-layout-flex\"><li class=\"blocks-gallery-item\"><figure><img loading=\"lazy\" decoding=\"async\" width=\"1200\" height=\"646\" src=\"http:\/\/bloggini.pl\/wp-content\/uploads\/2018\/10\/muzeum-narodowe-1.jpg\" alt=\"\" data-id=\"742\" class=\"wp-image-742\" srcset=\"https:\/\/justynalorenc.com\/wp-content\/uploads\/2018\/10\/muzeum-narodowe-1.jpg 1200w, https:\/\/justynalorenc.com\/wp-content\/uploads\/2018\/10\/muzeum-narodowe-1-300x162.jpg 300w, https:\/\/justynalorenc.com\/wp-content\/uploads\/2018\/10\/muzeum-narodowe-1-1024x551.jpg 1024w, https:\/\/justynalorenc.com\/wp-content\/uploads\/2018\/10\/muzeum-narodowe-1-768x413.jpg 768w, https:\/\/justynalorenc.com\/wp-content\/uploads\/2018\/10\/muzeum-narodowe-1-1080x581.jpg 1080w\" sizes=\"(max-width: 1200px) 100vw, 1200px\" \/><\/figure><\/li><\/ul>\n\n\n\n<h3 class=\"wp-block-heading\" style=\"text-align:center\"><strong>Gdzie je\u015b\u0107?<\/strong><\/h3>\n\n\n\n<p><strong>Sto\u0142\u00f3wka na dachu Akademii Muzycznej<\/strong> &#8211; smaczne jedzenie za niewielk\u0105 cen\u0119 z najpi\u0119kniejszym widokiem na Krak\u00f3w\n\n<\/p>\n\n\n\n<p><strong>Charlotte i Petite France<\/strong> &#8211; obie kawiarnie idealne na francuskie \u015bniadanie (jedyne dwa miejsca w mie\u015bcie serwuj\u0105ce prawdziwe francuskie croissanty), a w Charlotte mo\u017cna te\u017c wypi\u0107 karafk\u0119 wina wieczorem<\/p>\n\n\n\n<ul class=\"wp-block-gallery columns-3 is-cropped wp-block-gallery-13 is-layout-flex wp-block-gallery-is-layout-flex\"><li class=\"blocks-gallery-item\"><figure><img loading=\"lazy\" decoding=\"async\" width=\"1200\" height=\"800\" src=\"http:\/\/bloggini.pl\/wp-content\/uploads\/2018\/10\/MG_1677-5.jpg\" alt=\"\" data-id=\"879\" data-link=\"http:\/\/bloggini.pl\/krakow-subiektywny-przewodnik\/_mg_1677-6\/\" class=\"wp-image-879\" srcset=\"https:\/\/justynalorenc.com\/wp-content\/uploads\/2018\/10\/MG_1677-5.jpg 1200w, https:\/\/justynalorenc.com\/wp-content\/uploads\/2018\/10\/MG_1677-5-300x200.jpg 300w, https:\/\/justynalorenc.com\/wp-content\/uploads\/2018\/10\/MG_1677-5-1024x683.jpg 1024w, https:\/\/justynalorenc.com\/wp-content\/uploads\/2018\/10\/MG_1677-5-768x512.jpg 768w, https:\/\/justynalorenc.com\/wp-content\/uploads\/2018\/10\/MG_1677-5-1080x720.jpg 1080w\" sizes=\"(max-width: 1200px) 100vw, 1200px\" \/><\/figure><\/li><li class=\"blocks-gallery-item\"><figure><img loading=\"lazy\" decoding=\"async\" width=\"800\" height=\"1200\" src=\"http:\/\/bloggini.pl\/wp-content\/uploads\/2018\/10\/MG_1726-5.jpg\" alt=\"\" data-id=\"878\" data-link=\"http:\/\/bloggini.pl\/krakow-subiektywny-przewodnik\/_mg_1726-6\/\" class=\"wp-image-878\" srcset=\"https:\/\/justynalorenc.com\/wp-content\/uploads\/2018\/10\/MG_1726-5.jpg 800w, https:\/\/justynalorenc.com\/wp-content\/uploads\/2018\/10\/MG_1726-5-200x300.jpg 200w, https:\/\/justynalorenc.com\/wp-content\/uploads\/2018\/10\/MG_1726-5-683x1024.jpg 683w, https:\/\/justynalorenc.com\/wp-content\/uploads\/2018\/10\/MG_1726-5-768x1152.jpg 768w\" sizes=\"(max-width: 800px) 100vw, 800px\" \/><\/figure><\/li><li class=\"blocks-gallery-item\"><figure><img loading=\"lazy\" decoding=\"async\" width=\"1200\" height=\"800\" src=\"http:\/\/bloggini.pl\/wp-content\/uploads\/2018\/10\/MG_1829-3.jpg\" alt=\"\" data-id=\"880\" data-link=\"http:\/\/bloggini.pl\/krakow-subiektywny-przewodnik\/_mg_1829-4\/\" class=\"wp-image-880\" srcset=\"https:\/\/justynalorenc.com\/wp-content\/uploads\/2018\/10\/MG_1829-3.jpg 1200w, https:\/\/justynalorenc.com\/wp-content\/uploads\/2018\/10\/MG_1829-3-300x200.jpg 300w, https:\/\/justynalorenc.com\/wp-content\/uploads\/2018\/10\/MG_1829-3-1024x683.jpg 1024w, https:\/\/justynalorenc.com\/wp-content\/uploads\/2018\/10\/MG_1829-3-768x512.jpg 768w, https:\/\/justynalorenc.com\/wp-content\/uploads\/2018\/10\/MG_1829-3-1080x720.jpg 1080w\" sizes=\"(max-width: 1200px) 100vw, 1200px\" \/><\/figure><\/li><\/ul>\n\n\n\n<ul class=\"wp-block-gallery aligncenter columns-1 is-cropped wp-block-gallery-15 is-layout-flex wp-block-gallery-is-layout-flex\"><li class=\"blocks-gallery-item\"><figure><img loading=\"lazy\" decoding=\"async\" width=\"1200\" height=\"800\" src=\"http:\/\/bloggini.pl\/wp-content\/uploads\/2018\/10\/MG_1724-2.jpg\" alt=\"\" data-id=\"771\" class=\"wp-image-771\" srcset=\"https:\/\/justynalorenc.com\/wp-content\/uploads\/2018\/10\/MG_1724-2.jpg 1200w, https:\/\/justynalorenc.com\/wp-content\/uploads\/2018\/10\/MG_1724-2-300x200.jpg 300w, https:\/\/justynalorenc.com\/wp-content\/uploads\/2018\/10\/MG_1724-2-1024x683.jpg 1024w, https:\/\/justynalorenc.com\/wp-content\/uploads\/2018\/10\/MG_1724-2-768x512.jpg 768w, https:\/\/justynalorenc.com\/wp-content\/uploads\/2018\/10\/MG_1724-2-1080x720.jpg 1080w\" sizes=\"(max-width: 1200px) 100vw, 1200px\" \/><\/figure><\/li><\/ul>\n\n\n\n<p><strong>Meho cafe<\/strong> &#8211; wspomniany wcze\u015bniej zaczarowany ogr\u00f3dek &#8211; na lunch lub kaw\u0119<\/p>\n\n\n\n<p><strong>Kalejdoskop<\/strong> &#8211; niech was nie zmyli lokalizacja i styl na dworcow\u0105 bud\u0119 &#8211; najlepsze pielmieni w Krakowie robione na miejscu przez bardzo mi\u0142\u0105 w\u0142a\u015bcicielk\u0119<\/p>\n\n\n\n<p><strong>Konfederacka 4<\/strong> &#8211; klimatyczne miejsce z&nbsp; dobrym jedzeniem i winem w niepozornej cho\u0107 \u015blicznej dzielnicy D\u0119bniki<\/p>\n\n\n\n<p><strong>Pizzatopia<\/strong> &#8211; szybka i niedroga pizza z dobrego ciasta&nbsp;<\/p>\n\n\n\n<p><strong>Pizza garden<\/strong> &#8211; pyszna pizza, kt\u00f3rej jedyny mankament to czas oczekiwania w letni wiecz\u00f3r<\/p>\n\n\n\n<p><strong>Bunkier cafe<\/strong> &#8211; kwintesencja krakowskiego klimatu barowego &#8211; bar przyklejony do <strong>Bunkra Sztuki<\/strong> (Galeria Sztuki Wsp\u00f3\u0142czesnej) mie\u015bci si\u0119 w pawilonie na samych Plantach i o ka\u017cdej porze jest tu duszno, t\u0142oczno i bardzo g\u0142o\u015bno, ale przy tym tak przyjemnie i przytulnie, \u017ce nie chce si\u0119 wychodzi\u0107<\/p>\n\n\n\n<ul class=\"wp-block-gallery columns-2 is-cropped wp-block-gallery-17 is-layout-flex wp-block-gallery-is-layout-flex\"><li class=\"blocks-gallery-item\"><figure><img loading=\"lazy\" decoding=\"async\" width=\"800\" height=\"1200\" src=\"http:\/\/bloggini.pl\/wp-content\/uploads\/2018\/10\/MG_1736.jpg\" alt=\"\" data-id=\"725\" data-link=\"http:\/\/bloggini.pl\/krakow-subiektywny-przewodnik\/_mg_1736\/\" class=\"wp-image-725\" srcset=\"https:\/\/justynalorenc.com\/wp-content\/uploads\/2018\/10\/MG_1736.jpg 800w, https:\/\/justynalorenc.com\/wp-content\/uploads\/2018\/10\/MG_1736-200x300.jpg 200w, https:\/\/justynalorenc.com\/wp-content\/uploads\/2018\/10\/MG_1736-683x1024.jpg 683w, https:\/\/justynalorenc.com\/wp-content\/uploads\/2018\/10\/MG_1736-768x1152.jpg 768w\" sizes=\"(max-width: 800px) 100vw, 800px\" \/><\/figure><\/li><li class=\"blocks-gallery-item\"><figure><img loading=\"lazy\" decoding=\"async\" width=\"1200\" height=\"826\" src=\"http:\/\/bloggini.pl\/wp-content\/uploads\/2018\/10\/MG_1806.jpg\" alt=\"\" data-id=\"727\" data-link=\"http:\/\/bloggini.pl\/krakow-subiektywny-przewodnik\/_mg_1806\/\" class=\"wp-image-727\" srcset=\"https:\/\/justynalorenc.com\/wp-content\/uploads\/2018\/10\/MG_1806.jpg 1200w, https:\/\/justynalorenc.com\/wp-content\/uploads\/2018\/10\/MG_1806-300x207.jpg 300w, https:\/\/justynalorenc.com\/wp-content\/uploads\/2018\/10\/MG_1806-1024x705.jpg 1024w, https:\/\/justynalorenc.com\/wp-content\/uploads\/2018\/10\/MG_1806-768x529.jpg 768w, https:\/\/justynalorenc.com\/wp-content\/uploads\/2018\/10\/MG_1806-1080x743.jpg 1080w\" sizes=\"(max-width: 1200px) 100vw, 1200px\" \/><\/figure><\/li><li class=\"blocks-gallery-item\"><figure><img loading=\"lazy\" decoding=\"async\" width=\"1200\" height=\"814\" src=\"http:\/\/bloggini.pl\/wp-content\/uploads\/2018\/10\/MG_1688.jpg\" alt=\"\" data-id=\"722\" data-link=\"http:\/\/bloggini.pl\/krakow-subiektywny-przewodnik\/_mg_1688\/\" class=\"wp-image-722\" srcset=\"https:\/\/justynalorenc.com\/wp-content\/uploads\/2018\/10\/MG_1688.jpg 1200w, https:\/\/justynalorenc.com\/wp-content\/uploads\/2018\/10\/MG_1688-300x204.jpg 300w, https:\/\/justynalorenc.com\/wp-content\/uploads\/2018\/10\/MG_1688-1024x695.jpg 1024w, https:\/\/justynalorenc.com\/wp-content\/uploads\/2018\/10\/MG_1688-768x521.jpg 768w, https:\/\/justynalorenc.com\/wp-content\/uploads\/2018\/10\/MG_1688-1080x733.jpg 1080w\" sizes=\"(max-width: 1200px) 100vw, 1200px\" \/><\/figure><\/li><\/ul>\n\n\n\n<h3 class=\"wp-block-heading\" style=\"text-align:center\"><strong>Gdzie si\u0119 bawi\u0107?<\/strong><\/h3>\n\n\n\n<p><strong>Dolnych M\u0142yn\u00f3w<\/strong> &#8211; sporo nowych bar\u00f3w i kawiarni, ostatnio dosy\u0107 modne i zat\u0142oczone miejsce, w zwi\u0105zku z czym nigdy nie jest nudno. W by\u0142ych budynkach zak\u0142ad\u00f3w tytoniowych przekszta\u0142conych w kawiarnie w zale\u017cnosci od nastroju mo\u017cna wypi\u0107 kaw\u0119, drinka, zje\u015b\u0107, zgubi\u0107 si\u0119 w escape roomie lub poszale\u0107 na parkiecie<\/p>\n\n\n\n<p><strong>Bomba&nbsp;<\/strong>&#8211; dla pragn\u0105cych tanecznej rozrywki do bia\u0142ego rana i amator\u00f3w mocniejszych elektro-brzmie\u0144<\/p>\n\n\n\n<p><strong>Feniks <\/strong>&#8211; chcesz przenie\u015b\u0107 si\u0119 w czasie do dawnych lat, zaczynaj\u0105c od przedwojennego dancingu, a ko\u0144cz\u0105c na peerelowskiej pota\u0144c\u00f3wce? To wszystko znajdziesz tutaj &#8211; eleganccy kelnerzy, muzyka na \u017cywo, go\u015bcie w wieku 20+ i 80+ szalej\u0105cy razem w rytm przeboj\u00f3w minionego wieku i legendarne zak\u0105ski. Lokal dzia\u0142a od 1933 roku i prawdopodobnie b\u0119dzie dzia\u0142a\u0142 zawsze<\/p>\n\n\n\n<p><strong>Kino ARS <\/strong>&#8211; ma\u0142e studyjne kino mieszcz\u0105ce si\u0119 w niewielkiej kamienicy przy ul. \u015bw. Jana ma niepowtarzalny klimat. Nie tylko dla tych z sentymentem wspominaj\u0105cych lata \u015bwietno\u015bci polskiego kina<\/p>\n\n\n\n<p><strong>Nowa Prowincja <\/strong>&#8211;&nbsp;klimatyczna kawiarnia odwiedzana przez lokalnych artyst\u00f3w. Idealna zar\u00f3wno na \u015bniadanie, jak i mro\u017any wiecz\u00f3r (i najlepsz\u0105 gor\u0105c\u0105 czekolad\u0119 i ciasta Pani Gosi). Koniecznie wyspinajcie si\u0119 na ma\u0142e pi\u0119terko mieszcz\u0105ce dwa stoliki<\/p>\n\n\n\n<ul class=\"wp-block-gallery columns-2 is-cropped wp-block-gallery-19 is-layout-flex wp-block-gallery-is-layout-flex\"><li class=\"blocks-gallery-item\"><figure><img loading=\"lazy\" decoding=\"async\" width=\"800\" height=\"1200\" src=\"http:\/\/bloggini.pl\/wp-content\/uploads\/2018\/10\/MG_1685-1.jpg\" alt=\"\" data-id=\"757\" data-link=\"http:\/\/bloggini.pl\/krakow-subiektywny-przewodnik\/_mg_1685-2\/\" class=\"wp-image-757\" srcset=\"https:\/\/justynalorenc.com\/wp-content\/uploads\/2018\/10\/MG_1685-1.jpg 800w, https:\/\/justynalorenc.com\/wp-content\/uploads\/2018\/10\/MG_1685-1-200x300.jpg 200w, https:\/\/justynalorenc.com\/wp-content\/uploads\/2018\/10\/MG_1685-1-683x1024.jpg 683w, https:\/\/justynalorenc.com\/wp-content\/uploads\/2018\/10\/MG_1685-1-768x1152.jpg 768w\" sizes=\"(max-width: 800px) 100vw, 800px\" \/><\/figure><\/li><li class=\"blocks-gallery-item\"><figure><img loading=\"lazy\" decoding=\"async\" width=\"800\" height=\"1200\" src=\"http:\/\/bloggini.pl\/wp-content\/uploads\/2018\/10\/MG_1776-1.jpg\" alt=\"\" data-id=\"756\" data-link=\"http:\/\/bloggini.pl\/krakow-subiektywny-przewodnik\/_mg_1776-2\/\" class=\"wp-image-756\" srcset=\"https:\/\/justynalorenc.com\/wp-content\/uploads\/2018\/10\/MG_1776-1.jpg 800w, https:\/\/justynalorenc.com\/wp-content\/uploads\/2018\/10\/MG_1776-1-200x300.jpg 200w, https:\/\/justynalorenc.com\/wp-content\/uploads\/2018\/10\/MG_1776-1-683x1024.jpg 683w, https:\/\/justynalorenc.com\/wp-content\/uploads\/2018\/10\/MG_1776-1-768x1152.jpg 768w\" sizes=\"(max-width: 800px) 100vw, 800px\" \/><\/figure><\/li><\/ul>\n\n\n\n<ul class=\"wp-block-gallery columns-1 is-cropped wp-block-gallery-21 is-layout-flex wp-block-gallery-is-layout-flex\"><li class=\"blocks-gallery-item\"><figure><img loading=\"lazy\" decoding=\"async\" width=\"1200\" height=\"824\" src=\"http:\/\/bloggini.pl\/wp-content\/uploads\/2018\/10\/MG_1690-1.jpg\" alt=\"\" data-id=\"758\" data-link=\"http:\/\/bloggini.pl\/krakow-subiektywny-przewodnik\/_mg_1690-2\/\" class=\"wp-image-758\" srcset=\"https:\/\/justynalorenc.com\/wp-content\/uploads\/2018\/10\/MG_1690-1.jpg 1200w, https:\/\/justynalorenc.com\/wp-content\/uploads\/2018\/10\/MG_1690-1-300x206.jpg 300w, https:\/\/justynalorenc.com\/wp-content\/uploads\/2018\/10\/MG_1690-1-1024x703.jpg 1024w, https:\/\/justynalorenc.com\/wp-content\/uploads\/2018\/10\/MG_1690-1-768x527.jpg 768w, https:\/\/justynalorenc.com\/wp-content\/uploads\/2018\/10\/MG_1690-1-1080x742.jpg 1080w\" sizes=\"(max-width: 1200px) 100vw, 1200px\" \/><\/figure><\/li><\/ul>\n\n\n\n<ul class=\"wp-block-gallery columns-1 is-cropped wp-block-gallery-23 is-layout-flex wp-block-gallery-is-layout-flex\"><li class=\"blocks-gallery-item\"><figure><img loading=\"lazy\" decoding=\"async\" width=\"1200\" height=\"899\" src=\"http:\/\/bloggini.pl\/wp-content\/uploads\/2018\/10\/MG_1777.jpg\" alt=\"\" data-id=\"751\" data-link=\"http:\/\/bloggini.pl\/krakow-subiektywny-przewodnik\/_mg_1777\/\" class=\"wp-image-751\" srcset=\"https:\/\/justynalorenc.com\/wp-content\/uploads\/2018\/10\/MG_1777.jpg 1200w, https:\/\/justynalorenc.com\/wp-content\/uploads\/2018\/10\/MG_1777-300x225.jpg 300w, https:\/\/justynalorenc.com\/wp-content\/uploads\/2018\/10\/MG_1777-1024x767.jpg 1024w, https:\/\/justynalorenc.com\/wp-content\/uploads\/2018\/10\/MG_1777-768x575.jpg 768w, https:\/\/justynalorenc.com\/wp-content\/uploads\/2018\/10\/MG_1777-1080x809.jpg 1080w\" sizes=\"(max-width: 1200px) 100vw, 1200px\" \/><\/figure><\/li><\/ul>\n\n\n\n<h1 class=\"wp-block-heading\" style=\"text-align:center\"><strong>KAZIMIERZ<\/strong><\/h1>\n\n\n\n<p>Kazimierz Wielki za\u0142o\u017cy\u0142 Kazimierz jako nowe miasto w XIV wieku, kt\u00f3re by\u0142o wa\u017cnym o\u015brodkiem handlu, a\u017c do czasu, gdy jego rozw\u00f3j artystyczny i ekonomiczny przerwa\u0142a wojna. Prawie 20 tysi\u0119cy krakowskich \u017byd\u00f3w zosta\u0142o wysiedlonych do getta w Podg\u00f3rzu, a sama dzielnica przez kolejne lata kojarzona by\u0142a ze zniszczonymi, opuszczonymi budynkami, nieciekawymi ciemnymi uliczkami, bied\u0105 i odrapanymi \u015bcianami. By\u0142a te\u017c uwa\u017cana za do\u015b\u0107 niebezpieczne miejsce. Dzi\u0119ki jej ponownemu rozkwitowi w latach 90 dzi\u015b mo\u017cemy cieszy\u0107 si\u0119 t\u0119tni\u0105cymi \u017cyciem uliczkami pe\u0142nymi sklep\u00f3w vintage, festiwalami, kolorowymi knajpkami i pysznym jedzeniem.<\/p>\n\n\n\n<h2 class=\"wp-block-heading\" style=\"text-align:center\"><strong>Co zobaczy\u0107?<\/strong><\/h2>\n\n\n\n<p style=\"text-align:center\"><strong>Synagoga Stara<\/strong><\/p>\n\n\n\n<p>Jedna z najstarszych zachowanych bo\u017cnic w Polsce, znajduj\u0105ca si\u0119 na rogu ulicy Szerokiej i J\u00f3zefa, dzi\u015b znajduje si\u0119 w niej oddzia\u0142 <strong>Muzeum Historycznego<\/strong><\/p>\n\n\n\n<p style=\"text-align:center\"><strong>Synagoga Remu i&nbsp;Stary Cmentarz \u017bydowski (Remuh)<\/strong><\/p>\n\n\n\n<p>Jedna z dw\u00f3ch czynnych synagog w Krakowie (druga to <strong>Tempel<\/strong> &#8211; dla por\u00f3wnania przed drug\u0105 wojn\u0105 funkcjonowa\u0142o oko\u0142o 90 synagog), w kt\u00f3rej odbywaj\u0105 si\u0119 regularne nabo\u017ce\u0144stwa. Za bo\u017cnic\u0105 mo\u017cna zobaczy\u0107 cmentarz istniej\u0105cy od XVI wieku &#8211; dzi\u015b odniowiony, w czasie wojny jednak hitlerowcy zrobili tu tymczasowe wysypisko \u015bmieci<\/p>\n\n\n\n<ul class=\"wp-block-gallery columns-3 is-cropped wp-block-gallery-25 is-layout-flex wp-block-gallery-is-layout-flex\"><li class=\"blocks-gallery-item\"><figure><img loading=\"lazy\" decoding=\"async\" width=\"800\" height=\"1200\" src=\"http:\/\/bloggini.pl\/wp-content\/uploads\/2018\/10\/MG_1905-1.jpg\" alt=\"\" data-id=\"822\" data-link=\"http:\/\/bloggini.pl\/krakow-subiektywny-przewodnik\/_mg_1905-2\/\" class=\"wp-image-822\" srcset=\"https:\/\/justynalorenc.com\/wp-content\/uploads\/2018\/10\/MG_1905-1.jpg 800w, https:\/\/justynalorenc.com\/wp-content\/uploads\/2018\/10\/MG_1905-1-200x300.jpg 200w, https:\/\/justynalorenc.com\/wp-content\/uploads\/2018\/10\/MG_1905-1-683x1024.jpg 683w, https:\/\/justynalorenc.com\/wp-content\/uploads\/2018\/10\/MG_1905-1-768x1152.jpg 768w\" sizes=\"(max-width: 800px) 100vw, 800px\" \/><\/figure><\/li><li class=\"blocks-gallery-item\"><figure><img loading=\"lazy\" decoding=\"async\" width=\"800\" height=\"1200\" src=\"http:\/\/bloggini.pl\/wp-content\/uploads\/2018\/10\/MG_1937-1.jpg\" alt=\"\" data-id=\"820\" data-link=\"http:\/\/bloggini.pl\/krakow-subiektywny-przewodnik\/_mg_1937-2\/\" class=\"wp-image-820\" srcset=\"https:\/\/justynalorenc.com\/wp-content\/uploads\/2018\/10\/MG_1937-1.jpg 800w, https:\/\/justynalorenc.com\/wp-content\/uploads\/2018\/10\/MG_1937-1-200x300.jpg 200w, https:\/\/justynalorenc.com\/wp-content\/uploads\/2018\/10\/MG_1937-1-683x1024.jpg 683w, https:\/\/justynalorenc.com\/wp-content\/uploads\/2018\/10\/MG_1937-1-768x1152.jpg 768w\" sizes=\"(max-width: 800px) 100vw, 800px\" \/><\/figure><\/li><li class=\"blocks-gallery-item\"><figure><img loading=\"lazy\" decoding=\"async\" width=\"833\" height=\"1200\" src=\"http:\/\/bloggini.pl\/wp-content\/uploads\/2018\/10\/MG_1947-2.jpg\" alt=\"\" data-id=\"823\" data-link=\"http:\/\/bloggini.pl\/krakow-subiektywny-przewodnik\/_mg_1947-3\/\" class=\"wp-image-823\" srcset=\"https:\/\/justynalorenc.com\/wp-content\/uploads\/2018\/10\/MG_1947-2.jpg 833w, https:\/\/justynalorenc.com\/wp-content\/uploads\/2018\/10\/MG_1947-2-208x300.jpg 208w, https:\/\/justynalorenc.com\/wp-content\/uploads\/2018\/10\/MG_1947-2-711x1024.jpg 711w, https:\/\/justynalorenc.com\/wp-content\/uploads\/2018\/10\/MG_1947-2-768x1106.jpg 768w\" sizes=\"(max-width: 833px) 100vw, 833px\" \/><\/figure><\/li><\/ul>\n\n\n\n<ul class=\"wp-block-gallery aligncenter columns-1 is-cropped wp-block-gallery-27 is-layout-flex wp-block-gallery-is-layout-flex\"><li class=\"blocks-gallery-item\"><figure><img loading=\"lazy\" decoding=\"async\" width=\"1200\" height=\"800\" src=\"http:\/\/bloggini.pl\/wp-content\/uploads\/2018\/10\/MG_1907.jpg\" alt=\"\" data-id=\"813\" data-link=\"http:\/\/bloggini.pl\/krakow-subiektywny-przewodnik\/_mg_1907\/\" class=\"wp-image-813\" srcset=\"https:\/\/justynalorenc.com\/wp-content\/uploads\/2018\/10\/MG_1907.jpg 1200w, https:\/\/justynalorenc.com\/wp-content\/uploads\/2018\/10\/MG_1907-300x200.jpg 300w, https:\/\/justynalorenc.com\/wp-content\/uploads\/2018\/10\/MG_1907-1024x683.jpg 1024w, https:\/\/justynalorenc.com\/wp-content\/uploads\/2018\/10\/MG_1907-768x512.jpg 768w, https:\/\/justynalorenc.com\/wp-content\/uploads\/2018\/10\/MG_1907-1080x720.jpg 1080w\" sizes=\"(max-width: 1200px) 100vw, 1200px\" \/><\/figure><\/li><\/ul>\n\n\n\n<p style=\"text-align:center\"><strong>Plac Nowy<\/strong><\/p>\n\n\n\n<p>Centralny plac dawnej dzielnicy \u017cydowskiej (dzi\u015b kawiarniano-rozrywkowej). W ka\u017cdy wiecz\u00f3r centrum imprezowe Krakowa, a w ka\u017cd\u0105 niedziel\u0119 okr\u0105glak ze s\u0142ynnymi zapiekankami zmienia si\u0119 w targ staroci i lumpeks na \u015bwie\u017cym powietrzu.<\/p>\n\n\n\n<ul class=\"wp-block-gallery columns-2 is-cropped wp-block-gallery-29 is-layout-flex wp-block-gallery-is-layout-flex\"><li class=\"blocks-gallery-item\"><figure><img loading=\"lazy\" decoding=\"async\" width=\"800\" height=\"1200\" src=\"http:\/\/bloggini.pl\/wp-content\/uploads\/2018\/10\/MG_1954-2.jpg\" alt=\"\" data-id=\"868\" data-link=\"http:\/\/bloggini.pl\/krakow-subiektywny-przewodnik\/_mg_1954-3\/\" class=\"wp-image-868\" srcset=\"https:\/\/justynalorenc.com\/wp-content\/uploads\/2018\/10\/MG_1954-2.jpg 800w, https:\/\/justynalorenc.com\/wp-content\/uploads\/2018\/10\/MG_1954-2-200x300.jpg 200w, https:\/\/justynalorenc.com\/wp-content\/uploads\/2018\/10\/MG_1954-2-683x1024.jpg 683w, https:\/\/justynalorenc.com\/wp-content\/uploads\/2018\/10\/MG_1954-2-768x1152.jpg 768w\" sizes=\"(max-width: 800px) 100vw, 800px\" \/><\/figure><\/li><li class=\"blocks-gallery-item\"><figure><img loading=\"lazy\" decoding=\"async\" width=\"800\" height=\"1200\" src=\"http:\/\/bloggini.pl\/wp-content\/uploads\/2018\/10\/MG_1957-2.jpg\" alt=\"\" data-id=\"869\" data-link=\"http:\/\/bloggini.pl\/krakow-subiektywny-przewodnik\/_mg_1957-3\/\" class=\"wp-image-869\" srcset=\"https:\/\/justynalorenc.com\/wp-content\/uploads\/2018\/10\/MG_1957-2.jpg 800w, https:\/\/justynalorenc.com\/wp-content\/uploads\/2018\/10\/MG_1957-2-200x300.jpg 200w, https:\/\/justynalorenc.com\/wp-content\/uploads\/2018\/10\/MG_1957-2-683x1024.jpg 683w, https:\/\/justynalorenc.com\/wp-content\/uploads\/2018\/10\/MG_1957-2-768x1152.jpg 768w\" sizes=\"(max-width: 800px) 100vw, 800px\" \/><\/figure><\/li><\/ul>\n\n\n\n<ul class=\"wp-block-gallery columns-1 is-cropped wp-block-gallery-31 is-layout-flex wp-block-gallery-is-layout-flex\"><li class=\"blocks-gallery-item\"><figure><img loading=\"lazy\" decoding=\"async\" width=\"1200\" height=\"800\" src=\"http:\/\/bloggini.pl\/wp-content\/uploads\/2018\/10\/IMG_0994.jpg\" alt=\"\" data-id=\"838\" data-link=\"http:\/\/bloggini.pl\/krakow-subiektywny-przewodnik\/img_0994\/\" class=\"wp-image-838\" srcset=\"https:\/\/justynalorenc.com\/wp-content\/uploads\/2018\/10\/IMG_0994.jpg 1200w, https:\/\/justynalorenc.com\/wp-content\/uploads\/2018\/10\/IMG_0994-300x200.jpg 300w, https:\/\/justynalorenc.com\/wp-content\/uploads\/2018\/10\/IMG_0994-1024x683.jpg 1024w, https:\/\/justynalorenc.com\/wp-content\/uploads\/2018\/10\/IMG_0994-768x512.jpg 768w, https:\/\/justynalorenc.com\/wp-content\/uploads\/2018\/10\/IMG_0994-1080x720.jpg 1080w\" sizes=\"(max-width: 1200px) 100vw, 1200px\" \/><\/figure><\/li><\/ul>\n\n\n\n<p style=\"text-align:center\"><strong>Ulica Szeroka<\/strong><\/p>\n\n\n\n<p>Jedna z ciekawszych ulic w mie\u015bcie. Bogata historia dzi\u015b jawi si\u0119 turystom i mieszka\u0144com w kolorowych kamienicach, kawiarniach nawi\u0105zuj\u0105cych wystrojem do klimatu dawnego miasta, kultury klezmerowskiej i \u017cydowskiej kuchni, a organizowany co roku koncert Szalom na Szerokiej \u015bci\u0105ga tysi\u0105ce ludzi. Kiedy\u015b, gdy Kazimierz by\u0142 osobnym miastem, spe\u0142nia\u0142a funkcj\u0119 gwarnego rynku, na co dzie\u0144 jednak oddycha swoim spokojnym rytmem.&nbsp; &nbsp;&nbsp;<\/p>\n\n\n\n<ul class=\"wp-block-gallery columns-1 is-cropped wp-block-gallery-33 is-layout-flex wp-block-gallery-is-layout-flex\"><li class=\"blocks-gallery-item\"><figure><img loading=\"lazy\" decoding=\"async\" width=\"1200\" height=\"800\" src=\"http:\/\/bloggini.pl\/wp-content\/uploads\/2018\/10\/MG_1110.jpg\" alt=\"\" data-id=\"872\" data-link=\"http:\/\/bloggini.pl\/krakow-subiektywny-przewodnik\/_mg_1110\/\" class=\"wp-image-872\" srcset=\"https:\/\/justynalorenc.com\/wp-content\/uploads\/2018\/10\/MG_1110.jpg 1200w, https:\/\/justynalorenc.com\/wp-content\/uploads\/2018\/10\/MG_1110-300x200.jpg 300w, https:\/\/justynalorenc.com\/wp-content\/uploads\/2018\/10\/MG_1110-1024x683.jpg 1024w, https:\/\/justynalorenc.com\/wp-content\/uploads\/2018\/10\/MG_1110-768x512.jpg 768w, https:\/\/justynalorenc.com\/wp-content\/uploads\/2018\/10\/MG_1110-1080x720.jpg 1080w\" sizes=\"(max-width: 1200px) 100vw, 1200px\" \/><\/figure><\/li><li class=\"blocks-gallery-item\"><figure><img loading=\"lazy\" decoding=\"async\" width=\"1200\" height=\"800\" src=\"http:\/\/bloggini.pl\/wp-content\/uploads\/2018\/10\/MG_1926.jpg\" alt=\"\" data-id=\"873\" data-link=\"http:\/\/bloggini.pl\/krakow-subiektywny-przewodnik\/_mg_1926\/\" class=\"wp-image-873\" srcset=\"https:\/\/justynalorenc.com\/wp-content\/uploads\/2018\/10\/MG_1926.jpg 1200w, https:\/\/justynalorenc.com\/wp-content\/uploads\/2018\/10\/MG_1926-300x200.jpg 300w, https:\/\/justynalorenc.com\/wp-content\/uploads\/2018\/10\/MG_1926-1024x683.jpg 1024w, https:\/\/justynalorenc.com\/wp-content\/uploads\/2018\/10\/MG_1926-768x512.jpg 768w, https:\/\/justynalorenc.com\/wp-content\/uploads\/2018\/10\/MG_1926-1080x720.jpg 1080w\" sizes=\"(max-width: 1200px) 100vw, 1200px\" \/><\/figure><\/li><\/ul>\n\n\n\n<ul class=\"wp-block-gallery columns-2 is-cropped wp-block-gallery-35 is-layout-flex wp-block-gallery-is-layout-flex\"><li class=\"blocks-gallery-item\"><figure><img loading=\"lazy\" decoding=\"async\" width=\"800\" height=\"1200\" src=\"http:\/\/bloggini.pl\/wp-content\/uploads\/2018\/10\/MG_1101.jpg\" alt=\"\" data-id=\"875\" data-link=\"http:\/\/bloggini.pl\/krakow-subiektywny-przewodnik\/_mg_1101\/\" class=\"wp-image-875\" srcset=\"https:\/\/justynalorenc.com\/wp-content\/uploads\/2018\/10\/MG_1101.jpg 800w, https:\/\/justynalorenc.com\/wp-content\/uploads\/2018\/10\/MG_1101-200x300.jpg 200w, https:\/\/justynalorenc.com\/wp-content\/uploads\/2018\/10\/MG_1101-683x1024.jpg 683w, https:\/\/justynalorenc.com\/wp-content\/uploads\/2018\/10\/MG_1101-768x1152.jpg 768w\" sizes=\"(max-width: 800px) 100vw, 800px\" \/><\/figure><\/li><li class=\"blocks-gallery-item\"><figure><img loading=\"lazy\" decoding=\"async\" width=\"800\" height=\"1200\" src=\"http:\/\/bloggini.pl\/wp-content\/uploads\/2018\/10\/MG_1932.jpg\" alt=\"\" data-id=\"876\" data-link=\"http:\/\/bloggini.pl\/krakow-subiektywny-przewodnik\/_mg_1932\/\" class=\"wp-image-876\" srcset=\"https:\/\/justynalorenc.com\/wp-content\/uploads\/2018\/10\/MG_1932.jpg 800w, https:\/\/justynalorenc.com\/wp-content\/uploads\/2018\/10\/MG_1932-200x300.jpg 200w, https:\/\/justynalorenc.com\/wp-content\/uploads\/2018\/10\/MG_1932-683x1024.jpg 683w, https:\/\/justynalorenc.com\/wp-content\/uploads\/2018\/10\/MG_1932-768x1152.jpg 768w\" sizes=\"(max-width: 800px) 100vw, 800px\" \/><\/figure><\/li><\/ul>\n\n\n\n<p style=\"text-align:center\"><strong>Ulica J\u00f3zefa<\/strong><\/p>\n\n\n\n<p>Jedna z d\u0142u\u017cszych ulic Kazimierza, przy kt\u00f3rej znajdziecie zar\u00f3wno przytulne knajpki, jak i sklepy vintage i ma\u0142e galerie z bi\u017cuteri\u0105, r\u0119kodzie\u0142em i sztuk\u0105.<\/p>\n\n\n\n<ul class=\"wp-block-gallery columns-3 is-cropped wp-block-gallery-37 is-layout-flex wp-block-gallery-is-layout-flex\"><li class=\"blocks-gallery-item\"><figure><img loading=\"lazy\" decoding=\"async\" width=\"800\" height=\"1200\" src=\"http:\/\/bloggini.pl\/wp-content\/uploads\/2018\/10\/MG_1120-2.jpg\" alt=\"\" data-id=\"887\" data-link=\"http:\/\/bloggini.pl\/krakow-subiektywny-przewodnik\/_mg_1120-3\/\" class=\"wp-image-887\" srcset=\"https:\/\/justynalorenc.com\/wp-content\/uploads\/2018\/10\/MG_1120-2.jpg 800w, https:\/\/justynalorenc.com\/wp-content\/uploads\/2018\/10\/MG_1120-2-200x300.jpg 200w, https:\/\/justynalorenc.com\/wp-content\/uploads\/2018\/10\/MG_1120-2-683x1024.jpg 683w, https:\/\/justynalorenc.com\/wp-content\/uploads\/2018\/10\/MG_1120-2-768x1152.jpg 768w\" sizes=\"(max-width: 800px) 100vw, 800px\" \/><\/figure><\/li><li class=\"blocks-gallery-item\"><figure><img loading=\"lazy\" decoding=\"async\" width=\"802\" height=\"1200\" src=\"http:\/\/bloggini.pl\/wp-content\/uploads\/2018\/10\/MG_1888.jpg\" alt=\"\" data-id=\"888\" data-link=\"http:\/\/bloggini.pl\/krakow-subiektywny-przewodnik\/_mg_1888\/\" class=\"wp-image-888\" srcset=\"https:\/\/justynalorenc.com\/wp-content\/uploads\/2018\/10\/MG_1888.jpg 802w, https:\/\/justynalorenc.com\/wp-content\/uploads\/2018\/10\/MG_1888-201x300.jpg 201w, https:\/\/justynalorenc.com\/wp-content\/uploads\/2018\/10\/MG_1888-684x1024.jpg 684w, https:\/\/justynalorenc.com\/wp-content\/uploads\/2018\/10\/MG_1888-768x1149.jpg 768w\" sizes=\"(max-width: 802px) 100vw, 802px\" \/><\/figure><\/li><li class=\"blocks-gallery-item\"><figure><img loading=\"lazy\" decoding=\"async\" width=\"800\" height=\"1200\" src=\"http:\/\/bloggini.pl\/wp-content\/uploads\/2018\/10\/MG_1908.jpg\" alt=\"\" data-id=\"889\" data-link=\"http:\/\/bloggini.pl\/krakow-subiektywny-przewodnik\/_mg_1908\/\" class=\"wp-image-889\" srcset=\"https:\/\/justynalorenc.com\/wp-content\/uploads\/2018\/10\/MG_1908.jpg 800w, https:\/\/justynalorenc.com\/wp-content\/uploads\/2018\/10\/MG_1908-200x300.jpg 200w, https:\/\/justynalorenc.com\/wp-content\/uploads\/2018\/10\/MG_1908-683x1024.jpg 683w, https:\/\/justynalorenc.com\/wp-content\/uploads\/2018\/10\/MG_1908-768x1152.jpg 768w\" sizes=\"(max-width: 800px) 100vw, 800px\" \/><\/figure><\/li><\/ul>\n\n\n\n<ul class=\"wp-block-gallery columns-3 is-cropped wp-block-gallery-39 is-layout-flex wp-block-gallery-is-layout-flex\"><li class=\"blocks-gallery-item\"><figure><img loading=\"lazy\" decoding=\"async\" width=\"800\" height=\"1200\" src=\"http:\/\/bloggini.pl\/wp-content\/uploads\/2018\/10\/MG_1961-1.jpg\" alt=\"\" data-id=\"892\" data-link=\"http:\/\/bloggini.pl\/krakow-subiektywny-przewodnik\/_mg_1961-2\/\" class=\"wp-image-892\" srcset=\"https:\/\/justynalorenc.com\/wp-content\/uploads\/2018\/10\/MG_1961-1.jpg 800w, https:\/\/justynalorenc.com\/wp-content\/uploads\/2018\/10\/MG_1961-1-200x300.jpg 200w, https:\/\/justynalorenc.com\/wp-content\/uploads\/2018\/10\/MG_1961-1-683x1024.jpg 683w, https:\/\/justynalorenc.com\/wp-content\/uploads\/2018\/10\/MG_1961-1-768x1152.jpg 768w\" sizes=\"(max-width: 800px) 100vw, 800px\" \/><\/figure><\/li><li class=\"blocks-gallery-item\"><figure><img loading=\"lazy\" decoding=\"async\" width=\"813\" height=\"1200\" src=\"http:\/\/bloggini.pl\/wp-content\/uploads\/2018\/10\/MG_1962.jpg\" alt=\"\" data-id=\"893\" data-link=\"http:\/\/bloggini.pl\/krakow-subiektywny-przewodnik\/_mg_1962\/\" class=\"wp-image-893\" srcset=\"https:\/\/justynalorenc.com\/wp-content\/uploads\/2018\/10\/MG_1962.jpg 813w, https:\/\/justynalorenc.com\/wp-content\/uploads\/2018\/10\/MG_1962-203x300.jpg 203w, https:\/\/justynalorenc.com\/wp-content\/uploads\/2018\/10\/MG_1962-694x1024.jpg 694w, https:\/\/justynalorenc.com\/wp-content\/uploads\/2018\/10\/MG_1962-768x1134.jpg 768w\" sizes=\"(max-width: 813px) 100vw, 813px\" \/><\/figure><\/li><li class=\"blocks-gallery-item\"><figure><img loading=\"lazy\" decoding=\"async\" width=\"800\" height=\"1200\" src=\"http:\/\/bloggini.pl\/wp-content\/uploads\/2018\/10\/MG_1963-1.jpg\" alt=\"\" data-id=\"894\" data-link=\"http:\/\/bloggini.pl\/krakow-subiektywny-przewodnik\/_mg_1963-2\/\" class=\"wp-image-894\" srcset=\"https:\/\/justynalorenc.com\/wp-content\/uploads\/2018\/10\/MG_1963-1.jpg 800w, https:\/\/justynalorenc.com\/wp-content\/uploads\/2018\/10\/MG_1963-1-200x300.jpg 200w, https:\/\/justynalorenc.com\/wp-content\/uploads\/2018\/10\/MG_1963-1-683x1024.jpg 683w, https:\/\/justynalorenc.com\/wp-content\/uploads\/2018\/10\/MG_1963-1-768x1152.jpg 768w\" sizes=\"(max-width: 800px) 100vw, 800px\" \/><\/figure><\/li><\/ul>\n\n\n\n<ul class=\"wp-block-gallery columns-2 is-cropped wp-block-gallery-41 is-layout-flex wp-block-gallery-is-layout-flex\"><li class=\"blocks-gallery-item\"><figure><img loading=\"lazy\" decoding=\"async\" width=\"800\" height=\"1200\" src=\"http:\/\/bloggini.pl\/wp-content\/uploads\/2018\/10\/MG_1964.jpg\" alt=\"\" data-id=\"896\" data-link=\"http:\/\/bloggini.pl\/krakow-subiektywny-przewodnik\/_mg_1964\/\" class=\"wp-image-896\" srcset=\"https:\/\/justynalorenc.com\/wp-content\/uploads\/2018\/10\/MG_1964.jpg 800w, https:\/\/justynalorenc.com\/wp-content\/uploads\/2018\/10\/MG_1964-200x300.jpg 200w, https:\/\/justynalorenc.com\/wp-content\/uploads\/2018\/10\/MG_1964-683x1024.jpg 683w, https:\/\/justynalorenc.com\/wp-content\/uploads\/2018\/10\/MG_1964-768x1152.jpg 768w\" sizes=\"(max-width: 800px) 100vw, 800px\" \/><\/figure><\/li><li class=\"blocks-gallery-item\"><figure><img loading=\"lazy\" decoding=\"async\" width=\"800\" height=\"1200\" src=\"http:\/\/bloggini.pl\/wp-content\/uploads\/2018\/10\/MG_1965.jpg\" alt=\"\" data-id=\"897\" data-link=\"http:\/\/bloggini.pl\/krakow-subiektywny-przewodnik\/_mg_1965\/\" class=\"wp-image-897\" srcset=\"https:\/\/justynalorenc.com\/wp-content\/uploads\/2018\/10\/MG_1965.jpg 800w, https:\/\/justynalorenc.com\/wp-content\/uploads\/2018\/10\/MG_1965-200x300.jpg 200w, https:\/\/justynalorenc.com\/wp-content\/uploads\/2018\/10\/MG_1965-683x1024.jpg 683w, https:\/\/justynalorenc.com\/wp-content\/uploads\/2018\/10\/MG_1965-768x1152.jpg 768w\" sizes=\"(max-width: 800px) 100vw, 800px\" \/><\/figure><\/li><\/ul>\n\n\n\n<p style=\"text-align:center\"><strong>Muzea (Muzeum In\u017cynierii Miejskiej, Muzeum Etnograficzne, \u017bydowskie Muzeum Galicja)<\/strong><\/p>\n\n\n\n<p>W w\u0105skich uliczkach i starych murach Kazimierza znajduje si\u0119 ca\u0142a masa historii, je\u015bli jednak komu\u015b by\u0142oby wci\u0105\u017c ma\u0142o niech koniecznie wybierze si\u0119 do kt\u00f3rego\u015b muzeum. Wszystkie gromadz\u0105 warto\u015bciowe kolekcje dzie\u0142 nie tylko zwi\u0105zanych z Krakowem.&nbsp;<\/p>\n\n\n\n<p style=\"text-align:center\"><strong>Pchli targ pod Hal\u0105 Targow\u0105 w niedziel\u0119<\/strong><\/p>\n\n\n\n<p>W niedziel\u0119 z samego rana koniecznie nale\u017cy wybra\u0107 si\u0119 na \u0142owy pod Hal\u0119 Targow\u0105 &#8211; to najwi\u0119kszy targ staroci w Krakowie, gdzie mo\u017cecie znale\u017a\u0107 ma\u0142e unikatowe pere\u0142ki. Stare ksi\u0105\u017cki, retro zabawki, ma\u0142e cude\u0144ka, meble, porcelana, czy ciuchy mog\u0105 by\u0107 fantastyczn\u0105 pami\u0105tk\u0105 z Krakowa<\/p>\n\n\n\n<ul class=\"wp-block-gallery columns-2 is-cropped wp-block-gallery-43 is-layout-flex wp-block-gallery-is-layout-flex\"><li class=\"blocks-gallery-item\"><figure><img loading=\"lazy\" decoding=\"async\" width=\"1200\" height=\"800\" src=\"http:\/\/bloggini.pl\/wp-content\/uploads\/2018\/10\/IMG_0959.jpg\" alt=\"\" data-id=\"898\" data-link=\"http:\/\/bloggini.pl\/krakow-subiektywny-przewodnik\/img_0959\/\" class=\"wp-image-898\" srcset=\"https:\/\/justynalorenc.com\/wp-content\/uploads\/2018\/10\/IMG_0959.jpg 1200w, https:\/\/justynalorenc.com\/wp-content\/uploads\/2018\/10\/IMG_0959-300x200.jpg 300w, https:\/\/justynalorenc.com\/wp-content\/uploads\/2018\/10\/IMG_0959-1024x683.jpg 1024w, https:\/\/justynalorenc.com\/wp-content\/uploads\/2018\/10\/IMG_0959-768x512.jpg 768w, https:\/\/justynalorenc.com\/wp-content\/uploads\/2018\/10\/IMG_0959-1080x720.jpg 1080w\" sizes=\"(max-width: 1200px) 100vw, 1200px\" \/><\/figure><\/li><li class=\"blocks-gallery-item\"><figure><img loading=\"lazy\" decoding=\"async\" width=\"1200\" height=\"800\" src=\"http:\/\/bloggini.pl\/wp-content\/uploads\/2018\/10\/IMG_0967.jpg\" alt=\"\" data-id=\"899\" data-link=\"http:\/\/bloggini.pl\/krakow-subiektywny-przewodnik\/img_0967\/\" class=\"wp-image-899\" srcset=\"https:\/\/justynalorenc.com\/wp-content\/uploads\/2018\/10\/IMG_0967.jpg 1200w, https:\/\/justynalorenc.com\/wp-content\/uploads\/2018\/10\/IMG_0967-300x200.jpg 300w, https:\/\/justynalorenc.com\/wp-content\/uploads\/2018\/10\/IMG_0967-1024x683.jpg 1024w, https:\/\/justynalorenc.com\/wp-content\/uploads\/2018\/10\/IMG_0967-768x512.jpg 768w, https:\/\/justynalorenc.com\/wp-content\/uploads\/2018\/10\/IMG_0967-1080x720.jpg 1080w\" sizes=\"(max-width: 1200px) 100vw, 1200px\" \/><\/figure><\/li><\/ul>\n\n\n\n<ul class=\"wp-block-gallery columns-2 is-cropped wp-block-gallery-45 is-layout-flex wp-block-gallery-is-layout-flex\"><li class=\"blocks-gallery-item\"><figure><img loading=\"lazy\" decoding=\"async\" width=\"1200\" height=\"824\" src=\"http:\/\/bloggini.pl\/wp-content\/uploads\/2018\/10\/MG_1910.jpg\" alt=\"\" data-id=\"901\" data-link=\"http:\/\/bloggini.pl\/krakow-subiektywny-przewodnik\/_mg_1910\/\" class=\"wp-image-901\" srcset=\"https:\/\/justynalorenc.com\/wp-content\/uploads\/2018\/10\/MG_1910.jpg 1200w, https:\/\/justynalorenc.com\/wp-content\/uploads\/2018\/10\/MG_1910-300x206.jpg 300w, https:\/\/justynalorenc.com\/wp-content\/uploads\/2018\/10\/MG_1910-1024x703.jpg 1024w, https:\/\/justynalorenc.com\/wp-content\/uploads\/2018\/10\/MG_1910-768x527.jpg 768w, https:\/\/justynalorenc.com\/wp-content\/uploads\/2018\/10\/MG_1910-1080x742.jpg 1080w\" sizes=\"(max-width: 1200px) 100vw, 1200px\" \/><\/figure><\/li><li class=\"blocks-gallery-item\"><figure><img loading=\"lazy\" decoding=\"async\" width=\"1200\" height=\"800\" src=\"http:\/\/bloggini.pl\/wp-content\/uploads\/2018\/10\/IMG_0968.jpg\" alt=\"\" data-id=\"902\" data-link=\"http:\/\/bloggini.pl\/krakow-subiektywny-przewodnik\/img_0968\/\" class=\"wp-image-902\" srcset=\"https:\/\/justynalorenc.com\/wp-content\/uploads\/2018\/10\/IMG_0968.jpg 1200w, https:\/\/justynalorenc.com\/wp-content\/uploads\/2018\/10\/IMG_0968-300x200.jpg 300w, https:\/\/justynalorenc.com\/wp-content\/uploads\/2018\/10\/IMG_0968-1024x683.jpg 1024w, https:\/\/justynalorenc.com\/wp-content\/uploads\/2018\/10\/IMG_0968-768x512.jpg 768w, https:\/\/justynalorenc.com\/wp-content\/uploads\/2018\/10\/IMG_0968-1080x720.jpg 1080w\" sizes=\"(max-width: 1200px) 100vw, 1200px\" \/><\/figure><\/li><\/ul>\n\n\n\n<h2 class=\"wp-block-heading\" style=\"text-align:center\"><strong>Gdzie je\u015b\u0107?<\/strong><\/h2>\n\n\n\n<p><strong>Zazie<\/strong>&nbsp;&#8211; kuchnia francuska w najlepszym wydaniu i w przyst\u0119pnych cenach<\/p>\n\n\n\n<p><strong>Hamsa <\/strong>&#8211; \u015bwietne miejsce na drinka i przek\u0105sk\u0119, ale te\u017c na \u015bniadanie lub lunch &#8211; przepyszne jedzenie (zw\u0142aszcza hummus)<\/p>\n\n\n\n<p><strong>Nolio&nbsp;<\/strong>&#8211; prawdziwa neapolita\u0144ska pizza w centrum Krakowa &#8211; tak, to mo\u017cliwe!<\/p>\n\n\n\n<p><strong>Massolit&nbsp;<\/strong>&#8211; znana kawiarnia w nowej ods\u0142onie (poprzednie przy ul. Felicjanek 4 i Smole\u0144sk 17) tu jednak opr\u00f3cz kawy, ciasta i ksi\u0105\u017cek dostaniemy te\u017c pyszne wegetaria\u0144skie \u015bniadania i lunche<\/p>\n\n\n\n<p><strong>Kolanko<\/strong> &#8211; pyszne \u015bniadanie w formie bufetu<\/p>\n\n\n\n<ul class=\"wp-block-gallery columns-2 is-cropped wp-block-gallery-47 is-layout-flex wp-block-gallery-is-layout-flex\"><li class=\"blocks-gallery-item\"><figure><img loading=\"lazy\" decoding=\"async\" width=\"800\" height=\"1200\" src=\"http:\/\/bloggini.pl\/wp-content\/uploads\/2018\/10\/1-zazie.jpg\" alt=\"\" data-id=\"906\" data-link=\"http:\/\/bloggini.pl\/krakow-subiektywny-przewodnik\/1-zazie\/\" class=\"wp-image-906\" srcset=\"https:\/\/justynalorenc.com\/wp-content\/uploads\/2018\/10\/1-zazie.jpg 800w, https:\/\/justynalorenc.com\/wp-content\/uploads\/2018\/10\/1-zazie-200x300.jpg 200w, https:\/\/justynalorenc.com\/wp-content\/uploads\/2018\/10\/1-zazie-683x1024.jpg 683w, https:\/\/justynalorenc.com\/wp-content\/uploads\/2018\/10\/1-zazie-768x1152.jpg 768w\" sizes=\"(max-width: 800px) 100vw, 800px\" \/><\/figure><\/li><li class=\"blocks-gallery-item\"><figure><img loading=\"lazy\" decoding=\"async\" width=\"800\" height=\"1200\" src=\"http:\/\/bloggini.pl\/wp-content\/uploads\/2018\/10\/3-nolio.jpg\" alt=\"\" data-id=\"907\" data-link=\"http:\/\/bloggini.pl\/krakow-subiektywny-przewodnik\/3-nolio\/\" class=\"wp-image-907\" srcset=\"https:\/\/justynalorenc.com\/wp-content\/uploads\/2018\/10\/3-nolio.jpg 800w, https:\/\/justynalorenc.com\/wp-content\/uploads\/2018\/10\/3-nolio-200x300.jpg 200w, https:\/\/justynalorenc.com\/wp-content\/uploads\/2018\/10\/3-nolio-683x1024.jpg 683w, https:\/\/justynalorenc.com\/wp-content\/uploads\/2018\/10\/3-nolio-768x1152.jpg 768w\" sizes=\"(max-width: 800px) 100vw, 800px\" \/><\/figure><\/li><li class=\"blocks-gallery-item\"><figure><img loading=\"lazy\" decoding=\"async\" width=\"1200\" height=\"806\" src=\"http:\/\/bloggini.pl\/wp-content\/uploads\/2018\/10\/4-nolio.jpg\" alt=\"\" data-id=\"908\" data-link=\"http:\/\/bloggini.pl\/krakow-subiektywny-przewodnik\/4-nolio\/\" class=\"wp-image-908\" srcset=\"https:\/\/justynalorenc.com\/wp-content\/uploads\/2018\/10\/4-nolio.jpg 1200w, https:\/\/justynalorenc.com\/wp-content\/uploads\/2018\/10\/4-nolio-300x202.jpg 300w, https:\/\/justynalorenc.com\/wp-content\/uploads\/2018\/10\/4-nolio-1024x688.jpg 1024w, https:\/\/justynalorenc.com\/wp-content\/uploads\/2018\/10\/4-nolio-768x516.jpg 768w, https:\/\/justynalorenc.com\/wp-content\/uploads\/2018\/10\/4-nolio-1080x725.jpg 1080w\" sizes=\"(max-width: 1200px) 100vw, 1200px\" \/><\/figure><\/li><\/ul>\n\n\n\n<ul class=\"wp-block-gallery columns-1 is-cropped wp-block-gallery-49 is-layout-flex wp-block-gallery-is-layout-flex\"><li class=\"blocks-gallery-item\"><figure><img loading=\"lazy\" decoding=\"async\" width=\"1200\" height=\"800\" src=\"http:\/\/bloggini.pl\/wp-content\/uploads\/2018\/10\/2-hamsa.jpg\" alt=\"\" data-id=\"909\" data-link=\"http:\/\/bloggini.pl\/krakow-subiektywny-przewodnik\/2-hamsa\/\" class=\"wp-image-909\" srcset=\"https:\/\/justynalorenc.com\/wp-content\/uploads\/2018\/10\/2-hamsa.jpg 1200w, https:\/\/justynalorenc.com\/wp-content\/uploads\/2018\/10\/2-hamsa-300x200.jpg 300w, https:\/\/justynalorenc.com\/wp-content\/uploads\/2018\/10\/2-hamsa-1024x683.jpg 1024w, https:\/\/justynalorenc.com\/wp-content\/uploads\/2018\/10\/2-hamsa-768x512.jpg 768w, https:\/\/justynalorenc.com\/wp-content\/uploads\/2018\/10\/2-hamsa-1080x720.jpg 1080w\" sizes=\"(max-width: 1200px) 100vw, 1200px\" \/><\/figure><\/li><\/ul>\n\n\n\n<ul class=\"wp-block-gallery columns-1 is-cropped wp-block-gallery-51 is-layout-flex wp-block-gallery-is-layout-flex\"><li class=\"blocks-gallery-item\"><figure><img loading=\"lazy\" decoding=\"async\" width=\"1200\" height=\"799\" src=\"http:\/\/bloggini.pl\/wp-content\/uploads\/2018\/10\/5-massolit.jpg\" alt=\"\" data-id=\"910\" data-link=\"http:\/\/bloggini.pl\/krakow-subiektywny-przewodnik\/5-massolit\/\" class=\"wp-image-910\" srcset=\"https:\/\/justynalorenc.com\/wp-content\/uploads\/2018\/10\/5-massolit.jpg 1200w, https:\/\/justynalorenc.com\/wp-content\/uploads\/2018\/10\/5-massolit-300x200.jpg 300w, https:\/\/justynalorenc.com\/wp-content\/uploads\/2018\/10\/5-massolit-1024x682.jpg 1024w, https:\/\/justynalorenc.com\/wp-content\/uploads\/2018\/10\/5-massolit-768x511.jpg 768w, https:\/\/justynalorenc.com\/wp-content\/uploads\/2018\/10\/5-massolit-1080x719.jpg 1080w\" sizes=\"(max-width: 1200px) 100vw, 1200px\" \/><\/figure><\/li><\/ul>\n\n\n\n<ul class=\"wp-block-gallery columns-2 is-cropped wp-block-gallery-53 is-layout-flex wp-block-gallery-is-layout-flex\"><li class=\"blocks-gallery-item\"><figure><img loading=\"lazy\" decoding=\"async\" width=\"800\" height=\"1200\" src=\"http:\/\/bloggini.pl\/wp-content\/uploads\/2018\/10\/5-mmassolit.jpg\" alt=\"\" data-id=\"912\" data-link=\"http:\/\/bloggini.pl\/krakow-subiektywny-przewodnik\/5-mmassolit\/\" class=\"wp-image-912\" srcset=\"https:\/\/justynalorenc.com\/wp-content\/uploads\/2018\/10\/5-mmassolit.jpg 800w, https:\/\/justynalorenc.com\/wp-content\/uploads\/2018\/10\/5-mmassolit-200x300.jpg 200w, https:\/\/justynalorenc.com\/wp-content\/uploads\/2018\/10\/5-mmassolit-683x1024.jpg 683w, https:\/\/justynalorenc.com\/wp-content\/uploads\/2018\/10\/5-mmassolit-768x1152.jpg 768w\" sizes=\"(max-width: 800px) 100vw, 800px\" \/><\/figure><\/li><li class=\"blocks-gallery-item\"><figure><img loading=\"lazy\" decoding=\"async\" width=\"800\" height=\"1200\" src=\"http:\/\/bloggini.pl\/wp-content\/uploads\/2018\/10\/6-kolanko.jpg\" alt=\"\" data-id=\"911\" data-link=\"http:\/\/bloggini.pl\/krakow-subiektywny-przewodnik\/6-kolanko\/\" class=\"wp-image-911\" srcset=\"https:\/\/justynalorenc.com\/wp-content\/uploads\/2018\/10\/6-kolanko.jpg 800w, https:\/\/justynalorenc.com\/wp-content\/uploads\/2018\/10\/6-kolanko-200x300.jpg 200w, https:\/\/justynalorenc.com\/wp-content\/uploads\/2018\/10\/6-kolanko-683x1024.jpg 683w, https:\/\/justynalorenc.com\/wp-content\/uploads\/2018\/10\/6-kolanko-768x1152.jpg 768w\" sizes=\"(max-width: 800px) 100vw, 800px\" \/><\/figure><\/li><\/ul>\n\n\n\n<p><strong>Ranny Ptaszek<\/strong> &#8211; najfajniejsza \u015bniadaniownia, pyszne wege opcje i doskona\u0142a kawa<\/p>\n\n\n\n<p><strong>Alchemia, Moment i&nbsp;Nova resto bar&nbsp;<\/strong>&#8211; fajne miejsca przy Placu Nowym na obiad lub lunch w rozs\u0105dnej cenie<\/p>\n\n\n\n<p><strong>Food trucki <\/strong>&#8211; najwi\u0119kszy plac z ulicznym jedzeniem jest przy ul. \u015bw. Wawrzy\u0144ca (Judah Square), ale te\u017c te mniejsze (przy ulicach Dajw\u00f3r czy Jakuba) mog\u0105 zaskoczy\u0107 jako\u015bci\u0105 i oryginalno\u015bci\u0105 smak\u00f3w&nbsp;<\/p>\n\n\n\n<p><strong>Karakter <\/strong>&#8211; w ostatnim czasie do\u015b\u0107 modne miejsce, wbrew pozorom nie tylko dla mi\u0142o\u015bnik\u00f3w mi\u0119sa<\/p>\n\n\n\n<p><strong>Szalom Falafel <\/strong>&#8211; miejsce-legenda, ma\u0142e i niepozorne (niekoniecznie dogadacie si\u0119 tam w j\u0119zyku polskim), kt\u00f3re koniecznie trzeba odwiedzi\u0107 i spr\u00f3bowa\u0107 koszernych da\u0144<\/p>\n\n\n\n<p><strong>Cukiernia Vanilia<\/strong> &#8211; male\u0144ka rodzinna cukiernia z najlepszymi ciastami w mie\u015bcie<\/p>\n\n\n\n<ul class=\"wp-block-gallery columns-2 is-cropped wp-block-gallery-55 is-layout-flex wp-block-gallery-is-layout-flex\"><li class=\"blocks-gallery-item\"><figure><img loading=\"lazy\" decoding=\"async\" width=\"800\" height=\"1200\" src=\"http:\/\/bloggini.pl\/wp-content\/uploads\/2018\/10\/7-moment.jpg\" alt=\"\" data-id=\"914\" data-link=\"http:\/\/bloggini.pl\/krakow-subiektywny-przewodnik\/7-moment\/\" class=\"wp-image-914\" srcset=\"https:\/\/justynalorenc.com\/wp-content\/uploads\/2018\/10\/7-moment.jpg 800w, https:\/\/justynalorenc.com\/wp-content\/uploads\/2018\/10\/7-moment-200x300.jpg 200w, https:\/\/justynalorenc.com\/wp-content\/uploads\/2018\/10\/7-moment-683x1024.jpg 683w, https:\/\/justynalorenc.com\/wp-content\/uploads\/2018\/10\/7-moment-768x1152.jpg 768w\" sizes=\"(max-width: 800px) 100vw, 800px\" \/><\/figure><\/li><li class=\"blocks-gallery-item\"><figure><img loading=\"lazy\" decoding=\"async\" width=\"800\" height=\"1200\" src=\"http:\/\/bloggini.pl\/wp-content\/uploads\/2018\/10\/8-food-trucki.jpg\" alt=\"\" data-id=\"913\" data-link=\"http:\/\/bloggini.pl\/krakow-subiektywny-przewodnik\/8-food-trucki\/\" class=\"wp-image-913\" srcset=\"https:\/\/justynalorenc.com\/wp-content\/uploads\/2018\/10\/8-food-trucki.jpg 800w, https:\/\/justynalorenc.com\/wp-content\/uploads\/2018\/10\/8-food-trucki-200x300.jpg 200w, https:\/\/justynalorenc.com\/wp-content\/uploads\/2018\/10\/8-food-trucki-683x1024.jpg 683w, https:\/\/justynalorenc.com\/wp-content\/uploads\/2018\/10\/8-food-trucki-768x1152.jpg 768w\" sizes=\"(max-width: 800px) 100vw, 800px\" \/><\/figure><\/li><\/ul>\n\n\n\n<ul class=\"wp-block-gallery columns-1 is-cropped wp-block-gallery-57 is-layout-flex wp-block-gallery-is-layout-flex\"><li class=\"blocks-gallery-item\"><figure><img loading=\"lazy\" decoding=\"async\" width=\"1200\" height=\"858\" src=\"http:\/\/bloggini.pl\/wp-content\/uploads\/2018\/10\/9-food-trucki.jpg\" alt=\"\" data-id=\"915\" data-link=\"http:\/\/bloggini.pl\/krakow-subiektywny-przewodnik\/9-food-trucki\/\" class=\"wp-image-915\" srcset=\"https:\/\/justynalorenc.com\/wp-content\/uploads\/2018\/10\/9-food-trucki.jpg 1200w, https:\/\/justynalorenc.com\/wp-content\/uploads\/2018\/10\/9-food-trucki-300x215.jpg 300w, https:\/\/justynalorenc.com\/wp-content\/uploads\/2018\/10\/9-food-trucki-1024x732.jpg 1024w, https:\/\/justynalorenc.com\/wp-content\/uploads\/2018\/10\/9-food-trucki-768x549.jpg 768w, https:\/\/justynalorenc.com\/wp-content\/uploads\/2018\/10\/9-food-trucki-1080x772.jpg 1080w\" sizes=\"(max-width: 1200px) 100vw, 1200px\" \/><\/figure><\/li><\/ul>\n\n\n\n<ul class=\"wp-block-gallery columns-2 is-cropped wp-block-gallery-59 is-layout-flex wp-block-gallery-is-layout-flex\"><li class=\"blocks-gallery-item\"><figure><img loading=\"lazy\" decoding=\"async\" width=\"800\" height=\"1200\" src=\"http:\/\/bloggini.pl\/wp-content\/uploads\/2018\/10\/9-karakter.jpg\" alt=\"\" data-id=\"917\" data-link=\"http:\/\/bloggini.pl\/krakow-subiektywny-przewodnik\/9-karakter\/\" class=\"wp-image-917\" srcset=\"https:\/\/justynalorenc.com\/wp-content\/uploads\/2018\/10\/9-karakter.jpg 800w, https:\/\/justynalorenc.com\/wp-content\/uploads\/2018\/10\/9-karakter-200x300.jpg 200w, https:\/\/justynalorenc.com\/wp-content\/uploads\/2018\/10\/9-karakter-683x1024.jpg 683w, https:\/\/justynalorenc.com\/wp-content\/uploads\/2018\/10\/9-karakter-768x1152.jpg 768w\" sizes=\"(max-width: 800px) 100vw, 800px\" \/><\/figure><\/li><li class=\"blocks-gallery-item\"><figure><img loading=\"lazy\" decoding=\"async\" width=\"874\" height=\"1200\" src=\"http:\/\/bloggini.pl\/wp-content\/uploads\/2018\/10\/10-falafel.jpg\" alt=\"\" data-id=\"916\" data-link=\"http:\/\/bloggini.pl\/krakow-subiektywny-przewodnik\/10-falafel\/\" class=\"wp-image-916\" srcset=\"https:\/\/justynalorenc.com\/wp-content\/uploads\/2018\/10\/10-falafel.jpg 874w, https:\/\/justynalorenc.com\/wp-content\/uploads\/2018\/10\/10-falafel-219x300.jpg 219w, https:\/\/justynalorenc.com\/wp-content\/uploads\/2018\/10\/10-falafel-746x1024.jpg 746w, https:\/\/justynalorenc.com\/wp-content\/uploads\/2018\/10\/10-falafel-768x1054.jpg 768w\" sizes=\"(max-width: 874px) 100vw, 874px\" \/><\/figure><\/li><\/ul>\n\n\n\n<ul class=\"wp-block-gallery columns-1 is-cropped wp-block-gallery-61 is-layout-flex wp-block-gallery-is-layout-flex\"><li class=\"blocks-gallery-item\"><figure><img loading=\"lazy\" decoding=\"async\" width=\"1200\" height=\"800\" src=\"http:\/\/bloggini.pl\/wp-content\/uploads\/2018\/10\/12-vanilia.jpg\" alt=\"\" data-id=\"918\" data-link=\"http:\/\/bloggini.pl\/krakow-subiektywny-przewodnik\/12-vanilia\/\" class=\"wp-image-918\" srcset=\"https:\/\/justynalorenc.com\/wp-content\/uploads\/2018\/10\/12-vanilia.jpg 1200w, https:\/\/justynalorenc.com\/wp-content\/uploads\/2018\/10\/12-vanilia-300x200.jpg 300w, https:\/\/justynalorenc.com\/wp-content\/uploads\/2018\/10\/12-vanilia-1024x683.jpg 1024w, https:\/\/justynalorenc.com\/wp-content\/uploads\/2018\/10\/12-vanilia-768x512.jpg 768w, https:\/\/justynalorenc.com\/wp-content\/uploads\/2018\/10\/12-vanilia-1080x720.jpg 1080w\" sizes=\"(max-width: 1200px) 100vw, 1200px\" \/><\/figure><\/li><\/ul>\n\n\n\n<ul class=\"wp-block-gallery columns-2 is-cropped wp-block-gallery-63 is-layout-flex wp-block-gallery-is-layout-flex\"><li class=\"blocks-gallery-item\"><figure><img loading=\"lazy\" decoding=\"async\" width=\"800\" height=\"1200\" src=\"http:\/\/bloggini.pl\/wp-content\/uploads\/2018\/10\/11-vanilia.jpg\" alt=\"\" data-id=\"920\" data-link=\"http:\/\/bloggini.pl\/krakow-subiektywny-przewodnik\/11-vanilia\/\" class=\"wp-image-920\" srcset=\"https:\/\/justynalorenc.com\/wp-content\/uploads\/2018\/10\/11-vanilia.jpg 800w, https:\/\/justynalorenc.com\/wp-content\/uploads\/2018\/10\/11-vanilia-200x300.jpg 200w, https:\/\/justynalorenc.com\/wp-content\/uploads\/2018\/10\/11-vanilia-683x1024.jpg 683w, https:\/\/justynalorenc.com\/wp-content\/uploads\/2018\/10\/11-vanilia-768x1152.jpg 768w\" sizes=\"(max-width: 800px) 100vw, 800px\" \/><\/figure><\/li><li class=\"blocks-gallery-item\"><figure><img loading=\"lazy\" decoding=\"async\" width=\"1200\" height=\"800\" src=\"http:\/\/bloggini.pl\/wp-content\/uploads\/2018\/10\/13-vanilia.jpg\" alt=\"\" data-id=\"919\" data-link=\"http:\/\/bloggini.pl\/krakow-subiektywny-przewodnik\/13-vanilia\/\" class=\"wp-image-919\" srcset=\"https:\/\/justynalorenc.com\/wp-content\/uploads\/2018\/10\/13-vanilia.jpg 1200w, https:\/\/justynalorenc.com\/wp-content\/uploads\/2018\/10\/13-vanilia-300x200.jpg 300w, https:\/\/justynalorenc.com\/wp-content\/uploads\/2018\/10\/13-vanilia-1024x683.jpg 1024w, https:\/\/justynalorenc.com\/wp-content\/uploads\/2018\/10\/13-vanilia-768x512.jpg 768w, https:\/\/justynalorenc.com\/wp-content\/uploads\/2018\/10\/13-vanilia-1080x720.jpg 1080w\" sizes=\"(max-width: 1200px) 100vw, 1200px\" \/><\/figure><\/li><\/ul>\n\n\n\n<ul class=\"wp-block-gallery columns-1 is-cropped wp-block-gallery-65 is-layout-flex wp-block-gallery-is-layout-flex\"><li class=\"blocks-gallery-item\"><figure><img loading=\"lazy\" decoding=\"async\" width=\"1200\" height=\"800\" src=\"http:\/\/bloggini.pl\/wp-content\/uploads\/2018\/10\/MG_1133.jpg\" alt=\"\" data-id=\"921\" data-link=\"http:\/\/bloggini.pl\/krakow-subiektywny-przewodnik\/_mg_1133\/\" class=\"wp-image-921\" srcset=\"https:\/\/justynalorenc.com\/wp-content\/uploads\/2018\/10\/MG_1133.jpg 1200w, https:\/\/justynalorenc.com\/wp-content\/uploads\/2018\/10\/MG_1133-300x200.jpg 300w, https:\/\/justynalorenc.com\/wp-content\/uploads\/2018\/10\/MG_1133-1024x683.jpg 1024w, https:\/\/justynalorenc.com\/wp-content\/uploads\/2018\/10\/MG_1133-768x512.jpg 768w, https:\/\/justynalorenc.com\/wp-content\/uploads\/2018\/10\/MG_1133-1080x720.jpg 1080w\" sizes=\"(max-width: 1200px) 100vw, 1200px\" \/><\/figure><\/li><\/ul>\n\n\n\n<h2 class=\"wp-block-heading\" style=\"text-align:center\"><strong>Gdzie si\u0119 bawi\u0107?<\/strong><\/h2>\n\n\n\n<p><strong>Pi\u0119kny Pies<\/strong> &#8211; kultowe miejsce, gdzie je\u015bli akurat nie odbywa si\u0119 koncert jakiego\u015b niszowego zespo\u0142u, to spotkasz tam lokalnych artyst\u00f3w, muzyk\u00f3w i fajnych ludzi<\/p>\n\n\n\n<p><strong>Hevre<\/strong> &#8211; lokal znajduj\u0105cy si\u0119 w dawnym domu modlitwy na rogu ulic Bo\u017cego Cia\u0142a i Meiselsa, na g\u00f3rze mo\u017cna wypi\u0107 drinka w niezwyk\u0142ym wn\u0119trzu, a na dole poszale\u0107 na parkiecie<\/p>\n\n\n\n<p><strong>Mleczarnia<\/strong> &#8211; ciekawy bar, a w\u0142a\u015bciwie klubokawiarnia przy ulicy Meiselsa &#8211; po przej\u015bciu na drug\u0105 stron\u0119 ulicy znajdziemy si\u0119 w letnim ogr\u00f3dku oddzielaj\u0105cy go\u015bci od ulicy, co na zat\u0142oczonym Kazimierzu daje uczucie intymno\u015bci<\/p>\n\n\n\n<ul class=\"wp-block-gallery columns-2 is-cropped wp-block-gallery-67 is-layout-flex wp-block-gallery-is-layout-flex\"><li class=\"blocks-gallery-item\"><figure><img loading=\"lazy\" decoding=\"async\" width=\"800\" height=\"1200\" src=\"http:\/\/bloggini.pl\/wp-content\/uploads\/2018\/10\/MG_1001.jpg\" alt=\"\" data-id=\"926\" data-link=\"http:\/\/bloggini.pl\/krakow-subiektywny-przewodnik\/_mg_1001\/\" class=\"wp-image-926\" srcset=\"https:\/\/justynalorenc.com\/wp-content\/uploads\/2018\/10\/MG_1001.jpg 800w, https:\/\/justynalorenc.com\/wp-content\/uploads\/2018\/10\/MG_1001-200x300.jpg 200w, https:\/\/justynalorenc.com\/wp-content\/uploads\/2018\/10\/MG_1001-683x1024.jpg 683w, https:\/\/justynalorenc.com\/wp-content\/uploads\/2018\/10\/MG_1001-768x1152.jpg 768w\" sizes=\"(max-width: 800px) 100vw, 800px\" \/><\/figure><\/li><li class=\"blocks-gallery-item\"><figure><img loading=\"lazy\" decoding=\"async\" width=\"800\" height=\"1200\" src=\"http:\/\/bloggini.pl\/wp-content\/uploads\/2018\/10\/MG_1005.jpg\" alt=\"\" data-id=\"924\" data-link=\"http:\/\/bloggini.pl\/krakow-subiektywny-przewodnik\/_mg_1005\/\" class=\"wp-image-924\" srcset=\"https:\/\/justynalorenc.com\/wp-content\/uploads\/2018\/10\/MG_1005.jpg 800w, https:\/\/justynalorenc.com\/wp-content\/uploads\/2018\/10\/MG_1005-200x300.jpg 200w, https:\/\/justynalorenc.com\/wp-content\/uploads\/2018\/10\/MG_1005-683x1024.jpg 683w, https:\/\/justynalorenc.com\/wp-content\/uploads\/2018\/10\/MG_1005-768x1152.jpg 768w\" sizes=\"(max-width: 800px) 100vw, 800px\" \/><\/figure><\/li><li class=\"blocks-gallery-item\"><figure><img loading=\"lazy\" decoding=\"async\" width=\"800\" height=\"1200\" src=\"http:\/\/bloggini.pl\/wp-content\/uploads\/2018\/10\/MG_1950.jpg\" alt=\"\" data-id=\"925\" data-link=\"http:\/\/bloggini.pl\/krakow-subiektywny-przewodnik\/_mg_1950\/\" class=\"wp-image-925\" srcset=\"https:\/\/justynalorenc.com\/wp-content\/uploads\/2018\/10\/MG_1950.jpg 800w, https:\/\/justynalorenc.com\/wp-content\/uploads\/2018\/10\/MG_1950-200x300.jpg 200w, https:\/\/justynalorenc.com\/wp-content\/uploads\/2018\/10\/MG_1950-683x1024.jpg 683w, https:\/\/justynalorenc.com\/wp-content\/uploads\/2018\/10\/MG_1950-768x1152.jpg 768w\" sizes=\"(max-width: 800px) 100vw, 800px\" \/><\/figure><\/li><li class=\"blocks-gallery-item\"><figure><img loading=\"lazy\" decoding=\"async\" width=\"800\" height=\"1200\" src=\"http:\/\/bloggini.pl\/wp-content\/uploads\/2018\/10\/MG_1966.jpg\" alt=\"\" data-id=\"923\" data-link=\"http:\/\/bloggini.pl\/krakow-subiektywny-przewodnik\/_mg_1966\/\" class=\"wp-image-923\" srcset=\"https:\/\/justynalorenc.com\/wp-content\/uploads\/2018\/10\/MG_1966.jpg 800w, https:\/\/justynalorenc.com\/wp-content\/uploads\/2018\/10\/MG_1966-200x300.jpg 200w, https:\/\/justynalorenc.com\/wp-content\/uploads\/2018\/10\/MG_1966-683x1024.jpg 683w, https:\/\/justynalorenc.com\/wp-content\/uploads\/2018\/10\/MG_1966-768x1152.jpg 768w\" sizes=\"(max-width: 800px) 100vw, 800px\" \/><\/figure><\/li><\/ul>\n\n\n\n<p><strong>Alchemia<\/strong> &#8211; kolejne kultowe miejsce, w kt\u00f3rym od lat spotykaj\u0105 si\u0119 r\u00f3\u017cne kultury i subkultury. Odrapane mury kryj\u0105ce w sobie przytulny bar widzia\u0142y ju\u017c wiele. Na g\u00f3rze mo\u017cna wypi\u0107 drinka, a na dole poszale\u0107 podczas koncertu undergroundowego zespo\u0142u<\/p>\n\n\n\n<p><strong>Bar a vino<\/strong> &#8211; nale\u017c\u0105cy do Marka Kondrata bar znajduje si\u0119 w ma\u0142ej przytulnej uliczce w pobli\u017cu Wis\u0142y i serwuje doskona\u0142e wina i przek\u0105ski<\/p>\n\n\n\n<ul class=\"wp-block-gallery columns-1 is-cropped wp-block-gallery-69 is-layout-flex wp-block-gallery-is-layout-flex\"><li class=\"blocks-gallery-item\"><figure><img loading=\"lazy\" decoding=\"async\" width=\"1200\" height=\"800\" src=\"http:\/\/bloggini.pl\/wp-content\/uploads\/2018\/10\/IMG_0983.jpg\" alt=\"\" data-id=\"922\" data-link=\"http:\/\/bloggini.pl\/krakow-subiektywny-przewodnik\/img_0983\/\" class=\"wp-image-922\" srcset=\"https:\/\/justynalorenc.com\/wp-content\/uploads\/2018\/10\/IMG_0983.jpg 1200w, https:\/\/justynalorenc.com\/wp-content\/uploads\/2018\/10\/IMG_0983-300x200.jpg 300w, https:\/\/justynalorenc.com\/wp-content\/uploads\/2018\/10\/IMG_0983-1024x683.jpg 1024w, https:\/\/justynalorenc.com\/wp-content\/uploads\/2018\/10\/IMG_0983-768x512.jpg 768w, https:\/\/justynalorenc.com\/wp-content\/uploads\/2018\/10\/IMG_0983-1080x720.jpg 1080w\" sizes=\"(max-width: 1200px) 100vw, 1200px\" \/><\/figure><\/li><\/ul>\n\n\n\n<p><strong>Singer<\/strong> &#8211; kawiarnia w starym stylu z maszynami do szycia na sto\u0142ach, kt\u00f3ra w nocy zamienia si\u0119 w szalon\u0105 prywatk\u0119 i ta\u0144ce na starych sto\u0142ach. To miejsce bardzo na luzie i bezpretensjonalne<\/p>\n\n\n\n<p><strong>Opium<\/strong> &#8211; do\u015b\u0107 du\u017cy, ale klimatyczny bar dla tych lubi\u0105cych pota\u0144czy\u0107<\/p>\n\n\n\n<h1 class=\"wp-block-heading\" style=\"text-align:center\"><strong>PODG\u00d3RZE<\/strong><\/h1>\n\n\n\n<p>Znajduj\u0105ce si\u0119 po drugiej stronie Wis\u0142y <strong>Podg\u00f3rze<\/strong> to dzielnica niedoceniana, cho\u0107 z ogromnym potencja\u0142em. Jako dzielnica Krakowa funkcjonuje dopiero od pocz\u0105tku XX wieku, mo\u017ce jednak pochwali\u0107 si\u0119 kawa\u0142kiem smutnej historii. To tutaj w 1941 roku utworzono getto, do kt\u00f3rego przesiedlono krakowskich \u017byd\u00f3w z Kazimierza. \u015alady tej strasznej przesz\u0142o\u015bci do dzi\u015b s\u0105 obecne w murach, kamienicach, na placach i cmentarzach. Niemi \u015bwiadkowie historii, jak <strong>Kamienio\u0142om Liban<\/strong>, czy <strong>Apteka pod Or\u0142em<\/strong> zajmuj\u0105 niezwykle wa\u017cne miejsce na mapie Krakowa.<\/p>\n\n\n\n<h2 class=\"wp-block-heading\" style=\"text-align:center\"><strong>Co zobaczy\u0107?<\/strong><\/h2>\n\n\n\n<p><strong>Plac Bohater\u00f3w Getta i Apteka pod Or\u0142em&nbsp;<\/strong><\/p>\n\n\n\n<p>Instalacja z krzese\u0142 stworzona na Placu ma upami\u0119tnia\u0107 likwidacj\u0119 getta w Podg\u00f3rzu przeprowadzon\u0105 w 1943 roku. W Aptece pod Or\u0142em w czasie wojny mie\u015bci\u0142&nbsp; si\u0119 (opr\u00f3cz apteki prowadzonej przez<strong> Tadeusza Pankiewicza<\/strong>) punkt konspiracyjny. Dzi\u015b mo\u017cna w znajduj\u0105cym si\u0119 tu muzeum zobaczy\u0107 spory kawa\u0142ek historii krakowskiego Podg\u00f3rza<\/p>\n\n\n\n<p><strong>Fragment muru getta przy Lwowskiej<\/strong><\/p>\n\n\n\n<p>Po likwidacji getta zosta\u0142y niewielkie fragmenty mur\u00f3w, do dzisiaj \u015bwiadcz\u0105cych o zdarzeniach z przesz\u0142o\u015bci &#8211; jeden z nich znajduje si\u0119 przy ul. Lwowskiej, kilkadziesi\u0105t metr\u00f3w od Placu Bohater\u00f3w Getta<\/p>\n\n\n\n<ul class=\"wp-block-gallery columns-2 is-cropped wp-block-gallery-71 is-layout-flex wp-block-gallery-is-layout-flex\"><li class=\"blocks-gallery-item\"><figure><img loading=\"lazy\" decoding=\"async\" width=\"800\" height=\"1200\" src=\"http:\/\/bloggini.pl\/wp-content\/uploads\/2018\/10\/MG_1974.jpg\" alt=\"\" data-id=\"930\" data-link=\"http:\/\/bloggini.pl\/krakow-subiektywny-przewodnik\/_mg_1974\/\" class=\"wp-image-930\" srcset=\"https:\/\/justynalorenc.com\/wp-content\/uploads\/2018\/10\/MG_1974.jpg 800w, https:\/\/justynalorenc.com\/wp-content\/uploads\/2018\/10\/MG_1974-200x300.jpg 200w, https:\/\/justynalorenc.com\/wp-content\/uploads\/2018\/10\/MG_1974-683x1024.jpg 683w, https:\/\/justynalorenc.com\/wp-content\/uploads\/2018\/10\/MG_1974-768x1152.jpg 768w\" sizes=\"(max-width: 800px) 100vw, 800px\" \/><\/figure><\/li><li class=\"blocks-gallery-item\"><figure><img loading=\"lazy\" decoding=\"async\" width=\"800\" height=\"1200\" src=\"http:\/\/bloggini.pl\/wp-content\/uploads\/2018\/10\/MG_1982.jpg\" alt=\"\" data-id=\"931\" data-link=\"http:\/\/bloggini.pl\/krakow-subiektywny-przewodnik\/_mg_1982\/\" class=\"wp-image-931\" srcset=\"https:\/\/justynalorenc.com\/wp-content\/uploads\/2018\/10\/MG_1982.jpg 800w, https:\/\/justynalorenc.com\/wp-content\/uploads\/2018\/10\/MG_1982-200x300.jpg 200w, https:\/\/justynalorenc.com\/wp-content\/uploads\/2018\/10\/MG_1982-683x1024.jpg 683w, https:\/\/justynalorenc.com\/wp-content\/uploads\/2018\/10\/MG_1982-768x1152.jpg 768w\" sizes=\"(max-width: 800px) 100vw, 800px\" \/><\/figure><\/li><\/ul>\n\n\n\n<ul class=\"wp-block-gallery columns-1 is-cropped wp-block-gallery-73 is-layout-flex wp-block-gallery-is-layout-flex\"><li class=\"blocks-gallery-item\"><figure><img loading=\"lazy\" decoding=\"async\" width=\"1200\" height=\"800\" src=\"http:\/\/bloggini.pl\/wp-content\/uploads\/2018\/10\/MG_1989.jpg\" alt=\"\" data-id=\"932\" data-link=\"http:\/\/bloggini.pl\/krakow-subiektywny-przewodnik\/_mg_1989\/\" class=\"wp-image-932\" srcset=\"https:\/\/justynalorenc.com\/wp-content\/uploads\/2018\/10\/MG_1989.jpg 1200w, https:\/\/justynalorenc.com\/wp-content\/uploads\/2018\/10\/MG_1989-300x200.jpg 300w, https:\/\/justynalorenc.com\/wp-content\/uploads\/2018\/10\/MG_1989-1024x683.jpg 1024w, https:\/\/justynalorenc.com\/wp-content\/uploads\/2018\/10\/MG_1989-768x512.jpg 768w, https:\/\/justynalorenc.com\/wp-content\/uploads\/2018\/10\/MG_1989-1080x720.jpg 1080w\" sizes=\"(max-width: 1200px) 100vw, 1200px\" \/><\/figure><\/li><\/ul>\n\n\n\n<ul class=\"wp-block-gallery columns-2 is-cropped wp-block-gallery-75 is-layout-flex wp-block-gallery-is-layout-flex\"><li class=\"blocks-gallery-item\"><figure><img loading=\"lazy\" decoding=\"async\" width=\"800\" height=\"1200\" src=\"http:\/\/bloggini.pl\/wp-content\/uploads\/2018\/10\/MG_1991.jpg\" alt=\"\" data-id=\"933\" data-link=\"http:\/\/bloggini.pl\/krakow-subiektywny-przewodnik\/_mg_1991\/\" class=\"wp-image-933\" srcset=\"https:\/\/justynalorenc.com\/wp-content\/uploads\/2018\/10\/MG_1991.jpg 800w, https:\/\/justynalorenc.com\/wp-content\/uploads\/2018\/10\/MG_1991-200x300.jpg 200w, https:\/\/justynalorenc.com\/wp-content\/uploads\/2018\/10\/MG_1991-683x1024.jpg 683w, https:\/\/justynalorenc.com\/wp-content\/uploads\/2018\/10\/MG_1991-768x1152.jpg 768w\" sizes=\"(max-width: 800px) 100vw, 800px\" \/><\/figure><\/li><li class=\"blocks-gallery-item\"><figure><img loading=\"lazy\" decoding=\"async\" width=\"800\" height=\"1200\" src=\"http:\/\/bloggini.pl\/wp-content\/uploads\/2018\/10\/MG_1992.jpg\" alt=\"\" data-id=\"934\" data-link=\"http:\/\/bloggini.pl\/krakow-subiektywny-przewodnik\/_mg_1992\/\" class=\"wp-image-934\" srcset=\"https:\/\/justynalorenc.com\/wp-content\/uploads\/2018\/10\/MG_1992.jpg 800w, https:\/\/justynalorenc.com\/wp-content\/uploads\/2018\/10\/MG_1992-200x300.jpg 200w, https:\/\/justynalorenc.com\/wp-content\/uploads\/2018\/10\/MG_1992-683x1024.jpg 683w, https:\/\/justynalorenc.com\/wp-content\/uploads\/2018\/10\/MG_1992-768x1152.jpg 768w\" sizes=\"(max-width: 800px) 100vw, 800px\" \/><\/figure><\/li><\/ul>\n\n\n\n<p><strong>Park Bednarskiego<\/strong><\/p>\n\n\n\n<p>Pod\u0105\u017caj\u0105c z placu ulic\u0105 Limanowskiego dotrzecie na <strong>Rynek Podg\u00f3rski<\/strong> &#8211; serce Podg\u00f3rza u st\u00f3p monumentalnego ko\u015bcio\u0142a \u015bw. J\u00f3zefa w stylu neogotyckim. Gdy miniecie strzeliste wie\u017ce \u015bwi\u0105tyni polecam wspi\u0105\u0107 si\u0119 do <strong>Parku Bednarskiego<\/strong>, z kt\u00f3rego mo\u017cna obserwowa\u0107 pi\u0119kn\u0105 panoram\u0119 miasta, zw\u0142aszcza o zachodzie s\u0142o\u0144ca<\/p>\n\n\n\n<p><strong>Kopiec Krakusa<\/strong><\/p>\n\n\n\n<p>Je\u015bli komu\u015b nie wystarczy\u0142 park &#8211; mo\u017cna p\u00f3j\u015b\u0107 o krok dalej i wej\u015b\u0107 na jeden z krakowskich kopc\u00f3w. Widok z g\u00f3ry z pewno\u015bci\u0105 zrekompensuje trudy wycieczki<\/p>\n\n\n\n<p><strong>Kamienio\u0142om Liban i rezerwat Bonarka<\/strong><\/p>\n\n\n\n<p>Z drugiej strony kopca mo\u017cna zej\u015b\u0107 do dawnego karnego obozu pracy przymusowej, gdzie znajduj\u0105 si\u0119 (czasami mylnie brane za rzeczywiste pozosta\u0142o\u015bci obozu) rekwizyty pozostawione przez scenarzyst\u00f3w filmu Lista Schindlera. Miasto od lat nie ma pomys\u0142u, co zrobi\u0107 z tymi terenami, i cho\u0107 ani turyst\u00f3w ani mieszka\u0144c\u00f3w nie ma tu wielu, to o tym, \u017ce znajduj\u0105 si\u0119 w miejscu pami\u0119ci, informuje jedynie ma\u0142a tabliczka ukryta w\u015br\u00f3d drzew. Chodnik z macew niszczeje wi\u0119c w otoczeniu pomnika zamordowanych i grilluj\u0105cej m\u0142odzie\u017cy<\/p>\n\n\n\n<ul class=\"wp-block-gallery columns-1 is-cropped wp-block-gallery-77 is-layout-flex wp-block-gallery-is-layout-flex\"><li class=\"blocks-gallery-item\"><figure><img loading=\"lazy\" decoding=\"async\" width=\"1200\" height=\"858\" src=\"http:\/\/bloggini.pl\/wp-content\/uploads\/2018\/10\/MG_2055-1.jpg\" alt=\"\" data-id=\"952\" data-link=\"http:\/\/bloggini.pl\/krakow-subiektywny-przewodnik\/_mg_2055-2\/\" class=\"wp-image-952\" srcset=\"https:\/\/justynalorenc.com\/wp-content\/uploads\/2018\/10\/MG_2055-1.jpg 1200w, https:\/\/justynalorenc.com\/wp-content\/uploads\/2018\/10\/MG_2055-1-300x215.jpg 300w, https:\/\/justynalorenc.com\/wp-content\/uploads\/2018\/10\/MG_2055-1-1024x732.jpg 1024w, https:\/\/justynalorenc.com\/wp-content\/uploads\/2018\/10\/MG_2055-1-768x549.jpg 768w, https:\/\/justynalorenc.com\/wp-content\/uploads\/2018\/10\/MG_2055-1-1080x772.jpg 1080w\" sizes=\"(max-width: 1200px) 100vw, 1200px\" \/><\/figure><\/li><\/ul>\n\n\n\n<ul class=\"wp-block-gallery columns-1 is-cropped wp-block-gallery-79 is-layout-flex wp-block-gallery-is-layout-flex\"><li class=\"blocks-gallery-item\"><figure><img loading=\"lazy\" decoding=\"async\" width=\"1200\" height=\"800\" src=\"http:\/\/bloggini.pl\/wp-content\/uploads\/2018\/10\/MG_2056.jpg\" alt=\"\" data-id=\"936\" data-link=\"http:\/\/bloggini.pl\/krakow-subiektywny-przewodnik\/_mg_2056\/\" class=\"wp-image-936\" srcset=\"https:\/\/justynalorenc.com\/wp-content\/uploads\/2018\/10\/MG_2056.jpg 1200w, https:\/\/justynalorenc.com\/wp-content\/uploads\/2018\/10\/MG_2056-300x200.jpg 300w, https:\/\/justynalorenc.com\/wp-content\/uploads\/2018\/10\/MG_2056-1024x683.jpg 1024w, https:\/\/justynalorenc.com\/wp-content\/uploads\/2018\/10\/MG_2056-768x512.jpg 768w, https:\/\/justynalorenc.com\/wp-content\/uploads\/2018\/10\/MG_2056-1080x720.jpg 1080w\" sizes=\"(max-width: 1200px) 100vw, 1200px\" \/><\/figure><\/li><li class=\"blocks-gallery-item\"><figure><img loading=\"lazy\" decoding=\"async\" width=\"1200\" height=\"800\" src=\"http:\/\/bloggini.pl\/wp-content\/uploads\/2018\/10\/MG_2047.jpg\" alt=\"\" data-id=\"937\" data-link=\"http:\/\/bloggini.pl\/krakow-subiektywny-przewodnik\/_mg_2047\/\" class=\"wp-image-937\" srcset=\"https:\/\/justynalorenc.com\/wp-content\/uploads\/2018\/10\/MG_2047.jpg 1200w, https:\/\/justynalorenc.com\/wp-content\/uploads\/2018\/10\/MG_2047-300x200.jpg 300w, https:\/\/justynalorenc.com\/wp-content\/uploads\/2018\/10\/MG_2047-1024x683.jpg 1024w, https:\/\/justynalorenc.com\/wp-content\/uploads\/2018\/10\/MG_2047-768x512.jpg 768w, https:\/\/justynalorenc.com\/wp-content\/uploads\/2018\/10\/MG_2047-1080x720.jpg 1080w\" sizes=\"(max-width: 1200px) 100vw, 1200px\" \/><\/figure><\/li><\/ul>\n\n\n\n<ul class=\"wp-block-gallery columns-1 is-cropped wp-block-gallery-81 is-layout-flex wp-block-gallery-is-layout-flex\"><li class=\"blocks-gallery-item\"><figure><img loading=\"lazy\" decoding=\"async\" width=\"1200\" height=\"800\" src=\"http:\/\/bloggini.pl\/wp-content\/uploads\/2018\/10\/MG_2061.jpg\" alt=\"\" data-id=\"947\" data-link=\"http:\/\/bloggini.pl\/krakow-subiektywny-przewodnik\/_mg_2061\/\" class=\"wp-image-947\" srcset=\"https:\/\/justynalorenc.com\/wp-content\/uploads\/2018\/10\/MG_2061.jpg 1200w, https:\/\/justynalorenc.com\/wp-content\/uploads\/2018\/10\/MG_2061-300x200.jpg 300w, https:\/\/justynalorenc.com\/wp-content\/uploads\/2018\/10\/MG_2061-1024x683.jpg 1024w, https:\/\/justynalorenc.com\/wp-content\/uploads\/2018\/10\/MG_2061-768x512.jpg 768w, https:\/\/justynalorenc.com\/wp-content\/uploads\/2018\/10\/MG_2061-1080x720.jpg 1080w\" sizes=\"(max-width: 1200px) 100vw, 1200px\" \/><\/figure><\/li><\/ul>\n\n\n\n<p><strong>Ko\u015bci\u00f3\u0142 \u015bw. Benedykta i kolorowe schody na ulicy Tatrza\u0144skiej<\/strong><\/p>\n\n\n\n<p>Tutaj Podg\u00f3rze pokazuje swoj\u0105 nieco weselsz\u0105 twarz i rzuca cytatami namalowanymi na najbardziej kolorowych schodach w mie\u015bcie &#8211; nie tylko dla mi\u0142o\u015bnik\u00f3w literatury<\/p>\n\n\n\n<ul class=\"wp-block-gallery columns-1 is-cropped wp-block-gallery-83 is-layout-flex wp-block-gallery-is-layout-flex\"><li class=\"blocks-gallery-item\"><figure><img loading=\"lazy\" decoding=\"async\" width=\"1200\" height=\"800\" src=\"http:\/\/bloggini.pl\/wp-content\/uploads\/2018\/10\/MG_2001.jpg\" alt=\"\" data-id=\"948\" data-link=\"http:\/\/bloggini.pl\/krakow-subiektywny-przewodnik\/_mg_2001\/\" class=\"wp-image-948\" srcset=\"https:\/\/justynalorenc.com\/wp-content\/uploads\/2018\/10\/MG_2001.jpg 1200w, https:\/\/justynalorenc.com\/wp-content\/uploads\/2018\/10\/MG_2001-300x200.jpg 300w, https:\/\/justynalorenc.com\/wp-content\/uploads\/2018\/10\/MG_2001-1024x683.jpg 1024w, https:\/\/justynalorenc.com\/wp-content\/uploads\/2018\/10\/MG_2001-768x512.jpg 768w, https:\/\/justynalorenc.com\/wp-content\/uploads\/2018\/10\/MG_2001-1080x720.jpg 1080w\" sizes=\"(max-width: 1200px) 100vw, 1200px\" \/><\/figure><\/li><\/ul>\n\n\n\n<h2 class=\"wp-block-heading\" style=\"text-align:center\"><strong>Gdzie je\u015b\u0107?<\/strong><\/h2>\n\n\n\n<p><strong>Manzana<\/strong> &#8211; prawdziwie meksyka\u0144ska uczta w sercu Podg\u00f3rza, szczeg\u00f3lnie polecam margarit\u0119!<\/p>\n\n\n\n<ul class=\"wp-block-gallery columns-2 is-cropped wp-block-gallery-85 is-layout-flex wp-block-gallery-is-layout-flex\"><li class=\"blocks-gallery-item\"><figure><img loading=\"lazy\" decoding=\"async\" width=\"800\" height=\"1200\" src=\"http:\/\/bloggini.pl\/wp-content\/uploads\/2018\/10\/MG_2015.jpg\" alt=\"\" data-id=\"940\" data-link=\"http:\/\/bloggini.pl\/krakow-subiektywny-przewodnik\/_mg_2015\/\" class=\"wp-image-940\" srcset=\"https:\/\/justynalorenc.com\/wp-content\/uploads\/2018\/10\/MG_2015.jpg 800w, https:\/\/justynalorenc.com\/wp-content\/uploads\/2018\/10\/MG_2015-200x300.jpg 200w, https:\/\/justynalorenc.com\/wp-content\/uploads\/2018\/10\/MG_2015-683x1024.jpg 683w, https:\/\/justynalorenc.com\/wp-content\/uploads\/2018\/10\/MG_2015-768x1152.jpg 768w\" sizes=\"(max-width: 800px) 100vw, 800px\" \/><\/figure><\/li><li class=\"blocks-gallery-item\"><figure><img loading=\"lazy\" decoding=\"async\" width=\"800\" height=\"1200\" src=\"http:\/\/bloggini.pl\/wp-content\/uploads\/2018\/10\/MG_2019.jpg\" alt=\"\" data-id=\"939\" data-link=\"http:\/\/bloggini.pl\/krakow-subiektywny-przewodnik\/_mg_2019\/\" class=\"wp-image-939\" srcset=\"https:\/\/justynalorenc.com\/wp-content\/uploads\/2018\/10\/MG_2019.jpg 800w, https:\/\/justynalorenc.com\/wp-content\/uploads\/2018\/10\/MG_2019-200x300.jpg 200w, https:\/\/justynalorenc.com\/wp-content\/uploads\/2018\/10\/MG_2019-683x1024.jpg 683w, https:\/\/justynalorenc.com\/wp-content\/uploads\/2018\/10\/MG_2019-768x1152.jpg 768w\" sizes=\"(max-width: 800px) 100vw, 800px\" \/><\/figure><\/li><\/ul>\n\n\n\n<ul class=\"wp-block-gallery columns-1 is-cropped wp-block-gallery-87 is-layout-flex wp-block-gallery-is-layout-flex\"><li class=\"blocks-gallery-item\"><figure><img loading=\"lazy\" decoding=\"async\" width=\"1200\" height=\"800\" src=\"http:\/\/bloggini.pl\/wp-content\/uploads\/2018\/10\/MG_2036.jpg\" alt=\"\" data-id=\"941\" data-link=\"http:\/\/bloggini.pl\/krakow-subiektywny-przewodnik\/_mg_2036\/\" class=\"wp-image-941\" srcset=\"https:\/\/justynalorenc.com\/wp-content\/uploads\/2018\/10\/MG_2036.jpg 1200w, https:\/\/justynalorenc.com\/wp-content\/uploads\/2018\/10\/MG_2036-300x200.jpg 300w, https:\/\/justynalorenc.com\/wp-content\/uploads\/2018\/10\/MG_2036-1024x683.jpg 1024w, https:\/\/justynalorenc.com\/wp-content\/uploads\/2018\/10\/MG_2036-768x512.jpg 768w, https:\/\/justynalorenc.com\/wp-content\/uploads\/2018\/10\/MG_2036-1080x720.jpg 1080w\" sizes=\"(max-width: 1200px) 100vw, 1200px\" \/><\/figure><\/li><\/ul>\n\n\n\n<p><strong>Bar mleczny Krakus<\/strong> &#8211; podr\u00f3\u017c kulinarna i wizualna do czas\u00f3w PRL-u, a w pakiecie dobre domowe jedzenie za kilka z\u0142otych<\/p>\n\n\n\n<ul class=\"wp-block-gallery columns-2 is-cropped wp-block-gallery-89 is-layout-flex wp-block-gallery-is-layout-flex\"><li class=\"blocks-gallery-item\"><figure><img loading=\"lazy\" decoding=\"async\" width=\"816\" height=\"1200\" src=\"http:\/\/bloggini.pl\/wp-content\/uploads\/2018\/10\/MG_1984.jpg\" alt=\"\" data-id=\"943\" data-link=\"http:\/\/bloggini.pl\/krakow-subiektywny-przewodnik\/_mg_1984\/\" class=\"wp-image-943\" srcset=\"https:\/\/justynalorenc.com\/wp-content\/uploads\/2018\/10\/MG_1984.jpg 816w, https:\/\/justynalorenc.com\/wp-content\/uploads\/2018\/10\/MG_1984-204x300.jpg 204w, https:\/\/justynalorenc.com\/wp-content\/uploads\/2018\/10\/MG_1984-696x1024.jpg 696w, https:\/\/justynalorenc.com\/wp-content\/uploads\/2018\/10\/MG_1984-768x1129.jpg 768w\" sizes=\"(max-width: 816px) 100vw, 816px\" \/><\/figure><\/li><li class=\"blocks-gallery-item\"><figure><img loading=\"lazy\" decoding=\"async\" width=\"800\" height=\"1200\" src=\"http:\/\/bloggini.pl\/wp-content\/uploads\/2018\/10\/MG_1985.jpg\" alt=\"\" data-id=\"942\" data-link=\"http:\/\/bloggini.pl\/krakow-subiektywny-przewodnik\/_mg_1985\/\" class=\"wp-image-942\" srcset=\"https:\/\/justynalorenc.com\/wp-content\/uploads\/2018\/10\/MG_1985.jpg 800w, https:\/\/justynalorenc.com\/wp-content\/uploads\/2018\/10\/MG_1985-200x300.jpg 200w, https:\/\/justynalorenc.com\/wp-content\/uploads\/2018\/10\/MG_1985-683x1024.jpg 683w, https:\/\/justynalorenc.com\/wp-content\/uploads\/2018\/10\/MG_1985-768x1152.jpg 768w\" sizes=\"(max-width: 800px) 100vw, 800px\" \/><\/figure><\/li><\/ul>\n\n\n\n<p><strong>Pizza 00<\/strong> &#8211; bardzo smaczna pizza na chrupi\u0105cym spodzie i \u0142adny, przytulny lokal<\/p>\n\n\n\n<p><strong>Zak\u0142adka food&amp;wine<\/strong> &#8211; francuska kuchnia w pi\u0119knym otoczniu bulwar\u00f3w i w eleganckim, cho\u0107 bezpretensjonalnym wydaniu<\/p>\n\n\n\n<p><strong>Emil kr\u0119ci lody<\/strong> &#8211; pyszne lody zaraz nad Wis\u0142\u0105<\/p>\n\n\n\n<h2 class=\"wp-block-heading\" style=\"text-align:center\"><strong>Gdzie si\u0119 bawi\u0107?<\/strong><\/h2>\n\n\n\n<p><strong>Klubokawiarnia Forum przestrzenie<\/strong> &#8211; super miejsc\u00f3wka w by\u0142ym hotelu Forum z du\u017cym ogr\u00f3dkiem i le\u017cakami na bulwarach, zar\u00f3wno na drinka, na obiad, lub imprez\u0119 ze znajomymi, modne miejsce, w kt\u00f3rym (zw\u0142aszcza w wakacje, kiedy przyjemnie siedzi si\u0119 nad Wis\u0142\u0105) spotkasz po\u0142ow\u0119 miasta<\/p>\n\n\n\n<ul class=\"wp-block-gallery columns-1 is-cropped wp-block-gallery-91 is-layout-flex wp-block-gallery-is-layout-flex\"><li class=\"blocks-gallery-item\"><figure><img loading=\"lazy\" decoding=\"async\" width=\"1200\" height=\"800\" src=\"http:\/\/bloggini.pl\/wp-content\/uploads\/2018\/10\/IMG_1045.jpg\" alt=\"\" data-id=\"944\" data-link=\"http:\/\/bloggini.pl\/krakow-subiektywny-przewodnik\/img_1045\/\" class=\"wp-image-944\" srcset=\"https:\/\/justynalorenc.com\/wp-content\/uploads\/2018\/10\/IMG_1045.jpg 1200w, https:\/\/justynalorenc.com\/wp-content\/uploads\/2018\/10\/IMG_1045-300x200.jpg 300w, https:\/\/justynalorenc.com\/wp-content\/uploads\/2018\/10\/IMG_1045-1024x683.jpg 1024w, https:\/\/justynalorenc.com\/wp-content\/uploads\/2018\/10\/IMG_1045-768x512.jpg 768w, https:\/\/justynalorenc.com\/wp-content\/uploads\/2018\/10\/IMG_1045-1080x720.jpg 1080w\" sizes=\"(max-width: 1200px) 100vw, 1200px\" \/><\/figure><\/li><\/ul>\n\n\n\n<p><strong>Kinokawiarnia KIKA<\/strong> &#8211; malutkie kino, w kt\u00f3rym zobaczycie zar\u00f3wno nowo\u015bci, jak i klasyki i gdzie organizowane s\u0105 ciekawe prelekcje zwi\u0105zane z filmami (np. degustacja prosecco przed filmem o tym trunku!)<\/p>\n\n\n\n<p><strong>Drukarnia<\/strong> (ul. Nadwi\u015bla\u0144ska 1) &#8211; klimatyczny bar zaraz przy Bulwarach, dobry na drinka, jak i ta\u0144ce<\/p>\n\n\n\n<p style=\"text-align:center\" class=\"has-regular-font-size\"><strong>A jakie s\u0105 Wasze ulubione miejsca w Krakowie?<\/strong><\/p>","protected":false},"excerpt":{"rendered":"<p>Poniewa\u017c mieszkam w Krakowie ju\u017c wiele, wiele lat, postanowi\u0142am zrobi\u0107 post o najfajniejszych miejscach, kt\u00f3re mo\u017cecie tu zobaczy\u0107 b\u0119d\u0105c na weekend, a tak\u017ce o pysznych miejsc\u00f3wkach na lunch i drinka. Nie pisz\u0119 w nim o miejscach, o kt\u00f3rych mo\u017cecie przeczyta\u0107 w ka\u017cdym przewodniku turystycznym (chocia\u017c wymieniam kilka z nich, ale w nieco innym wydaniu) &#8211;&nbsp; [&hellip;]<\/p>","protected":false},"author":1,"featured_media":723,"comment_status":"open","ping_status":"open","sticky":false,"template":"","format":"standard","meta":{"_monsterinsights_skip_tracking":false,"_monsterinsights_sitenote_active":false,"_monsterinsights_sitenote_note":"","_monsterinsights_sitenote_category":0,"footnotes":""},"categories":[43,1,45],"tags":[55,57,64],"yoast_head":"<!-- This site is optimized with the Yoast SEO plugin v22.0 - https:\/\/yoast.com\/wordpress\/plugins\/seo\/ -->\n<title>Krak\u00f3w - subiektywny PRZEWODNIK &#8211; Justyna Lorenc<\/title>\n<meta name=\"description\" content=\"Krak\u00f3w - subiektywny przewodnik, a w nim: Rynek, Kazimierz i Podg\u00f3rze. Najlepsze miejsca: co zobaczy\u0107, gdzie je\u015b\u0107 i gdzie si\u0119 bawi\u0107 w Krakowie!\" \/>\n<meta name=\"robots\" content=\"index, follow, max-snippet:-1, max-image-preview:large, max-video-preview:-1\" \/>\n<link rel=\"canonical\" href=\"https:\/\/justynalorenc.com\/en\/krakow-subiektywny-przewodnik\/\" \/>\n<meta property=\"og:locale\" content=\"en_GB\" \/>\n<meta property=\"og:type\" content=\"article\" \/>\n<meta property=\"og:title\" content=\"Krak\u00f3w - subiektywny PRZEWODNIK &#8211; Justyna Lorenc\" \/>\n<meta property=\"og:description\" content=\"Krak\u00f3w - subiektywny przewodnik, a w nim: Rynek, Kazimierz i Podg\u00f3rze. Najlepsze miejsca: co zobaczy\u0107, gdzie je\u015b\u0107 i gdzie si\u0119 bawi\u0107 w Krakowie!\" \/>\n<meta property=\"og:url\" content=\"https:\/\/justynalorenc.com\/en\/krakow-subiektywny-przewodnik\/\" \/>\n<meta property=\"og:site_name\" content=\"Justyna Lorenc\" \/>\n<meta property=\"article:publisher\" content=\"https:\/\/www.facebook.com\/justynalorenccom\/\" \/>\n<meta property=\"article:author\" content=\"https:\/\/www.facebook.com\/justynalorenccom\/\" \/>\n<meta property=\"article:published_time\" content=\"2018-10-14T16:18:10+00:00\" \/>\n<meta property=\"article:modified_time\" content=\"2023-06-22T17:06:51+00:00\" \/>\n<meta property=\"og:image\" content=\"https:\/\/justynalorenc.com\/wp-content\/uploads\/2018\/10\/MG_1724.jpg\" \/>\n\t<meta property=\"og:image:width\" content=\"1200\" \/>\n\t<meta property=\"og:image:height\" content=\"800\" \/>\n\t<meta property=\"og:image:type\" content=\"image\/jpeg\" \/>\n<meta name=\"author\" content=\"Justyna\" \/>\n<meta name=\"twitter:card\" content=\"summary_large_image\" \/>\n<meta name=\"twitter:label1\" content=\"Written by\" \/>\n\t<meta name=\"twitter:data1\" content=\"Justyna\" \/>\n\t<meta name=\"twitter:label2\" content=\"Estimated reading time\" \/>\n\t<meta name=\"twitter:data2\" content=\"13 minutes\" \/>\n<script type=\"application\/ld+json\" class=\"yoast-schema-graph\">{\"@context\":\"https:\/\/schema.org\",\"@graph\":[{\"@type\":\"Article\",\"@id\":\"https:\/\/justynalorenc.com\/krakow-subiektywny-przewodnik\/#article\",\"isPartOf\":{\"@id\":\"https:\/\/justynalorenc.com\/krakow-subiektywny-przewodnik\/\"},\"author\":{\"name\":\"Justyna\",\"@id\":\"https:\/\/justynalorenc.com\/#\/schema\/person\/5f1d38de0ec51979d4c19fbe946b7c99\"},\"headline\":\"Krak\u00f3w &#8211; subiektywny PRZEWODNIK\",\"datePublished\":\"2018-10-14T16:18:10+00:00\",\"dateModified\":\"2023-06-22T17:06:51+00:00\",\"mainEntityOfPage\":{\"@id\":\"https:\/\/justynalorenc.com\/krakow-subiektywny-przewodnik\/\"},\"wordCount\":2604,\"commentCount\":0,\"publisher\":{\"@id\":\"https:\/\/justynalorenc.com\/#\/schema\/person\/5f1d38de0ec51979d4c19fbe946b7c99\"},\"keywords\":[\"krak\u00f3w\",\"porady\",\"przewodniki\"],\"articleSection\":[\"CITY-BREAK\",\"PODR\u00d3\u017bE\",\"PRZEWODNIKI\"],\"inLanguage\":\"en-GB\",\"potentialAction\":[{\"@type\":\"CommentAction\",\"name\":\"Comment\",\"target\":[\"https:\/\/justynalorenc.com\/krakow-subiektywny-przewodnik\/#respond\"]}]},{\"@type\":\"WebPage\",\"@id\":\"https:\/\/justynalorenc.com\/krakow-subiektywny-przewodnik\/\",\"url\":\"https:\/\/justynalorenc.com\/krakow-subiektywny-przewodnik\/\",\"name\":\"Krak\u00f3w - subiektywny PRZEWODNIK &#8211; Justyna Lorenc\",\"isPartOf\":{\"@id\":\"https:\/\/justynalorenc.com\/#website\"},\"datePublished\":\"2018-10-14T16:18:10+00:00\",\"dateModified\":\"2023-06-22T17:06:51+00:00\",\"description\":\"Krak\u00f3w - subiektywny przewodnik, a w nim: Rynek, Kazimierz i Podg\u00f3rze. Najlepsze miejsca: co zobaczy\u0107, gdzie je\u015b\u0107 i gdzie si\u0119 bawi\u0107 w Krakowie!\",\"breadcrumb\":{\"@id\":\"https:\/\/justynalorenc.com\/krakow-subiektywny-przewodnik\/#breadcrumb\"},\"inLanguage\":\"en-GB\",\"potentialAction\":[{\"@type\":\"ReadAction\",\"target\":[\"https:\/\/justynalorenc.com\/krakow-subiektywny-przewodnik\/\"]}]},{\"@type\":\"BreadcrumbList\",\"@id\":\"https:\/\/justynalorenc.com\/krakow-subiektywny-przewodnik\/#breadcrumb\",\"itemListElement\":[{\"@type\":\"ListItem\",\"position\":1,\"name\":\"Strona g\u0142\u00f3wna\",\"item\":\"https:\/\/justynalorenc.com\/\"},{\"@type\":\"ListItem\",\"position\":2,\"name\":\"Krak\u00f3w &#8211; subiektywny PRZEWODNIK\"}]},{\"@type\":\"WebSite\",\"@id\":\"https:\/\/justynalorenc.com\/#website\",\"url\":\"https:\/\/justynalorenc.com\/\",\"name\":\"Justyna Lorenc\",\"description\":\"BLOG - podr\u00f3\u017ce | fotografia | porady | inspiracje | klimatyczne miejsca\",\"publisher\":{\"@id\":\"https:\/\/justynalorenc.com\/#\/schema\/person\/5f1d38de0ec51979d4c19fbe946b7c99\"},\"potentialAction\":[{\"@type\":\"SearchAction\",\"target\":{\"@type\":\"EntryPoint\",\"urlTemplate\":\"https:\/\/justynalorenc.com\/?s={search_term_string}\"},\"query-input\":\"required name=search_term_string\"}],\"inLanguage\":\"en-GB\"},{\"@type\":[\"Person\",\"Organization\"],\"@id\":\"https:\/\/justynalorenc.com\/#\/schema\/person\/5f1d38de0ec51979d4c19fbe946b7c99\",\"name\":\"Justyna\",\"image\":{\"@type\":\"ImageObject\",\"inLanguage\":\"en-GB\",\"@id\":\"https:\/\/justynalorenc.com\/#\/schema\/person\/image\/\",\"url\":\"https:\/\/secure.gravatar.com\/avatar\/841e9b2ea8d5610552749bad1d090415?s=96&d=mm&r=g\",\"contentUrl\":\"https:\/\/secure.gravatar.com\/avatar\/841e9b2ea8d5610552749bad1d090415?s=96&d=mm&r=g\",\"caption\":\"Justyna\"},\"logo\":{\"@id\":\"https:\/\/justynalorenc.com\/#\/schema\/person\/image\/\"},\"sameAs\":[\"https:\/\/www.facebook.com\/justynalorenccom\/\",\"https:\/\/www.instagram.com\/justyna_lorenc\/?hl=pl\"]}]}<\/script>\n<!-- \/ Yoast SEO plugin. -->","yoast_head_json":{"title":"Krak\u00f3w - subiektywny PRZEWODNIK &#8211; Justyna Lorenc","description":"Krak\u00f3w - subiektywny przewodnik, a w nim: Rynek, Kazimierz i Podg\u00f3rze. Najlepsze miejsca: co zobaczy\u0107, gdzie je\u015b\u0107 i gdzie si\u0119 bawi\u0107 w Krakowie!","robots":{"index":"index","follow":"follow","max-snippet":"max-snippet:-1","max-image-preview":"max-image-preview:large","max-video-preview":"max-video-preview:-1"},"canonical":"https:\/\/justynalorenc.com\/en\/krakow-subiektywny-przewodnik\/","og_locale":"en_GB","og_type":"article","og_title":"Krak\u00f3w - subiektywny PRZEWODNIK &#8211; Justyna Lorenc","og_description":"Krak\u00f3w - subiektywny przewodnik, a w nim: Rynek, Kazimierz i Podg\u00f3rze. Najlepsze miejsca: co zobaczy\u0107, gdzie je\u015b\u0107 i gdzie si\u0119 bawi\u0107 w Krakowie!","og_url":"https:\/\/justynalorenc.com\/en\/krakow-subiektywny-przewodnik\/","og_site_name":"Justyna Lorenc","article_publisher":"https:\/\/www.facebook.com\/justynalorenccom\/","article_author":"https:\/\/www.facebook.com\/justynalorenccom\/","article_published_time":"2018-10-14T16:18:10+00:00","article_modified_time":"2023-06-22T17:06:51+00:00","og_image":[{"width":1200,"height":800,"url":"https:\/\/justynalorenc.com\/wp-content\/uploads\/2018\/10\/MG_1724.jpg","type":"image\/jpeg"}],"author":"Justyna","twitter_card":"summary_large_image","twitter_misc":{"Written by":"Justyna","Estimated reading time":"13 minutes"},"schema":{"@context":"https:\/\/schema.org","@graph":[{"@type":"Article","@id":"https:\/\/justynalorenc.com\/krakow-subiektywny-przewodnik\/#article","isPartOf":{"@id":"https:\/\/justynalorenc.com\/krakow-subiektywny-przewodnik\/"},"author":{"name":"Justyna","@id":"https:\/\/justynalorenc.com\/#\/schema\/person\/5f1d38de0ec51979d4c19fbe946b7c99"},"headline":"Krak\u00f3w &#8211; subiektywny PRZEWODNIK","datePublished":"2018-10-14T16:18:10+00:00","dateModified":"2023-06-22T17:06:51+00:00","mainEntityOfPage":{"@id":"https:\/\/justynalorenc.com\/krakow-subiektywny-przewodnik\/"},"wordCount":2604,"commentCount":0,"publisher":{"@id":"https:\/\/justynalorenc.com\/#\/schema\/person\/5f1d38de0ec51979d4c19fbe946b7c99"},"keywords":["krak\u00f3w","porady","przewodniki"],"articleSection":["CITY-BREAK","PODR\u00d3\u017bE","PRZEWODNIKI"],"inLanguage":"en-GB","potentialAction":[{"@type":"CommentAction","name":"Comment","target":["https:\/\/justynalorenc.com\/krakow-subiektywny-przewodnik\/#respond"]}]},{"@type":"WebPage","@id":"https:\/\/justynalorenc.com\/krakow-subiektywny-przewodnik\/","url":"https:\/\/justynalorenc.com\/krakow-subiektywny-przewodnik\/","name":"Krak\u00f3w - subiektywny PRZEWODNIK &#8211; Justyna Lorenc","isPartOf":{"@id":"https:\/\/justynalorenc.com\/#website"},"datePublished":"2018-10-14T16:18:10+00:00","dateModified":"2023-06-22T17:06:51+00:00","description":"Krak\u00f3w - subiektywny przewodnik, a w nim: Rynek, Kazimierz i Podg\u00f3rze. Najlepsze miejsca: co zobaczy\u0107, gdzie je\u015b\u0107 i gdzie si\u0119 bawi\u0107 w Krakowie!","breadcrumb":{"@id":"https:\/\/justynalorenc.com\/krakow-subiektywny-przewodnik\/#breadcrumb"},"inLanguage":"en-GB","potentialAction":[{"@type":"ReadAction","target":["https:\/\/justynalorenc.com\/krakow-subiektywny-przewodnik\/"]}]},{"@type":"BreadcrumbList","@id":"https:\/\/justynalorenc.com\/krakow-subiektywny-przewodnik\/#breadcrumb","itemListElement":[{"@type":"ListItem","position":1,"name":"Strona g\u0142\u00f3wna","item":"https:\/\/justynalorenc.com\/"},{"@type":"ListItem","position":2,"name":"Krak\u00f3w &#8211; subiektywny PRZEWODNIK"}]},{"@type":"WebSite","@id":"https:\/\/justynalorenc.com\/#website","url":"https:\/\/justynalorenc.com\/","name":"Justyna Lorenc","description":"BLOG - podr\u00f3\u017ce | fotografia | porady | inspiracje | klimatyczne miejsca","publisher":{"@id":"https:\/\/justynalorenc.com\/#\/schema\/person\/5f1d38de0ec51979d4c19fbe946b7c99"},"potentialAction":[{"@type":"SearchAction","target":{"@type":"EntryPoint","urlTemplate":"https:\/\/justynalorenc.com\/?s={search_term_string}"},"query-input":"required name=search_term_string"}],"inLanguage":"en-GB"},{"@type":["Person","Organization"],"@id":"https:\/\/justynalorenc.com\/#\/schema\/person\/5f1d38de0ec51979d4c19fbe946b7c99","name":"Justyna","image":{"@type":"ImageObject","inLanguage":"en-GB","@id":"https:\/\/justynalorenc.com\/#\/schema\/person\/image\/","url":"https:\/\/secure.gravatar.com\/avatar\/841e9b2ea8d5610552749bad1d090415?s=96&d=mm&r=g","contentUrl":"https:\/\/secure.gravatar.com\/avatar\/841e9b2ea8d5610552749bad1d090415?s=96&d=mm&r=g","caption":"Justyna"},"logo":{"@id":"https:\/\/justynalorenc.com\/#\/schema\/person\/image\/"},"sameAs":["https:\/\/www.facebook.com\/justynalorenccom\/","https:\/\/www.instagram.com\/justyna_lorenc\/?hl=pl"]}]}},"_links":{"self":[{"href":"https:\/\/justynalorenc.com\/en\/wp-json\/wp\/v2\/posts\/581"}],"collection":[{"href":"https:\/\/justynalorenc.com\/en\/wp-json\/wp\/v2\/posts"}],"about":[{"href":"https:\/\/justynalorenc.com\/en\/wp-json\/wp\/v2\/types\/post"}],"author":[{"embeddable":true,"href":"https:\/\/justynalorenc.com\/en\/wp-json\/wp\/v2\/users\/1"}],"replies":[{"embeddable":true,"href":"https:\/\/justynalorenc.com\/en\/wp-json\/wp\/v2\/comments?post=581"}],"version-history":[{"count":156,"href":"https:\/\/justynalorenc.com\/en\/wp-json\/wp\/v2\/posts\/581\/revisions"}],"predecessor-version":[{"id":2498,"href":"https:\/\/justynalorenc.com\/en\/wp-json\/wp\/v2\/posts\/581\/revisions\/2498"}],"wp:featuredmedia":[{"embeddable":true,"href":"https:\/\/justynalorenc.com\/en\/wp-json\/wp\/v2\/media\/723"}],"wp:attachment":[{"href":"https:\/\/justynalorenc.com\/en\/wp-json\/wp\/v2\/media?parent=581"}],"wp:term":[{"taxonomy":"category","embeddable":true,"href":"https:\/\/justynalorenc.com\/en\/wp-json\/wp\/v2\/categories?post=581"},{"taxonomy":"post_tag","embeddable":true,"href":"https:\/\/justynalorenc.com\/en\/wp-json\/wp\/v2\/tags?post=581"}],"curies":[{"name":"wp","href":"https:\/\/api.w.org\/{rel}","templated":true}]}}