{"id":426,"date":"2018-07-25T11:38:55","date_gmt":"2018-07-25T09:38:55","guid":{"rendered":"http:\/\/bloggini.pl\/?p=426"},"modified":"2023-06-22T19:05:28","modified_gmt":"2023-06-22T17:05:28","slug":"najlepsze-filmy-z-paryzem-w-tle","status":"publish","type":"post","link":"https:\/\/justynalorenc.com\/en\/najlepsze-filmy-z-paryzem-w-tle\/","title":{"rendered":"The Best Movies Set in Paris"},"content":{"rendered":"<p><strong>Je\u015bli kochacie stolic\u0119 Francji i kino, przygotowa\u0142am dla was list\u0119 film\u00f3w&nbsp; &#8211; od komedii romantycznych, przez dramaty, melodramaty i ambitniejsze kino, kt\u00f3re \u0142\u0105cz\u0105 niesamowite historie bohater\u00f3w z najlepszym planem filmowym \u015bwiata&nbsp; &#8211; Pary\u017cem.&nbsp;<\/strong><!--more--><\/p>\n<ol>\n<li style=\"list-style-type: none;\">\n<ol>\n<li><strong>Amelia (re\u017c. Jean-Pierre Jeunet).<\/strong> Ta s\u0142odko &#8211; gorzka historia niezwyk\u0142ej dziewczyny, kt\u00f3ra mimo tak wielu przeciwno\u015bci wci\u0105\u017c wierzy w mi\u0142o\u015b\u0107, zachwyca widz\u00f3w od kilkunastu lat. Amelia jest urocz\u0105 m\u0142od\u0105 dziewczyn\u0105, kt\u00f3ra pracuje w ma\u0142ej kawiarni na Montmartre, a w wolnym czasie sprawia tajemnicze ma\u0142e przyjemno\u015bci obcym i znajomym. \u015aledz\u0105c perypetie zagubionej bohaterki, odkrywamy jej i w\u0142asne nie\u015bmia\u0142e marzenia. Nie tylko dla romantyk\u00f3w. Wskaz\u00f3wka: b\u0119d\u0105c w Pary\u017cu, warto odwiedzi\u0107 filmow\u0105 kawiarni\u0119, w kt\u00f3rej pracuje tytu\u0142owa bohaterka: Le Caf\u00e9 des deux Moulins znajduje si\u0119 pod adresem 15 rue Lepic w osiemnastej dzielnicy (Montmartre).<img fetchpriority=\"high\" decoding=\"async\" class=\"aligncenter\" src=\"http:\/\/bloggini.pl\/wp-content\/uploads\/2018\/07\/amelie2.png\" alt=\"\" width=\"1600\" height=\"900\"><\/li>\n<li><strong>&nbsp;O p\u00f3\u0142nocy w Pary\u017cu (re\u017c. Woody Allen).<\/strong>&nbsp;Romantyk Gil i twardo st\u0105paj\u0105ca po ziemi Inez sp\u0119dzaj\u0105 przed\u015blubne wakacje w Pary\u017cu. T\u0119skni\u0105cy za nostalgi\u0105 pisarz marzy o przeprowadzce do mekki artyst\u00f3w, a tymczasem przenosi si\u0119, ale w czasie &#8211; do Pary\u017ca lat 20, gdzie spotyka \u015bmietank\u0119 towarzysk\u0105 \u00f3wczesnej stolicy &#8211; Hemingway&#8217;a, Picassa, czy Salvadora Dalego. Podczas jednej z tych podr\u00f3\u017cy poznaje tajemnicz\u0105 Adrian\u0119&#8230; Fantastyczne zdj\u0119cia i cudownie odtworzony klimat czas\u00f3w &#8211; w pi\u0119knych kadrach re\u017cyser oddaje atmosfer\u0119 bohemy artystycznej Pary\u017ca tamtych dni. Obowi\u0105zkowa pozycja dla ka\u017cdego mi\u0142o\u015bnika nie tylko film\u00f3w o podr\u00f3\u017cach w czasie, ale te\u017c Pary\u017ca lat 20!<img decoding=\"async\" class=\"size-full wp-image-395 aligncenter\" src=\"http:\/\/bloggini.pl\/wp-content\/uploads\/2018\/07\/midnight-in-paris.jpg\" alt=\"\" width=\"1920\" height=\"1080\" srcset=\"https:\/\/justynalorenc.com\/wp-content\/uploads\/2018\/07\/midnight-in-paris.jpg 1200w, https:\/\/justynalorenc.com\/wp-content\/uploads\/2018\/07\/midnight-in-paris-300x169.jpg 300w, https:\/\/justynalorenc.com\/wp-content\/uploads\/2018\/07\/midnight-in-paris-1024x576.jpg 1024w, https:\/\/justynalorenc.com\/wp-content\/uploads\/2018\/07\/midnight-in-paris-768x432.jpg 768w, https:\/\/justynalorenc.com\/wp-content\/uploads\/2018\/07\/midnight-in-paris-1080x608.jpg 1080w\" sizes=\"(max-width: 1920px) 100vw, 1920px\" \/><\/li>\n<li><strong>Nienawi\u015b\u0107 (re\u017c. Mathieu Kassovitz).<\/strong>&nbsp;Poznajemy kilkoro m\u0142odych ch\u0142opak\u00f3w, kt\u00f3rzy sp\u0119dzaj\u0105 czas na obskurnym blokowisku, szwendaniu si\u0119 po smutnym szarym mie\u015bcie, piciu piwa i paleniu trawki. Ich \u017cycie zmienia si\u0119, gdy w Pary\u017cu wybuchaj\u0105 zamieszki po pobiciu przez policj\u0119 m\u0142odego ch\u0142opaka arabskiego pochodzenia. Nie zobaczymy tu kolorowego i \u0142adnego Pary\u017ca jak u Woodyego Allena, ale warto obejrze\u0107 ten film, bo m\u00f3wi o wa\u017cnych i aktualnych sprawach, jak brak tolerancji, rasizm, mniejszo\u015bci etniczne, problemy przemocy na paryskich przedmie\u015bciach i nadu\u017cywanie w\u0142adzy.<img decoding=\"async\" class=\"size-full wp-image-396\" src=\"http:\/\/bloggini.pl\/wp-content\/uploads\/2018\/07\/La-Haine.jpg\" alt=\"\" width=\"1600\" height=\"900\" srcset=\"https:\/\/justynalorenc.com\/wp-content\/uploads\/2018\/07\/La-Haine.jpg 1200w, https:\/\/justynalorenc.com\/wp-content\/uploads\/2018\/07\/La-Haine-300x169.jpg 300w, https:\/\/justynalorenc.com\/wp-content\/uploads\/2018\/07\/La-Haine-1024x576.jpg 1024w, https:\/\/justynalorenc.com\/wp-content\/uploads\/2018\/07\/La-Haine-768x432.jpg 768w, https:\/\/justynalorenc.com\/wp-content\/uploads\/2018\/07\/La-Haine-1080x608.jpg 1080w\" sizes=\"(max-width: 1600px) 100vw, 1600px\" \/><\/li>\n<li><strong>Nietykalni (re\u017c. Olivier Nakache &amp; Eric Toledano)<\/strong>. Ten ciep\u0142y i zabawny film opowiada histori\u0119 przyja\u017ani ponad klasowymi i rasowymi podzia\u0142ami. M\u0142ody czarnosk\u00f3ry ch\u0142opak dostaje prac\u0119 jako opiekun sparali\u017cowanego arystokraty w wyniku czego zderzaj\u0105 si\u0119 ze sob\u0105 dwa zupe\u0142nie odmienne \u015bwiaty. To powoduje wiele zabawnych sytuacji, a ich zlepek tworzy fantastyczn\u0105, bezpretensjonaln\u0105 i ujmuj\u0105c\u0105 histori\u0119 o przyja\u017ani.<img loading=\"lazy\" decoding=\"async\" class=\"alignnone size-full wp-image-397\" src=\"http:\/\/bloggini.pl\/wp-content\/uploads\/2018\/07\/intouchables.jpg\" alt=\"\" width=\"1920\" height=\"1080\" srcset=\"https:\/\/justynalorenc.com\/wp-content\/uploads\/2018\/07\/intouchables.jpg 1200w, https:\/\/justynalorenc.com\/wp-content\/uploads\/2018\/07\/intouchables-300x169.jpg 300w, https:\/\/justynalorenc.com\/wp-content\/uploads\/2018\/07\/intouchables-1024x576.jpg 1024w, https:\/\/justynalorenc.com\/wp-content\/uploads\/2018\/07\/intouchables-768x432.jpg 768w, https:\/\/justynalorenc.com\/wp-content\/uploads\/2018\/07\/intouchables-1080x608.jpg 1080w\" sizes=\"(max-width: 1920px) 100vw, 1920px\" \/><\/li>\n<li><strong>Dwa dni w Pary\u017cu (re\u017c. Julie Delpy).&nbsp;<\/strong>Marion i Jack, chc\u0105c o\u017cywi\u0107 zwi\u0105zek, wybieraj\u0105 si\u0119 na wakacje do Pary\u017ca. Tam jednak spotykaj\u0105 jej rodzic\u00f3w i by\u0142ych ch\u0142opak\u00f3w, co nieco komplikuje ich zwi\u0105zek. Niekt\u00f3rzy zarzucaj\u0105 temu obrazowi, \u017ce jest przegadany, ale je\u015bli podoba\u0142 wam si\u0119 klimat &#8222;Przed zachodem s\u0142o\u0144ca&#8221;, gdzie widza nie zaskakuje si\u0119 wartk\u0105 akcj\u0105, a ca\u0142y film opiera si\u0119 na interesuj\u0105cych dialogach bohater\u00f3w, to z ca\u0142ego serca polecam &#8222;Dwa dni w Pary\u017cu&#8221;.&nbsp;To film w podobnym klimacie, kt\u00f3ry w romantyczny, wzruszaj\u0105cy i zabawny zarazem spos\u00f3b pokazuje zawi\u0142o\u015bci zwi\u0105zk\u00f3w damsko &#8211; m\u0119skich. Do tego magiczne zak\u0105tki Pary\u017ca w tle.<img loading=\"lazy\" decoding=\"async\" class=\"size-full wp-image-398 aligncenter\" src=\"http:\/\/bloggini.pl\/wp-content\/uploads\/2018\/07\/2-days-in-paris.jpg\" alt=\"\" width=\"600\" height=\"385\" srcset=\"https:\/\/justynalorenc.com\/wp-content\/uploads\/2018\/07\/2-days-in-paris.jpg 600w, https:\/\/justynalorenc.com\/wp-content\/uploads\/2018\/07\/2-days-in-paris-300x193.jpg 300w\" sizes=\"(max-width: 600px) 100vw, 600px\" \/><\/li>\n<li><strong>Zakochany Pary\u017c.<\/strong> Jeden z naj\u0142adniejszych film\u00f3w z tego zestawienia.&nbsp;Kilkana\u015bcie kr\u00f3tkich historii rozgrywaj\u0105cych si\u0119 w stolicy Francji, kt\u00f3rych motywem przewodnim jest mi\u0142o\u015b\u0107, a w\u0142a\u015bciwie r\u00f3\u017cne jej rodzaje i oblicza. Pi\u0119kne zdj\u0119cia, nastrojowa muzyka i wzruszaj\u0105ce historie o stracie, poszukiwaniu lub odzyskiwaniu uczucia, a do tego fantastyczni aktorzy. G\u0142\u00f3wnym bohaterem filmu pozostaje jednak Pary\u017c. Przygotujcie chusteczki!<img loading=\"lazy\" decoding=\"async\" class=\"size-full wp-image-399 aligncenter\" src=\"http:\/\/bloggini.pl\/wp-content\/uploads\/2018\/07\/paris-je-taime.jpg\" alt=\"\" width=\"728\" height=\"409\" srcset=\"https:\/\/justynalorenc.com\/wp-content\/uploads\/2018\/07\/paris-je-taime.jpg 728w, https:\/\/justynalorenc.com\/wp-content\/uploads\/2018\/07\/paris-je-taime-300x169.jpg 300w\" sizes=\"(max-width: 728px) 100vw, 728px\" \/><\/li>\n<li><strong>Francuski poca\u0142unek (re\u017c. Lawrence Kasdan).&nbsp;<\/strong>Klasyk gatunku komedii romantycznej. Zakochana Kate, pomimo parali\u017cuj\u0105cego strachu przed lataniem, udaje si\u0119 do Pary\u017ca \u015bladem swojego by\u0142ego narzeczonego, kt\u00f3rego planuje odzyska\u0107 po tym jak zostawi\u0142 j\u0105 dla innej kobiety. W samolocie poznaje przystojnego Francuza, kt\u00f3ry okazuje si\u0119 mie\u0107 problemy z prawem i kt\u00f3ry wpl\u0105tuje Kate w swoje intrygi. To lekka i zabawna komedia, w kt\u00f3rej miasto nie odgrywa a\u017c tak znacz\u0105cej roli, jednak mo\u017cna podziwia\u0107 pi\u0119kne hotele i ulice Pary\u017ca lat 90.<img loading=\"lazy\" decoding=\"async\" class=\"size-full wp-image-400 aligncenter\" src=\"http:\/\/bloggini.pl\/wp-content\/uploads\/2018\/07\/francuski-pocalunek.jpg\" alt=\"\" width=\"650\" height=\"366\" srcset=\"https:\/\/justynalorenc.com\/wp-content\/uploads\/2018\/07\/francuski-pocalunek.jpg 650w, https:\/\/justynalorenc.com\/wp-content\/uploads\/2018\/07\/francuski-pocalunek-300x169.jpg 300w\" sizes=\"(max-width: 650px) 100vw, 650px\" \/><\/li>\n<li><strong>Do utraty tchu (re\u017c. Jean-Luc Godard)<\/strong>. Film reprezentatywny dla nowej fali w kinie francuskim i b\u0119d\u0105cy odpowiedzi\u0105 na ameryka\u0144sk\u0105 konwencj\u0119 filmu noir. Przystojny Belmondo kradnie samoch\u00f3d i rusza nim do Pary\u017ca, gdzie poznaje ameryka\u0144sk\u0105 studentk\u0119 i ukrywa si\u0119 przed policj\u0105. To klasyka kina europejskiego, a spontaniczna gra aktorska na ulicach Pary\u017ca pozostawia widza bez tchu.<img loading=\"lazy\" decoding=\"async\" class=\"size-full wp-image-401 aligncenter\" src=\"http:\/\/bloggini.pl\/wp-content\/uploads\/2018\/07\/a-bout-de-souffle.jpg\" alt=\"\" width=\"5360\" height=\"2398\" srcset=\"https:\/\/justynalorenc.com\/wp-content\/uploads\/2018\/07\/a-bout-de-souffle.jpg 1200w, https:\/\/justynalorenc.com\/wp-content\/uploads\/2018\/07\/a-bout-de-souffle-300x134.jpg 300w, https:\/\/justynalorenc.com\/wp-content\/uploads\/2018\/07\/a-bout-de-souffle-1024x458.jpg 1024w, https:\/\/justynalorenc.com\/wp-content\/uploads\/2018\/07\/a-bout-de-souffle-768x344.jpg 768w, https:\/\/justynalorenc.com\/wp-content\/uploads\/2018\/07\/a-bout-de-souffle-1080x483.jpg 1080w\" sizes=\"(max-width: 5360px) 100vw, 5360px\" \/><\/li>\n<li><strong>Niebo nad Pary\u017cem (re\u017c. C\u00e9dric Klapisch)<\/strong>. Wzruszaj\u0105ca historia o tancerzu czekaj\u0105cym na operacj\u0119 serca. Nie mog\u0105c wychodzi\u0107, obserwuje mieszka\u0144c\u00f3w Pary\u017ca z balkonu swojego mieszkania. G\u0142\u00f3wnym bohaterem jest miasto, kt\u00f3re towarzyszy mieszka\u0144com i bohaterowi w ich codziennych troskach i rado\u015bciach. Plus za fantastyczn\u0105 muzyk\u0119 i pi\u0119kne zdj\u0119cia.<img loading=\"lazy\" decoding=\"async\" class=\"alignnone size-full wp-image-402\" src=\"http:\/\/bloggini.pl\/wp-content\/uploads\/2018\/07\/paris2008.jpg\" alt=\"\" width=\"856\" height=\"482\" srcset=\"https:\/\/justynalorenc.com\/wp-content\/uploads\/2018\/07\/paris2008.jpg 856w, https:\/\/justynalorenc.com\/wp-content\/uploads\/2018\/07\/paris2008-300x169.jpg 300w, https:\/\/justynalorenc.com\/wp-content\/uploads\/2018\/07\/paris2008-768x432.jpg 768w\" sizes=\"(max-width: 856px) 100vw, 856px\" \/><\/li>\n<li><strong>Piosenki o mi\u0142o\u015bci (re\u017c. Christophe Honor\u00e9)<\/strong> to wzruszaj\u0105cy film o mi\u0142o\u015bci,&nbsp; w kt\u00f3rym muzyka odgrywa tak samo wa\u017cn\u0105 rol\u0119 jak sam Pary\u017c, gdzie toczy si\u0119 akcja filmu. To obraz nie tylko dla fan\u00f3w melodramatu i musicali, ale przede wszystkim dla mi\u0142o\u015bnik\u00f3w francuskiej muzyki. I dla niej samej warto obejrze\u0107 ten film.<img loading=\"lazy\" decoding=\"async\" class=\"wp-image-403 alignnone\" src=\"http:\/\/bloggini.pl\/wp-content\/uploads\/2018\/07\/les-chansons-damour.jpg\" alt=\"\" width=\"654\" height=\"412\" srcset=\"https:\/\/justynalorenc.com\/wp-content\/uploads\/2018\/07\/les-chansons-damour.jpg 650w, https:\/\/justynalorenc.com\/wp-content\/uploads\/2018\/07\/les-chansons-damour-300x189.jpg 300w\" sizes=\"(max-width: 654px) 100vw, 654px\" \/><\/li>\n<li><strong>Rozw\u00f3d po francusku (re\u017c. James Ivory)<\/strong>. Komedia romantyczna, kt\u00f3rej bohaterkami s\u0105 dwie Amerykanki w Pary\u017cu i ich mi\u0142osne perypetie. Romanse, seks, zdrady i ci\u0105\u017ce, a w tle pi\u0119kne miasto podane na weso\u0142o! To lekki i zabawny film prezentuj\u0105cy z humorem r\u00f3\u017cnice kulturowe pomi\u0119dzy ameryka\u0144skim i francuskim \u015bwiatem.<\/li>\n<\/ol>\n<\/li>\n<\/ol>\n<p><img loading=\"lazy\" decoding=\"async\" class=\"wp-image-404 aligncenter\" src=\"http:\/\/bloggini.pl\/wp-content\/uploads\/2018\/07\/le-divorce.jpg\" alt=\"\" width=\"728\" height=\"303\" srcset=\"https:\/\/justynalorenc.com\/wp-content\/uploads\/2018\/07\/le-divorce.jpg 1200w, https:\/\/justynalorenc.com\/wp-content\/uploads\/2018\/07\/le-divorce-300x125.jpg 300w, https:\/\/justynalorenc.com\/wp-content\/uploads\/2018\/07\/le-divorce-1024x427.jpg 1024w, https:\/\/justynalorenc.com\/wp-content\/uploads\/2018\/07\/le-divorce-768x320.jpg 768w, https:\/\/justynalorenc.com\/wp-content\/uploads\/2018\/07\/le-divorce-1080x450.jpg 1080w\" sizes=\"(max-width: 728px) 100vw, 728px\" \/><\/p>\n<p>Inne filmy, kt\u00f3rych akcja toczy si\u0119 w Pary\u017cu i kt\u00f3re warto zobaczy\u0107 to <strong><em>Ostatnie tango w Pary\u017cu<\/em><\/strong> (z Marlonem Brando!), <strong><em>Frantic<\/em>, <em>Kochankowie na mo\u015bcie<\/em><\/strong> z Juliette Binoche, <strong><em>Czterysta bat\u00f3w<\/em><\/strong>, <strong><em>Skradzione poca\u0142unki<\/em><\/strong> i <strong><em>Pary\u017c nale\u017cy do nas,<\/em><\/strong>&nbsp;je\u015bli interesuj\u0105 ci\u0119 starsze filmy i chcesz zobaczy\u0107 jak wygl\u0105da\u0142 Pary\u017c w po\u0142owie ubieg\u0142ego stulecia.<\/p>\n<p>Bonusowo zach\u0119cam do obejrzenia fantastycznej komedii, w kt\u00f3rej Pary\u017c pojawia si\u0119 sporadycznie, ale warto j\u0105 do\u0142\u0105czy\u0107 do zestawienia.&nbsp;<strong><em>Za jakie grzechy, dobry Bo\u017ce?<\/em><\/strong>&nbsp;to \u015bwietny film wy\u015bmiewaj\u0105cy stereotypy religijne i rasowe oraz polityczn\u0105 poprawno\u015b\u0107. Tradycyjne francuskie ma\u0142\u017ce\u0144stwo dysponuje czterema c\u00f3rkami, z czego jedna wysz\u0142a za \u017byda, druga za Araba, a trzecia za Chi\u0144czyka. Rodzice rw\u0105 sobie w\u0142osy z g\u0142owy z niecierpliwo\u015bci\u0105 czekaj\u0105c a\u017c ostatnia z c\u00f3rek wyjdzie za m\u0105\u017c za wyczekiwanego bia\u0142ego katolika. Ku ich zdziwieniu przysz\u0142y zi\u0119\u0107 ma tylko jedn\u0105 po\u017c\u0105dan\u0105 cech\u0119. Zabawny, pe\u0142en lekkich \u017cart\u00f3w film traktuje o kwestiach rasowych z przymru\u017ceniem oka. I mimo \u017ce Pary\u017c pojawia si\u0119 z nim rzadziej ni\u017c Chinon, to zdecydowanie warto zobaczy\u0107!<\/p>\n<p>A wy, jakie macie ulubione filmy z Pary\u017cem w tle?<\/p>","protected":false},"excerpt":{"rendered":"<p>Je\u015bli kochacie stolic\u0119 Francji i kino, przygotowa\u0142am dla was list\u0119 film\u00f3w&nbsp; &#8211; od komedii romantycznych, przez dramaty, melodramaty i ambitniejsze kino, kt\u00f3re \u0142\u0105cz\u0105 niesamowite historie bohater\u00f3w z najlepszym planem filmowym \u015bwiata&nbsp; &#8211; Pary\u017cem.&nbsp;<\/p>","protected":false},"author":1,"featured_media":395,"comment_status":"open","ping_status":"open","sticky":false,"template":"","format":"standard","meta":{"_monsterinsights_skip_tracking":false,"_monsterinsights_sitenote_active":false,"_monsterinsights_sitenote_note":"","_monsterinsights_sitenote_category":0,"footnotes":""},"categories":[47,44,1],"tags":[58,26,63],"yoast_head":"<!-- This site is optimized with the Yoast SEO plugin v22.0 - https:\/\/yoast.com\/wordpress\/plugins\/seo\/ -->\n<title>Najlepsze filmy z Pary\u017cem w tle &#8211; Justyna Lorenc<\/title>\n<meta name=\"description\" content=\"Najlepsze filmy z Pary\u017cem w tle &#8211; Justyna Lorenc %\" \/>\n<meta name=\"robots\" content=\"index, follow, max-snippet:-1, max-image-preview:large, max-video-preview:-1\" \/>\n<link rel=\"canonical\" href=\"https:\/\/justynalorenc.com\/en\/najlepsze-filmy-z-paryzem-w-tle\/\" \/>\n<meta property=\"og:locale\" content=\"en_GB\" \/>\n<meta property=\"og:type\" content=\"article\" \/>\n<meta property=\"og:title\" content=\"Najlepsze filmy z Pary\u017cem w tle &#8211; Justyna Lorenc\" \/>\n<meta property=\"og:description\" content=\"Najlepsze filmy z Pary\u017cem w tle &#8211; Justyna Lorenc %\" \/>\n<meta property=\"og:url\" content=\"https:\/\/justynalorenc.com\/en\/najlepsze-filmy-z-paryzem-w-tle\/\" \/>\n<meta property=\"og:site_name\" content=\"Justyna Lorenc\" \/>\n<meta property=\"article:publisher\" content=\"https:\/\/www.facebook.com\/justynalorenccom\/\" \/>\n<meta property=\"article:author\" content=\"https:\/\/www.facebook.com\/justynalorenccom\/\" \/>\n<meta property=\"article:published_time\" content=\"2018-07-25T09:38:55+00:00\" \/>\n<meta property=\"article:modified_time\" content=\"2023-06-22T17:05:28+00:00\" \/>\n<meta property=\"og:image\" content=\"https:\/\/justynalorenc.com\/wp-content\/uploads\/2018\/07\/midnight-in-paris.jpg\" \/>\n\t<meta property=\"og:image:width\" content=\"1200\" \/>\n\t<meta property=\"og:image:height\" content=\"675\" \/>\n\t<meta property=\"og:image:type\" content=\"image\/jpeg\" \/>\n<meta name=\"author\" content=\"Justyna\" \/>\n<meta name=\"twitter:card\" content=\"summary_large_image\" \/>\n<meta name=\"twitter:label1\" content=\"Written by\" \/>\n\t<meta name=\"twitter:data1\" content=\"Justyna\" \/>\n\t<meta name=\"twitter:label2\" content=\"Estimated reading time\" \/>\n\t<meta name=\"twitter:data2\" content=\"6 minutes\" \/>\n<script type=\"application\/ld+json\" class=\"yoast-schema-graph\">{\"@context\":\"https:\/\/schema.org\",\"@graph\":[{\"@type\":\"Article\",\"@id\":\"https:\/\/justynalorenc.com\/najlepsze-filmy-z-paryzem-w-tle\/#article\",\"isPartOf\":{\"@id\":\"https:\/\/justynalorenc.com\/najlepsze-filmy-z-paryzem-w-tle\/\"},\"author\":{\"name\":\"Justyna\",\"@id\":\"https:\/\/justynalorenc.com\/#\/schema\/person\/5f1d38de0ec51979d4c19fbe946b7c99\"},\"headline\":\"Najlepsze filmy z Pary\u017cem w tle\",\"datePublished\":\"2018-07-25T09:38:55+00:00\",\"dateModified\":\"2023-06-22T17:05:28+00:00\",\"mainEntityOfPage\":{\"@id\":\"https:\/\/justynalorenc.com\/najlepsze-filmy-z-paryzem-w-tle\/\"},\"wordCount\":1189,\"commentCount\":0,\"publisher\":{\"@id\":\"https:\/\/justynalorenc.com\/#\/schema\/person\/5f1d38de0ec51979d4c19fbe946b7c99\"},\"keywords\":[\"filmy\",\"kultura\",\"pary\u017c\"],\"articleSection\":[\"INSPIRACJE\",\"LIFESTYLE\",\"PODR\u00d3\u017bE\"],\"inLanguage\":\"en-GB\",\"potentialAction\":[{\"@type\":\"CommentAction\",\"name\":\"Comment\",\"target\":[\"https:\/\/justynalorenc.com\/najlepsze-filmy-z-paryzem-w-tle\/#respond\"]}]},{\"@type\":\"WebPage\",\"@id\":\"https:\/\/justynalorenc.com\/najlepsze-filmy-z-paryzem-w-tle\/\",\"url\":\"https:\/\/justynalorenc.com\/najlepsze-filmy-z-paryzem-w-tle\/\",\"name\":\"Najlepsze filmy z Pary\u017cem w tle &#8211; Justyna Lorenc\",\"isPartOf\":{\"@id\":\"https:\/\/justynalorenc.com\/#website\"},\"datePublished\":\"2018-07-25T09:38:55+00:00\",\"dateModified\":\"2023-06-22T17:05:28+00:00\",\"description\":\"Najlepsze filmy z Pary\u017cem w tle &#8211; Justyna Lorenc %\",\"breadcrumb\":{\"@id\":\"https:\/\/justynalorenc.com\/najlepsze-filmy-z-paryzem-w-tle\/#breadcrumb\"},\"inLanguage\":\"en-GB\",\"potentialAction\":[{\"@type\":\"ReadAction\",\"target\":[\"https:\/\/justynalorenc.com\/najlepsze-filmy-z-paryzem-w-tle\/\"]}]},{\"@type\":\"BreadcrumbList\",\"@id\":\"https:\/\/justynalorenc.com\/najlepsze-filmy-z-paryzem-w-tle\/#breadcrumb\",\"itemListElement\":[{\"@type\":\"ListItem\",\"position\":1,\"name\":\"Strona g\u0142\u00f3wna\",\"item\":\"https:\/\/justynalorenc.com\/\"},{\"@type\":\"ListItem\",\"position\":2,\"name\":\"Najlepsze filmy z Pary\u017cem w tle\"}]},{\"@type\":\"WebSite\",\"@id\":\"https:\/\/justynalorenc.com\/#website\",\"url\":\"https:\/\/justynalorenc.com\/\",\"name\":\"Justyna Lorenc\",\"description\":\"BLOG - podr\u00f3\u017ce | fotografia | porady | inspiracje | klimatyczne miejsca\",\"publisher\":{\"@id\":\"https:\/\/justynalorenc.com\/#\/schema\/person\/5f1d38de0ec51979d4c19fbe946b7c99\"},\"potentialAction\":[{\"@type\":\"SearchAction\",\"target\":{\"@type\":\"EntryPoint\",\"urlTemplate\":\"https:\/\/justynalorenc.com\/?s={search_term_string}\"},\"query-input\":\"required name=search_term_string\"}],\"inLanguage\":\"en-GB\"},{\"@type\":[\"Person\",\"Organization\"],\"@id\":\"https:\/\/justynalorenc.com\/#\/schema\/person\/5f1d38de0ec51979d4c19fbe946b7c99\",\"name\":\"Justyna\",\"image\":{\"@type\":\"ImageObject\",\"inLanguage\":\"en-GB\",\"@id\":\"https:\/\/justynalorenc.com\/#\/schema\/person\/image\/\",\"url\":\"https:\/\/secure.gravatar.com\/avatar\/841e9b2ea8d5610552749bad1d090415?s=96&d=mm&r=g\",\"contentUrl\":\"https:\/\/secure.gravatar.com\/avatar\/841e9b2ea8d5610552749bad1d090415?s=96&d=mm&r=g\",\"caption\":\"Justyna\"},\"logo\":{\"@id\":\"https:\/\/justynalorenc.com\/#\/schema\/person\/image\/\"},\"sameAs\":[\"https:\/\/www.facebook.com\/justynalorenccom\/\",\"https:\/\/www.instagram.com\/justyna_lorenc\/?hl=pl\"]}]}<\/script>\n<!-- \/ Yoast SEO plugin. -->","yoast_head_json":{"title":"Najlepsze filmy z Pary\u017cem w tle &#8211; Justyna Lorenc","description":"Najlepsze filmy z Pary\u017cem w tle &#8211; Justyna Lorenc %","robots":{"index":"index","follow":"follow","max-snippet":"max-snippet:-1","max-image-preview":"max-image-preview:large","max-video-preview":"max-video-preview:-1"},"canonical":"https:\/\/justynalorenc.com\/en\/najlepsze-filmy-z-paryzem-w-tle\/","og_locale":"en_GB","og_type":"article","og_title":"Najlepsze filmy z Pary\u017cem w tle &#8211; Justyna Lorenc","og_description":"Najlepsze filmy z Pary\u017cem w tle &#8211; Justyna Lorenc %","og_url":"https:\/\/justynalorenc.com\/en\/najlepsze-filmy-z-paryzem-w-tle\/","og_site_name":"Justyna Lorenc","article_publisher":"https:\/\/www.facebook.com\/justynalorenccom\/","article_author":"https:\/\/www.facebook.com\/justynalorenccom\/","article_published_time":"2018-07-25T09:38:55+00:00","article_modified_time":"2023-06-22T17:05:28+00:00","og_image":[{"width":1200,"height":675,"url":"https:\/\/justynalorenc.com\/wp-content\/uploads\/2018\/07\/midnight-in-paris.jpg","type":"image\/jpeg"}],"author":"Justyna","twitter_card":"summary_large_image","twitter_misc":{"Written by":"Justyna","Estimated reading time":"6 minutes"},"schema":{"@context":"https:\/\/schema.org","@graph":[{"@type":"Article","@id":"https:\/\/justynalorenc.com\/najlepsze-filmy-z-paryzem-w-tle\/#article","isPartOf":{"@id":"https:\/\/justynalorenc.com\/najlepsze-filmy-z-paryzem-w-tle\/"},"author":{"name":"Justyna","@id":"https:\/\/justynalorenc.com\/#\/schema\/person\/5f1d38de0ec51979d4c19fbe946b7c99"},"headline":"Najlepsze filmy z Pary\u017cem w tle","datePublished":"2018-07-25T09:38:55+00:00","dateModified":"2023-06-22T17:05:28+00:00","mainEntityOfPage":{"@id":"https:\/\/justynalorenc.com\/najlepsze-filmy-z-paryzem-w-tle\/"},"wordCount":1189,"commentCount":0,"publisher":{"@id":"https:\/\/justynalorenc.com\/#\/schema\/person\/5f1d38de0ec51979d4c19fbe946b7c99"},"keywords":["filmy","kultura","pary\u017c"],"articleSection":["INSPIRACJE","LIFESTYLE","PODR\u00d3\u017bE"],"inLanguage":"en-GB","potentialAction":[{"@type":"CommentAction","name":"Comment","target":["https:\/\/justynalorenc.com\/najlepsze-filmy-z-paryzem-w-tle\/#respond"]}]},{"@type":"WebPage","@id":"https:\/\/justynalorenc.com\/najlepsze-filmy-z-paryzem-w-tle\/","url":"https:\/\/justynalorenc.com\/najlepsze-filmy-z-paryzem-w-tle\/","name":"Najlepsze filmy z Pary\u017cem w tle &#8211; Justyna Lorenc","isPartOf":{"@id":"https:\/\/justynalorenc.com\/#website"},"datePublished":"2018-07-25T09:38:55+00:00","dateModified":"2023-06-22T17:05:28+00:00","description":"Najlepsze filmy z Pary\u017cem w tle &#8211; Justyna Lorenc %","breadcrumb":{"@id":"https:\/\/justynalorenc.com\/najlepsze-filmy-z-paryzem-w-tle\/#breadcrumb"},"inLanguage":"en-GB","potentialAction":[{"@type":"ReadAction","target":["https:\/\/justynalorenc.com\/najlepsze-filmy-z-paryzem-w-tle\/"]}]},{"@type":"BreadcrumbList","@id":"https:\/\/justynalorenc.com\/najlepsze-filmy-z-paryzem-w-tle\/#breadcrumb","itemListElement":[{"@type":"ListItem","position":1,"name":"Strona g\u0142\u00f3wna","item":"https:\/\/justynalorenc.com\/"},{"@type":"ListItem","position":2,"name":"Najlepsze filmy z Pary\u017cem w tle"}]},{"@type":"WebSite","@id":"https:\/\/justynalorenc.com\/#website","url":"https:\/\/justynalorenc.com\/","name":"Justyna Lorenc","description":"BLOG - podr\u00f3\u017ce | fotografia | porady | inspiracje | klimatyczne miejsca","publisher":{"@id":"https:\/\/justynalorenc.com\/#\/schema\/person\/5f1d38de0ec51979d4c19fbe946b7c99"},"potentialAction":[{"@type":"SearchAction","target":{"@type":"EntryPoint","urlTemplate":"https:\/\/justynalorenc.com\/?s={search_term_string}"},"query-input":"required name=search_term_string"}],"inLanguage":"en-GB"},{"@type":["Person","Organization"],"@id":"https:\/\/justynalorenc.com\/#\/schema\/person\/5f1d38de0ec51979d4c19fbe946b7c99","name":"Justyna","image":{"@type":"ImageObject","inLanguage":"en-GB","@id":"https:\/\/justynalorenc.com\/#\/schema\/person\/image\/","url":"https:\/\/secure.gravatar.com\/avatar\/841e9b2ea8d5610552749bad1d090415?s=96&d=mm&r=g","contentUrl":"https:\/\/secure.gravatar.com\/avatar\/841e9b2ea8d5610552749bad1d090415?s=96&d=mm&r=g","caption":"Justyna"},"logo":{"@id":"https:\/\/justynalorenc.com\/#\/schema\/person\/image\/"},"sameAs":["https:\/\/www.facebook.com\/justynalorenccom\/","https:\/\/www.instagram.com\/justyna_lorenc\/?hl=pl"]}]}},"_links":{"self":[{"href":"https:\/\/justynalorenc.com\/en\/wp-json\/wp\/v2\/posts\/426"}],"collection":[{"href":"https:\/\/justynalorenc.com\/en\/wp-json\/wp\/v2\/posts"}],"about":[{"href":"https:\/\/justynalorenc.com\/en\/wp-json\/wp\/v2\/types\/post"}],"author":[{"embeddable":true,"href":"https:\/\/justynalorenc.com\/en\/wp-json\/wp\/v2\/users\/1"}],"replies":[{"embeddable":true,"href":"https:\/\/justynalorenc.com\/en\/wp-json\/wp\/v2\/comments?post=426"}],"version-history":[{"count":1,"href":"https:\/\/justynalorenc.com\/en\/wp-json\/wp\/v2\/posts\/426\/revisions"}],"predecessor-version":[{"id":10263,"href":"https:\/\/justynalorenc.com\/en\/wp-json\/wp\/v2\/posts\/426\/revisions\/10263"}],"wp:featuredmedia":[{"embeddable":true,"href":"https:\/\/justynalorenc.com\/en\/wp-json\/wp\/v2\/media\/395"}],"wp:attachment":[{"href":"https:\/\/justynalorenc.com\/en\/wp-json\/wp\/v2\/media?parent=426"}],"wp:term":[{"taxonomy":"category","embeddable":true,"href":"https:\/\/justynalorenc.com\/en\/wp-json\/wp\/v2\/categories?post=426"},{"taxonomy":"post_tag","embeddable":true,"href":"https:\/\/justynalorenc.com\/en\/wp-json\/wp\/v2\/tags?post=426"}],"curies":[{"name":"wp","href":"https:\/\/api.w.org\/{rel}","templated":true}]}}