{"id":1256,"date":"2018-12-13T15:20:54","date_gmt":"2018-12-13T14:20:54","guid":{"rendered":"http:\/\/bloggini.pl\/?p=1256"},"modified":"2023-06-22T19:08:36","modified_gmt":"2023-06-22T17:08:36","slug":"kolonialna-perla-brazylii-6-powodow-dla-ktorych-warto-odwiedzic-salvador","status":"publish","type":"post","link":"https:\/\/justynalorenc.com\/en\/kolonialna-perla-brazylii-6-powodow-dla-ktorych-warto-odwiedzic-salvador\/","title":{"rendered":"Colonial Jewel of Brazil \u2013 6 Reasons to Visit Salvador, Brazil"},"content":{"rendered":"<p class=\"has-medium-font-size\">Sao Salvador de Bahia de Todos os Santos to pi\u0119kne (ale i do\u015b\u0107 niebezpieczne) miasto o smutnej kolonialnej historii, kt\u00f3ra czyni je dzi\u015b jednym z najbardziej wyj\u0105tkowych miejsc na \u015bwiecie. Za\u0142o\u017cona prawie 500 lat temu przez Portugalczyk\u00f3w dawna stolica Brazylii do dzi\u015b jest zamieszkiwana niemal wy\u0142\u0105cznie (w 80 %) przez czarnosk\u00f3rych potomk\u00f3w dawnych niewolnik\u00f3w. Dzi\u015b oczy \u015bwiata zwracaj\u0105 si\u0119 ku temu miejscu dzi\u0119ki barokowej architekturze star\u00f3wki &#8211; Pelourinho &#8211; wpisanej na list\u0119 \u015bwiatowego dziedzictwa UNESCO i afro-brazylijskiej kuchni.<\/p>\n\n\n\n<p class=\"has-medium-font-size\">Stare miasto zbudowane nad Zatok\u0105 Wszystkich \u015awi\u0119tych przez Portugalczyk\u00f3w r\u0119kami i krwi\u0105 niewolnik\u00f3w (kt\u00f3rzy pracowali na plantacjach trzciny cukrowej) dzi\u015b pozwala tylko w wyobra\u017ani zobaczy\u0107 ogromny przepych i feeri\u0119 barw, kt\u00f3re mogli na w\u0142asne oczy ogl\u0105da\u0107 Portugalczycy w XVI wieku. <\/p>\n\n\n\n<p class=\"has-medium-font-size\">Oryginalne smaki \u0142askocz\u0105 nam podniebienia przez kilka dni, a ka\u017cdy pochmurny dzie\u0144 roz\u015bwietlaj\u0105 swoim u\u015bmiechem baianas, spaceruj\u0105ce uliczkami w weso\u0142ych, ogromnych sukniach na kole i sprzedaj\u0105ce pyszne acaraj\u00e9. Niestety nie za\u0142apali\u015bmy si\u0119 na candomble, kt\u00f3rego \u017ar\u00f3de\u0142 nale\u017cy szuka\u0107 w historii niewolnictwa i kt\u00f3ry organizowany jest trzy razy w miesi\u0105cu na starym mie\u015bcie. Mo\u017cna wtedy zobaczy\u0107 \u017cywe poga\u0144skie ta\u0144ce, b\u0119d\u0105ce kwintesencj\u0105 tego miejsca: rytualne cudo dla ka\u017cdego antropologa.<\/p>\n\n\n\n<figure class=\"wp-block-gallery columns-1 is-cropped wp-block-gallery-1 is-layout-flex wp-block-gallery-is-layout-flex\"><ul class=\"blocks-gallery-grid\"><li class=\"blocks-gallery-item\"><figure><img fetchpriority=\"high\" decoding=\"async\" width=\"1024\" height=\"683\" src=\"http:\/\/bloggini.pl\/wp-content\/uploads\/2018\/12\/MG_3044-2-1-1024x683.jpg\" alt=\"\" data-id=\"1575\" data-link=\"http:\/\/bloggini.pl\/_mg_3044-2-2\/\" class=\"wp-image-1575\" srcset=\"https:\/\/justynalorenc.com\/wp-content\/uploads\/2018\/12\/MG_3044-2-1-1024x683.jpg 1024w, https:\/\/justynalorenc.com\/wp-content\/uploads\/2018\/12\/MG_3044-2-1-300x200.jpg 300w, https:\/\/justynalorenc.com\/wp-content\/uploads\/2018\/12\/MG_3044-2-1-768x512.jpg 768w, https:\/\/justynalorenc.com\/wp-content\/uploads\/2018\/12\/MG_3044-2-1-1080x720.jpg 1080w, https:\/\/justynalorenc.com\/wp-content\/uploads\/2018\/12\/MG_3044-2-1.jpg 1200w\" sizes=\"(max-width: 1024px) 100vw, 1024px\" \/><\/figure><\/li><\/ul><\/figure>\n\n\n\n<figure class=\"wp-block-gallery columns-1 is-cropped wp-block-gallery-3 is-layout-flex wp-block-gallery-is-layout-flex\"><ul class=\"blocks-gallery-grid\"><li class=\"blocks-gallery-item\"><figure><img decoding=\"async\" width=\"1024\" height=\"683\" src=\"http:\/\/bloggini.pl\/wp-content\/uploads\/2018\/12\/MG_3261-1024x683.jpg\" alt=\"\" data-id=\"1630\" data-link=\"http:\/\/bloggini.pl\/_mg_3261\/\" class=\"wp-image-1630\" srcset=\"https:\/\/justynalorenc.com\/wp-content\/uploads\/2018\/12\/MG_3261-1024x683.jpg 1024w, https:\/\/justynalorenc.com\/wp-content\/uploads\/2018\/12\/MG_3261-300x200.jpg 300w, https:\/\/justynalorenc.com\/wp-content\/uploads\/2018\/12\/MG_3261-768x512.jpg 768w, https:\/\/justynalorenc.com\/wp-content\/uploads\/2018\/12\/MG_3261-1080x720.jpg 1080w, https:\/\/justynalorenc.com\/wp-content\/uploads\/2018\/12\/MG_3261.jpg 1200w\" sizes=\"(max-width: 1024px) 100vw, 1024px\" \/><\/figure><\/li><\/ul><\/figure>\n\n\n\n<h2 class=\"has-text-align-center wp-block-heading\">Dlaczego warto odwiedzi\u0107 Salvador?<\/h2>\n\n\n\n<!--more-->\n\n\n\n<h3 class=\"has-text-align-center wp-block-heading\">1. PELOURINHO<\/h3>\n\n\n\n<p>Stare miasto. Dawniej cz\u0119\u015b\u0107 ogromnego targu niewolnik\u00f3w i miejsce ka\u017ani. Niemy \u015bwiadek przesz\u0142o\u015bci &#8211; to tu trafia\u0142a wi\u0119ksza cz\u0119\u015b\u0107 niewolnik\u00f3w przywiezionych z Afryki. Pelourinho z portugalskiego oznacza pr\u0119gierz, poniewa\u017c to w tym miejscu odbywa\u0142y si\u0119 krwawe biczowania niewolnik\u00f3w. Stare, nieco odrapane (w niekt\u00f3rych uliczkach fasady kamienic nie s\u0105 odrestaurowane), budynki i kolorowa star\u00f3wka s\u0105 wizyt\u00f3wk\u0105 miasta. Spacerujemy po kocich \u0142bach, co chwil\u0119 zatrzymuj\u0105c si\u0119 i \u0142api\u0105c w r\u0119ce aparaty, bo nie mo\u017cemy uwierzy\u0107, ze za ka\u017cdym rogiem czeka co\u015b jeszcze \u0142adniejszego. Bajkowa architektura, ko\u015bcio\u0142y i kolonialna zabudowa pami\u0119taj\u0105 bardzo wiele. Nadgryzione z\u0119bem czasu budynki mieszcz\u0105 kawiarnie, sklepy z r\u0119kodzie\u0142em i artystycznym rzemios\u0142em i ubrania, podlane delikatnie chi\u0144sk\u0105 tandet\u0105. Obowi\u0105zkowo kupujemy kolorowe wst\u0105\u017cki, tzw. fitas do bonfim, kt\u00f3re zawi\u0105zujemy na nadgarstkach i czekamy, a\u017c si\u0119 zerw\u0105 i spe\u0142ni\u0105 nasze \u017cyczenia.  Warto tu przylecie\u0107 tylko po to, by zobaczy\u0107 w\u0142a\u015bnie t\u0119 cz\u0119\u015b\u0107 miasta.<\/p>\n\n\n\n<figure class=\"wp-block-gallery columns-1 is-cropped wp-block-gallery-5 is-layout-flex wp-block-gallery-is-layout-flex\"><ul class=\"blocks-gallery-grid\"><li class=\"blocks-gallery-item\"><figure><img decoding=\"async\" width=\"1024\" height=\"683\" src=\"http:\/\/bloggini.pl\/wp-content\/uploads\/2018\/12\/MG_3280-1024x683.jpg\" alt=\"\" data-id=\"1579\" data-link=\"http:\/\/bloggini.pl\/_mg_3280\/\" class=\"wp-image-1579\" srcset=\"https:\/\/justynalorenc.com\/wp-content\/uploads\/2018\/12\/MG_3280-1024x683.jpg 1024w, https:\/\/justynalorenc.com\/wp-content\/uploads\/2018\/12\/MG_3280-300x200.jpg 300w, https:\/\/justynalorenc.com\/wp-content\/uploads\/2018\/12\/MG_3280-768x512.jpg 768w, https:\/\/justynalorenc.com\/wp-content\/uploads\/2018\/12\/MG_3280-1080x720.jpg 1080w, https:\/\/justynalorenc.com\/wp-content\/uploads\/2018\/12\/MG_3280.jpg 1200w\" sizes=\"(max-width: 1024px) 100vw, 1024px\" \/><\/figure><\/li><\/ul><\/figure>\n\n\n\n<figure class=\"wp-block-gallery columns-1 is-cropped wp-block-gallery-7 is-layout-flex wp-block-gallery-is-layout-flex\"><ul class=\"blocks-gallery-grid\"><li class=\"blocks-gallery-item\"><figure><img loading=\"lazy\" decoding=\"async\" width=\"1024\" height=\"683\" src=\"http:\/\/bloggini.pl\/wp-content\/uploads\/2018\/12\/MG_3179-1024x683.jpg\" alt=\"\" data-id=\"1581\" data-link=\"http:\/\/bloggini.pl\/_mg_3179\/\" class=\"wp-image-1581\" srcset=\"https:\/\/justynalorenc.com\/wp-content\/uploads\/2018\/12\/MG_3179-1024x683.jpg 1024w, https:\/\/justynalorenc.com\/wp-content\/uploads\/2018\/12\/MG_3179-300x200.jpg 300w, https:\/\/justynalorenc.com\/wp-content\/uploads\/2018\/12\/MG_3179-768x512.jpg 768w, https:\/\/justynalorenc.com\/wp-content\/uploads\/2018\/12\/MG_3179-1080x720.jpg 1080w, https:\/\/justynalorenc.com\/wp-content\/uploads\/2018\/12\/MG_3179.jpg 1200w\" sizes=\"(max-width: 1024px) 100vw, 1024px\" \/><\/figure><\/li><\/ul><\/figure>\n\n\n\n<figure class=\"wp-block-gallery columns-2 is-cropped wp-block-gallery-9 is-layout-flex wp-block-gallery-is-layout-flex\"><ul class=\"blocks-gallery-grid\"><li class=\"blocks-gallery-item\"><figure><img loading=\"lazy\" decoding=\"async\" width=\"683\" height=\"1024\" src=\"http:\/\/bloggini.pl\/wp-content\/uploads\/2018\/12\/MG_3060-683x1024.jpg\" alt=\"\" data-id=\"1583\" data-link=\"http:\/\/bloggini.pl\/_mg_3060\/\" class=\"wp-image-1583\" srcset=\"https:\/\/justynalorenc.com\/wp-content\/uploads\/2018\/12\/MG_3060-683x1024.jpg 683w, https:\/\/justynalorenc.com\/wp-content\/uploads\/2018\/12\/MG_3060-200x300.jpg 200w, https:\/\/justynalorenc.com\/wp-content\/uploads\/2018\/12\/MG_3060-768x1152.jpg 768w, https:\/\/justynalorenc.com\/wp-content\/uploads\/2018\/12\/MG_3060.jpg 800w\" sizes=\"(max-width: 683px) 100vw, 683px\" \/><\/figure><\/li><li class=\"blocks-gallery-item\"><figure><img loading=\"lazy\" decoding=\"async\" width=\"683\" height=\"1024\" src=\"http:\/\/bloggini.pl\/wp-content\/uploads\/2018\/12\/MG_3175-683x1024.jpg\" alt=\"\" data-id=\"1584\" data-link=\"http:\/\/bloggini.pl\/_mg_3175\/\" class=\"wp-image-1584\" srcset=\"https:\/\/justynalorenc.com\/wp-content\/uploads\/2018\/12\/MG_3175-683x1024.jpg 683w, https:\/\/justynalorenc.com\/wp-content\/uploads\/2018\/12\/MG_3175-200x300.jpg 200w, https:\/\/justynalorenc.com\/wp-content\/uploads\/2018\/12\/MG_3175-768x1152.jpg 768w, https:\/\/justynalorenc.com\/wp-content\/uploads\/2018\/12\/MG_3175.jpg 800w\" sizes=\"(max-width: 683px) 100vw, 683px\" \/><\/figure><\/li><\/ul><\/figure>\n\n\n\n<figure class=\"wp-block-gallery columns-1 is-cropped wp-block-gallery-11 is-layout-flex wp-block-gallery-is-layout-flex\"><ul class=\"blocks-gallery-grid\"><li class=\"blocks-gallery-item\"><figure><img loading=\"lazy\" decoding=\"async\" width=\"1024\" height=\"683\" src=\"http:\/\/bloggini.pl\/wp-content\/uploads\/2018\/12\/MG_3169-1024x683.jpg\" alt=\"\" data-id=\"1586\" data-link=\"http:\/\/bloggini.pl\/_mg_3169\/\" class=\"wp-image-1586\" srcset=\"https:\/\/justynalorenc.com\/wp-content\/uploads\/2018\/12\/MG_3169-1024x683.jpg 1024w, https:\/\/justynalorenc.com\/wp-content\/uploads\/2018\/12\/MG_3169-300x200.jpg 300w, https:\/\/justynalorenc.com\/wp-content\/uploads\/2018\/12\/MG_3169-768x512.jpg 768w, https:\/\/justynalorenc.com\/wp-content\/uploads\/2018\/12\/MG_3169-1080x720.jpg 1080w, https:\/\/justynalorenc.com\/wp-content\/uploads\/2018\/12\/MG_3169.jpg 1200w\" sizes=\"(max-width: 1024px) 100vw, 1024px\" \/><\/figure><\/li><\/ul><\/figure>\n\n\n\n<figure class=\"wp-block-gallery columns-1 is-cropped wp-block-gallery-13 is-layout-flex wp-block-gallery-is-layout-flex\"><ul class=\"blocks-gallery-grid\"><li class=\"blocks-gallery-item\"><figure><img loading=\"lazy\" decoding=\"async\" width=\"1024\" height=\"683\" src=\"http:\/\/bloggini.pl\/wp-content\/uploads\/2018\/12\/MG_3252-1024x683.jpg\" alt=\"\" data-id=\"1588\" data-link=\"http:\/\/bloggini.pl\/_mg_3252\/\" class=\"wp-image-1588\" srcset=\"https:\/\/justynalorenc.com\/wp-content\/uploads\/2018\/12\/MG_3252-1024x683.jpg 1024w, https:\/\/justynalorenc.com\/wp-content\/uploads\/2018\/12\/MG_3252-300x200.jpg 300w, https:\/\/justynalorenc.com\/wp-content\/uploads\/2018\/12\/MG_3252-768x512.jpg 768w, https:\/\/justynalorenc.com\/wp-content\/uploads\/2018\/12\/MG_3252-1080x720.jpg 1080w, https:\/\/justynalorenc.com\/wp-content\/uploads\/2018\/12\/MG_3252.jpg 1200w\" sizes=\"(max-width: 1024px) 100vw, 1024px\" \/><\/figure><\/li><\/ul><\/figure>\n\n\n\n<figure class=\"wp-block-gallery columns-1 is-cropped wp-block-gallery-15 is-layout-flex wp-block-gallery-is-layout-flex\"><ul class=\"blocks-gallery-grid\"><li class=\"blocks-gallery-item\"><figure><img loading=\"lazy\" decoding=\"async\" width=\"1024\" height=\"683\" src=\"http:\/\/bloggini.pl\/wp-content\/uploads\/2018\/12\/MG_3243-1024x683.jpg\" alt=\"\" data-id=\"1589\" data-link=\"http:\/\/bloggini.pl\/_mg_3243\/\" class=\"wp-image-1589\" srcset=\"https:\/\/justynalorenc.com\/wp-content\/uploads\/2018\/12\/MG_3243-1024x683.jpg 1024w, https:\/\/justynalorenc.com\/wp-content\/uploads\/2018\/12\/MG_3243-300x200.jpg 300w, https:\/\/justynalorenc.com\/wp-content\/uploads\/2018\/12\/MG_3243-768x512.jpg 768w, https:\/\/justynalorenc.com\/wp-content\/uploads\/2018\/12\/MG_3243-1080x720.jpg 1080w, https:\/\/justynalorenc.com\/wp-content\/uploads\/2018\/12\/MG_3243.jpg 1200w\" sizes=\"(max-width: 1024px) 100vw, 1024px\" \/><\/figure><\/li><\/ul><\/figure>\n\n\n\n<figure class=\"wp-block-gallery columns-1 is-cropped wp-block-gallery-17 is-layout-flex wp-block-gallery-is-layout-flex\"><ul class=\"blocks-gallery-grid\"><li class=\"blocks-gallery-item\"><figure><img loading=\"lazy\" decoding=\"async\" width=\"1024\" height=\"683\" src=\"http:\/\/bloggini.pl\/wp-content\/uploads\/2018\/12\/MG_3187-1024x683.jpg\" alt=\"\" data-id=\"1590\" data-link=\"http:\/\/bloggini.pl\/_mg_3187\/\" class=\"wp-image-1590\" srcset=\"https:\/\/justynalorenc.com\/wp-content\/uploads\/2018\/12\/MG_3187-1024x683.jpg 1024w, https:\/\/justynalorenc.com\/wp-content\/uploads\/2018\/12\/MG_3187-300x200.jpg 300w, https:\/\/justynalorenc.com\/wp-content\/uploads\/2018\/12\/MG_3187-768x512.jpg 768w, https:\/\/justynalorenc.com\/wp-content\/uploads\/2018\/12\/MG_3187-1080x720.jpg 1080w, https:\/\/justynalorenc.com\/wp-content\/uploads\/2018\/12\/MG_3187.jpg 1200w\" sizes=\"(max-width: 1024px) 100vw, 1024px\" \/><\/figure><\/li><\/ul><\/figure>\n\n\n\n<figure class=\"wp-block-gallery columns-1 is-cropped wp-block-gallery-19 is-layout-flex wp-block-gallery-is-layout-flex\"><ul class=\"blocks-gallery-grid\"><li class=\"blocks-gallery-item\"><figure><img loading=\"lazy\" decoding=\"async\" width=\"1024\" height=\"683\" src=\"http:\/\/bloggini.pl\/wp-content\/uploads\/2018\/12\/MG_3283-1024x683.jpg\" alt=\"\" data-id=\"1591\" data-link=\"http:\/\/bloggini.pl\/_mg_3283\/\" class=\"wp-image-1591\" srcset=\"https:\/\/justynalorenc.com\/wp-content\/uploads\/2018\/12\/MG_3283-1024x683.jpg 1024w, https:\/\/justynalorenc.com\/wp-content\/uploads\/2018\/12\/MG_3283-300x200.jpg 300w, https:\/\/justynalorenc.com\/wp-content\/uploads\/2018\/12\/MG_3283-768x512.jpg 768w, https:\/\/justynalorenc.com\/wp-content\/uploads\/2018\/12\/MG_3283-1080x720.jpg 1080w, https:\/\/justynalorenc.com\/wp-content\/uploads\/2018\/12\/MG_3283.jpg 1200w\" sizes=\"(max-width: 1024px) 100vw, 1024px\" \/><\/figure><\/li><\/ul><\/figure>\n\n\n\n<figure class=\"wp-block-gallery columns-1 is-cropped wp-block-gallery-21 is-layout-flex wp-block-gallery-is-layout-flex\"><ul class=\"blocks-gallery-grid\"><li class=\"blocks-gallery-item\"><figure><img loading=\"lazy\" decoding=\"async\" width=\"1024\" height=\"683\" src=\"http:\/\/bloggini.pl\/wp-content\/uploads\/2018\/12\/MG_3266-2-1024x683.jpg\" alt=\"\" data-id=\"1593\" data-link=\"http:\/\/bloggini.pl\/_mg_3266-2\/\" class=\"wp-image-1593\" srcset=\"https:\/\/justynalorenc.com\/wp-content\/uploads\/2018\/12\/MG_3266-2-1024x683.jpg 1024w, https:\/\/justynalorenc.com\/wp-content\/uploads\/2018\/12\/MG_3266-2-300x200.jpg 300w, https:\/\/justynalorenc.com\/wp-content\/uploads\/2018\/12\/MG_3266-2-768x512.jpg 768w, https:\/\/justynalorenc.com\/wp-content\/uploads\/2018\/12\/MG_3266-2-1080x720.jpg 1080w, https:\/\/justynalorenc.com\/wp-content\/uploads\/2018\/12\/MG_3266-2.jpg 1200w\" sizes=\"(max-width: 1024px) 100vw, 1024px\" \/><\/figure><\/li><\/ul><\/figure>\n\n\n\n<figure class=\"wp-block-gallery columns-2 is-cropped wp-block-gallery-23 is-layout-flex wp-block-gallery-is-layout-flex\"><ul class=\"blocks-gallery-grid\"><li class=\"blocks-gallery-item\"><figure><img loading=\"lazy\" decoding=\"async\" width=\"683\" height=\"1024\" src=\"http:\/\/bloggini.pl\/wp-content\/uploads\/2018\/12\/MG_3166-683x1024.jpg\" alt=\"\" data-id=\"1596\" data-link=\"http:\/\/bloggini.pl\/_mg_3166\/\" class=\"wp-image-1596\" srcset=\"https:\/\/justynalorenc.com\/wp-content\/uploads\/2018\/12\/MG_3166-683x1024.jpg 683w, https:\/\/justynalorenc.com\/wp-content\/uploads\/2018\/12\/MG_3166-200x300.jpg 200w, https:\/\/justynalorenc.com\/wp-content\/uploads\/2018\/12\/MG_3166-768x1152.jpg 768w, https:\/\/justynalorenc.com\/wp-content\/uploads\/2018\/12\/MG_3166.jpg 800w\" sizes=\"(max-width: 683px) 100vw, 683px\" \/><\/figure><\/li><li class=\"blocks-gallery-item\"><figure><img loading=\"lazy\" decoding=\"async\" width=\"683\" height=\"1024\" src=\"http:\/\/bloggini.pl\/wp-content\/uploads\/2018\/12\/MG_3237-683x1024.jpg\" alt=\"\" data-id=\"1597\" data-link=\"http:\/\/bloggini.pl\/_mg_3237\/\" class=\"wp-image-1597\" srcset=\"https:\/\/justynalorenc.com\/wp-content\/uploads\/2018\/12\/MG_3237-683x1024.jpg 683w, https:\/\/justynalorenc.com\/wp-content\/uploads\/2018\/12\/MG_3237-200x300.jpg 200w, https:\/\/justynalorenc.com\/wp-content\/uploads\/2018\/12\/MG_3237-768x1152.jpg 768w, https:\/\/justynalorenc.com\/wp-content\/uploads\/2018\/12\/MG_3237.jpg 800w\" sizes=\"(max-width: 683px) 100vw, 683px\" \/><\/figure><\/li><\/ul><\/figure>\n\n\n\n<h2 class=\"has-text-align-center wp-block-heading\">2. JEDZENIE<\/h2>\n\n\n\n<p>Autentyczna kuchnia Salvadoru to mieszanka smak\u00f3w afro-brazylijskich i jest najbardziej oryginaln\u0105, jakiej mia\u0142am dot\u0105d okazj\u0119 spr\u00f3bowa\u0107. Najpyszniejsze potrawy, jakie oferuje miasto, mo\u017cna zje\u015b\u0107 na bazarach i straganach, ale te\u017c w ma\u0142ych knajpach na star\u00f3wce. Warto spr\u00f3bowa\u0107 moquecy, czyli gulaszu rybnego, mi\u0119snego, lub z owocami morza, przygotowywanego w glinianym naczyniu z warzywami i podawanego z ry\u017cem i fasol\u0105. Drugim klasycznym daniem, kt\u00f3rego nie mo\u017cna tu nie zje\u015b\u0107, jest acaraj\u00e9 (najlepsze jest Acaraj\u00e9&nbsp;da Cira w dzielnicy Rio Vermelho!), czyli ciasto z fasoli, wype\u0142nione vatap\u0105 &#8211; suszonymi na s\u0142o\u0144cu krewetkami, pomidorami, kolendr\u0105 i cz\u0119sto ostrym sosem. Przepyszne owoce morza i ryby mo\u017cna tu zje\u015b\u0107 na ka\u017cdym kroku, a tradycyjne receptury (np. banana fish) s\u0105 unikalne na skal\u0119 \u015bwiatow\u0105. W wielu miejscach mo\u017cna spotka\u0107 znane dania w wersji oryginalnej, np. burgery z mi\u0119sem na s\u0142odko, z chipsami z manioku i s\u0142odkim sosem z gujawy.<\/p>\n\n\n\n<figure class=\"wp-block-gallery columns-1 is-cropped wp-block-gallery-25 is-layout-flex wp-block-gallery-is-layout-flex\"><ul class=\"blocks-gallery-grid\"><li class=\"blocks-gallery-item\"><figure><img loading=\"lazy\" decoding=\"async\" width=\"1024\" height=\"683\" src=\"http:\/\/bloggini.pl\/wp-content\/uploads\/2018\/12\/MG_3040-1024x683.jpg\" alt=\"\" data-id=\"1599\" data-link=\"http:\/\/bloggini.pl\/_mg_3040\/\" class=\"wp-image-1599\" srcset=\"https:\/\/justynalorenc.com\/wp-content\/uploads\/2018\/12\/MG_3040-1024x683.jpg 1024w, https:\/\/justynalorenc.com\/wp-content\/uploads\/2018\/12\/MG_3040-300x200.jpg 300w, https:\/\/justynalorenc.com\/wp-content\/uploads\/2018\/12\/MG_3040-768x512.jpg 768w, https:\/\/justynalorenc.com\/wp-content\/uploads\/2018\/12\/MG_3040-1080x720.jpg 1080w, https:\/\/justynalorenc.com\/wp-content\/uploads\/2018\/12\/MG_3040.jpg 1200w\" sizes=\"(max-width: 1024px) 100vw, 1024px\" \/><\/figure><\/li><\/ul><\/figure>\n\n\n\n<figure class=\"wp-block-gallery columns-2 is-cropped wp-block-gallery-27 is-layout-flex wp-block-gallery-is-layout-flex\"><ul class=\"blocks-gallery-grid\"><li class=\"blocks-gallery-item\"><figure><img loading=\"lazy\" decoding=\"async\" width=\"683\" height=\"1024\" src=\"http:\/\/bloggini.pl\/wp-content\/uploads\/2018\/12\/MG_3324-683x1024.jpg\" alt=\"\" data-id=\"1605\" data-link=\"http:\/\/bloggini.pl\/_mg_3324\/\" class=\"wp-image-1605\" srcset=\"https:\/\/justynalorenc.com\/wp-content\/uploads\/2018\/12\/MG_3324-683x1024.jpg 683w, https:\/\/justynalorenc.com\/wp-content\/uploads\/2018\/12\/MG_3324-200x300.jpg 200w, https:\/\/justynalorenc.com\/wp-content\/uploads\/2018\/12\/MG_3324-768x1152.jpg 768w, https:\/\/justynalorenc.com\/wp-content\/uploads\/2018\/12\/MG_3324.jpg 800w\" sizes=\"(max-width: 683px) 100vw, 683px\" \/><\/figure><\/li><li class=\"blocks-gallery-item\"><figure><img loading=\"lazy\" decoding=\"async\" width=\"683\" height=\"1024\" src=\"http:\/\/bloggini.pl\/wp-content\/uploads\/2018\/12\/MG_3317-683x1024.jpg\" alt=\"\" data-id=\"1604\" data-link=\"http:\/\/bloggini.pl\/_mg_3317\/\" class=\"wp-image-1604\" srcset=\"https:\/\/justynalorenc.com\/wp-content\/uploads\/2018\/12\/MG_3317-683x1024.jpg 683w, https:\/\/justynalorenc.com\/wp-content\/uploads\/2018\/12\/MG_3317-200x300.jpg 200w, https:\/\/justynalorenc.com\/wp-content\/uploads\/2018\/12\/MG_3317-768x1152.jpg 768w, https:\/\/justynalorenc.com\/wp-content\/uploads\/2018\/12\/MG_3317.jpg 800w\" sizes=\"(max-width: 683px) 100vw, 683px\" \/><\/figure><\/li><\/ul><\/figure>\n\n\n\n<figure class=\"wp-block-gallery columns-2 is-cropped wp-block-gallery-29 is-layout-flex wp-block-gallery-is-layout-flex\"><ul class=\"blocks-gallery-grid\"><li class=\"blocks-gallery-item\"><figure><img loading=\"lazy\" decoding=\"async\" width=\"683\" height=\"1024\" src=\"http:\/\/bloggini.pl\/wp-content\/uploads\/2018\/12\/MG_3314-683x1024.jpg\" alt=\"\" data-id=\"1603\" data-link=\"http:\/\/bloggini.pl\/_mg_3314\/\" class=\"wp-image-1603\" srcset=\"https:\/\/justynalorenc.com\/wp-content\/uploads\/2018\/12\/MG_3314-683x1024.jpg 683w, https:\/\/justynalorenc.com\/wp-content\/uploads\/2018\/12\/MG_3314-200x300.jpg 200w, https:\/\/justynalorenc.com\/wp-content\/uploads\/2018\/12\/MG_3314-768x1152.jpg 768w, https:\/\/justynalorenc.com\/wp-content\/uploads\/2018\/12\/MG_3314.jpg 800w\" sizes=\"(max-width: 683px) 100vw, 683px\" \/><\/figure><\/li><li class=\"blocks-gallery-item\"><figure><img loading=\"lazy\" decoding=\"async\" width=\"683\" height=\"1024\" src=\"http:\/\/bloggini.pl\/wp-content\/uploads\/2018\/12\/MG_3163-683x1024.jpg\" alt=\"\" data-id=\"1602\" data-link=\"http:\/\/bloggini.pl\/_mg_3163\/\" class=\"wp-image-1602\" srcset=\"https:\/\/justynalorenc.com\/wp-content\/uploads\/2018\/12\/MG_3163-683x1024.jpg 683w, https:\/\/justynalorenc.com\/wp-content\/uploads\/2018\/12\/MG_3163-200x300.jpg 200w, https:\/\/justynalorenc.com\/wp-content\/uploads\/2018\/12\/MG_3163-768x1152.jpg 768w, https:\/\/justynalorenc.com\/wp-content\/uploads\/2018\/12\/MG_3163.jpg 800w\" sizes=\"(max-width: 683px) 100vw, 683px\" \/><\/figure><\/li><\/ul><\/figure>\n\n\n\n<figure class=\"wp-block-gallery columns-2 is-cropped wp-block-gallery-31 is-layout-flex wp-block-gallery-is-layout-flex\"><ul class=\"blocks-gallery-grid\"><li class=\"blocks-gallery-item\"><figure><img loading=\"lazy\" decoding=\"async\" width=\"683\" height=\"1024\" src=\"http:\/\/bloggini.pl\/wp-content\/uploads\/2018\/12\/MG_3053-683x1024.jpg\" alt=\"\" data-id=\"1601\" data-link=\"http:\/\/bloggini.pl\/_mg_3053\/\" class=\"wp-image-1601\" srcset=\"https:\/\/justynalorenc.com\/wp-content\/uploads\/2018\/12\/MG_3053-683x1024.jpg 683w, https:\/\/justynalorenc.com\/wp-content\/uploads\/2018\/12\/MG_3053-200x300.jpg 200w, https:\/\/justynalorenc.com\/wp-content\/uploads\/2018\/12\/MG_3053-768x1152.jpg 768w, https:\/\/justynalorenc.com\/wp-content\/uploads\/2018\/12\/MG_3053.jpg 800w\" sizes=\"(max-width: 683px) 100vw, 683px\" \/><\/figure><\/li><li class=\"blocks-gallery-item\"><figure><img loading=\"lazy\" decoding=\"async\" width=\"683\" height=\"1024\" src=\"http:\/\/bloggini.pl\/wp-content\/uploads\/2018\/12\/MG_3052-683x1024.jpg\" alt=\"\" data-id=\"1600\" data-link=\"http:\/\/bloggini.pl\/_mg_3052\/\" class=\"wp-image-1600\" srcset=\"https:\/\/justynalorenc.com\/wp-content\/uploads\/2018\/12\/MG_3052-683x1024.jpg 683w, https:\/\/justynalorenc.com\/wp-content\/uploads\/2018\/12\/MG_3052-200x300.jpg 200w, https:\/\/justynalorenc.com\/wp-content\/uploads\/2018\/12\/MG_3052-768x1152.jpg 768w, https:\/\/justynalorenc.com\/wp-content\/uploads\/2018\/12\/MG_3052.jpg 800w\" sizes=\"(max-width: 683px) 100vw, 683px\" \/><\/figure><\/li><\/ul><\/figure>\n\n\n\n<h2 class=\"has-text-align-center wp-block-heading\">3. MUZYKA<\/h2>\n\n\n\n<p>Mieszanka wp\u0142yw\u00f3w europejskich i afryka\u0144skich jest tu szczeg\u00f3lnie widoczna nie tylko w kuchni, ale te\u017c w muzyce. Kulturowy i etniczny zlepek melodii rozbrzmiewa na ka\u017cdym rogu i z okna ka\u017cdej kamienicy. Muzyka tutaj to nie tylko capoeira, candomble, samba, czy reggae, ale przede wszystkim oryginalny, charakterystyczny dla Salvadoru styl muzyczny axe, b\u0119d\u0105cy po\u0142\u0105czeniem wielu rytm\u00f3w afroameryka\u0144skich. Poza tym miasto jest gospodarzem najwi\u0119kszego i (podobno!) najpi\u0119kniejszego karnawa\u0142u na \u015bwiecie. Zainteresowani tym tematem mog\u0105 odwiedzi\u0107 Muzeum Afro-Brazykijskie.<\/p>\n\n\n\n<h2 class=\"has-text-align-center wp-block-heading\">4. KO\u015aCIO\u0141Y I MUZEA<\/h2>\n\n\n\n<p>Oryginalna architektura (m.in. Winda Lacerda), barokowe wn\u0119trza ko\u015bcio\u0142\u00f3w, kolorowa, poczt\u00f3wkowa star\u00f3wka, brukowane uliczki i zielone place mog\u0105 by\u0107 atrakcj\u0105 sam\u0105 w sobie. W Salvadorze jest oko\u0142o 365 ko\u015bcio\u0142\u00f3w &#8211; miejscowi \u015bmiej\u0105 si\u0119, \u017ce po jednym na ka\u017cdy dzie\u0144 roku. Warto odwiedzi\u0107 minimum dwa: Igreja de Ordem Terceira de Sao Francisco (z pi\u0119knym wn\u0119trzem, mozaikami i dosy\u0107 przera\u017caj\u0105cymi figurkami \u015bwi\u0119tych), czy Igreja do Santissimo Sacramento do Passo, z dzwonnicy kt\u00f3rego rozci\u0105ga si\u0119 widok na ca\u0142\u0105 star\u00f3wk\u0119. <\/p>\n\n\n\n<figure class=\"wp-block-gallery columns-1 is-cropped wp-block-gallery-33 is-layout-flex wp-block-gallery-is-layout-flex\"><ul class=\"blocks-gallery-grid\"><li class=\"blocks-gallery-item\"><figure><img loading=\"lazy\" decoding=\"async\" width=\"1024\" height=\"683\" src=\"http:\/\/bloggini.pl\/wp-content\/uploads\/2018\/12\/MG_3100-1024x683.jpg\" alt=\"\" data-id=\"1607\" data-link=\"http:\/\/bloggini.pl\/_mg_3100\/\" class=\"wp-image-1607\" srcset=\"https:\/\/justynalorenc.com\/wp-content\/uploads\/2018\/12\/MG_3100-1024x683.jpg 1024w, https:\/\/justynalorenc.com\/wp-content\/uploads\/2018\/12\/MG_3100-300x200.jpg 300w, https:\/\/justynalorenc.com\/wp-content\/uploads\/2018\/12\/MG_3100-768x512.jpg 768w, https:\/\/justynalorenc.com\/wp-content\/uploads\/2018\/12\/MG_3100-1080x720.jpg 1080w, https:\/\/justynalorenc.com\/wp-content\/uploads\/2018\/12\/MG_3100.jpg 1200w\" sizes=\"(max-width: 1024px) 100vw, 1024px\" \/><\/figure><\/li><\/ul><\/figure>\n\n\n\n<figure class=\"wp-block-gallery columns-1 is-cropped wp-block-gallery-35 is-layout-flex wp-block-gallery-is-layout-flex\"><ul class=\"blocks-gallery-grid\"><li class=\"blocks-gallery-item\"><figure><img loading=\"lazy\" decoding=\"async\" width=\"1024\" height=\"683\" src=\"http:\/\/bloggini.pl\/wp-content\/uploads\/2018\/12\/MG_3096-1024x683.jpg\" alt=\"\" data-id=\"1609\" data-link=\"http:\/\/bloggini.pl\/_mg_3096\/\" class=\"wp-image-1609\" srcset=\"https:\/\/justynalorenc.com\/wp-content\/uploads\/2018\/12\/MG_3096-1024x683.jpg 1024w, https:\/\/justynalorenc.com\/wp-content\/uploads\/2018\/12\/MG_3096-300x200.jpg 300w, https:\/\/justynalorenc.com\/wp-content\/uploads\/2018\/12\/MG_3096-768x512.jpg 768w, https:\/\/justynalorenc.com\/wp-content\/uploads\/2018\/12\/MG_3096-1080x720.jpg 1080w, https:\/\/justynalorenc.com\/wp-content\/uploads\/2018\/12\/MG_3096.jpg 1200w\" sizes=\"(max-width: 1024px) 100vw, 1024px\" \/><\/figure><\/li><\/ul><\/figure>\n\n\n\n<figure class=\"wp-block-gallery columns-4 is-cropped wp-block-gallery-37 is-layout-flex wp-block-gallery-is-layout-flex\"><ul class=\"blocks-gallery-grid\"><li class=\"blocks-gallery-item\"><figure><img loading=\"lazy\" decoding=\"async\" width=\"683\" height=\"1024\" src=\"http:\/\/bloggini.pl\/wp-content\/uploads\/2018\/12\/MG_3081-683x1024.jpg\" alt=\"\" data-id=\"1610\" data-link=\"http:\/\/bloggini.pl\/_mg_3081\/\" class=\"wp-image-1610\" srcset=\"https:\/\/justynalorenc.com\/wp-content\/uploads\/2018\/12\/MG_3081-683x1024.jpg 683w, https:\/\/justynalorenc.com\/wp-content\/uploads\/2018\/12\/MG_3081-200x300.jpg 200w, https:\/\/justynalorenc.com\/wp-content\/uploads\/2018\/12\/MG_3081-768x1152.jpg 768w, https:\/\/justynalorenc.com\/wp-content\/uploads\/2018\/12\/MG_3081.jpg 800w\" sizes=\"(max-width: 683px) 100vw, 683px\" \/><\/figure><\/li><li class=\"blocks-gallery-item\"><figure><img loading=\"lazy\" decoding=\"async\" width=\"683\" height=\"1024\" src=\"http:\/\/bloggini.pl\/wp-content\/uploads\/2018\/12\/MG_3086-683x1024.jpg\" alt=\"\" data-id=\"1611\" data-link=\"http:\/\/bloggini.pl\/_mg_3086\/\" class=\"wp-image-1611\" srcset=\"https:\/\/justynalorenc.com\/wp-content\/uploads\/2018\/12\/MG_3086-683x1024.jpg 683w, https:\/\/justynalorenc.com\/wp-content\/uploads\/2018\/12\/MG_3086-200x300.jpg 200w, https:\/\/justynalorenc.com\/wp-content\/uploads\/2018\/12\/MG_3086-768x1152.jpg 768w, https:\/\/justynalorenc.com\/wp-content\/uploads\/2018\/12\/MG_3086.jpg 800w\" sizes=\"(max-width: 683px) 100vw, 683px\" \/><\/figure><\/li><li class=\"blocks-gallery-item\"><figure><img loading=\"lazy\" decoding=\"async\" width=\"683\" height=\"1024\" src=\"http:\/\/bloggini.pl\/wp-content\/uploads\/2018\/12\/MG_3088-683x1024.jpg\" alt=\"\" data-id=\"1612\" data-link=\"http:\/\/bloggini.pl\/_mg_3088\/\" class=\"wp-image-1612\" srcset=\"https:\/\/justynalorenc.com\/wp-content\/uploads\/2018\/12\/MG_3088-683x1024.jpg 683w, https:\/\/justynalorenc.com\/wp-content\/uploads\/2018\/12\/MG_3088-200x300.jpg 200w, https:\/\/justynalorenc.com\/wp-content\/uploads\/2018\/12\/MG_3088-768x1152.jpg 768w, https:\/\/justynalorenc.com\/wp-content\/uploads\/2018\/12\/MG_3088.jpg 800w\" sizes=\"(max-width: 683px) 100vw, 683px\" \/><\/figure><\/li><li class=\"blocks-gallery-item\"><figure><img loading=\"lazy\" decoding=\"async\" width=\"683\" height=\"1024\" src=\"http:\/\/bloggini.pl\/wp-content\/uploads\/2018\/12\/MG_3089-683x1024.jpg\" alt=\"\" data-id=\"1613\" data-link=\"http:\/\/bloggini.pl\/_mg_3089\/\" class=\"wp-image-1613\" srcset=\"https:\/\/justynalorenc.com\/wp-content\/uploads\/2018\/12\/MG_3089-683x1024.jpg 683w, https:\/\/justynalorenc.com\/wp-content\/uploads\/2018\/12\/MG_3089-200x300.jpg 200w, https:\/\/justynalorenc.com\/wp-content\/uploads\/2018\/12\/MG_3089-768x1152.jpg 768w, https:\/\/justynalorenc.com\/wp-content\/uploads\/2018\/12\/MG_3089.jpg 800w\" sizes=\"(max-width: 683px) 100vw, 683px\" \/><\/figure><\/li><\/ul><\/figure>\n\n\n\n<figure class=\"wp-block-gallery columns-4 is-cropped wp-block-gallery-39 is-layout-flex wp-block-gallery-is-layout-flex\"><ul class=\"blocks-gallery-grid\"><li class=\"blocks-gallery-item\"><figure><img loading=\"lazy\" decoding=\"async\" width=\"683\" height=\"1024\" src=\"http:\/\/bloggini.pl\/wp-content\/uploads\/2018\/12\/MG_3331-683x1024.jpg\" alt=\"\" data-id=\"1617\" data-link=\"http:\/\/bloggini.pl\/_mg_3331\/\" class=\"wp-image-1617\" srcset=\"https:\/\/justynalorenc.com\/wp-content\/uploads\/2018\/12\/MG_3331-683x1024.jpg 683w, https:\/\/justynalorenc.com\/wp-content\/uploads\/2018\/12\/MG_3331-200x300.jpg 200w, https:\/\/justynalorenc.com\/wp-content\/uploads\/2018\/12\/MG_3331-768x1152.jpg 768w, https:\/\/justynalorenc.com\/wp-content\/uploads\/2018\/12\/MG_3331.jpg 800w\" sizes=\"(max-width: 683px) 100vw, 683px\" \/><\/figure><\/li><li class=\"blocks-gallery-item\"><figure><img loading=\"lazy\" decoding=\"async\" width=\"683\" height=\"1024\" src=\"http:\/\/bloggini.pl\/wp-content\/uploads\/2018\/12\/MG_3328-683x1024.jpg\" alt=\"\" data-id=\"1616\" data-link=\"http:\/\/bloggini.pl\/_mg_3328\/\" class=\"wp-image-1616\" srcset=\"https:\/\/justynalorenc.com\/wp-content\/uploads\/2018\/12\/MG_3328-683x1024.jpg 683w, https:\/\/justynalorenc.com\/wp-content\/uploads\/2018\/12\/MG_3328-200x300.jpg 200w, https:\/\/justynalorenc.com\/wp-content\/uploads\/2018\/12\/MG_3328-768x1152.jpg 768w, https:\/\/justynalorenc.com\/wp-content\/uploads\/2018\/12\/MG_3328.jpg 800w\" sizes=\"(max-width: 683px) 100vw, 683px\" \/><\/figure><\/li><li class=\"blocks-gallery-item\"><figure><img loading=\"lazy\" decoding=\"async\" width=\"683\" height=\"1024\" src=\"http:\/\/bloggini.pl\/wp-content\/uploads\/2018\/12\/MG_3103-683x1024.jpg\" alt=\"\" data-id=\"1615\" data-link=\"http:\/\/bloggini.pl\/_mg_3103\/\" class=\"wp-image-1615\" srcset=\"https:\/\/justynalorenc.com\/wp-content\/uploads\/2018\/12\/MG_3103-683x1024.jpg 683w, https:\/\/justynalorenc.com\/wp-content\/uploads\/2018\/12\/MG_3103-200x300.jpg 200w, https:\/\/justynalorenc.com\/wp-content\/uploads\/2018\/12\/MG_3103-768x1152.jpg 768w, https:\/\/justynalorenc.com\/wp-content\/uploads\/2018\/12\/MG_3103.jpg 800w\" sizes=\"(max-width: 683px) 100vw, 683px\" \/><\/figure><\/li><li class=\"blocks-gallery-item\"><figure><img loading=\"lazy\" decoding=\"async\" width=\"683\" height=\"1024\" src=\"http:\/\/bloggini.pl\/wp-content\/uploads\/2018\/12\/MG_3091-683x1024.jpg\" alt=\"\" data-id=\"1614\" data-link=\"http:\/\/bloggini.pl\/_mg_3091\/\" class=\"wp-image-1614\" srcset=\"https:\/\/justynalorenc.com\/wp-content\/uploads\/2018\/12\/MG_3091-683x1024.jpg 683w, https:\/\/justynalorenc.com\/wp-content\/uploads\/2018\/12\/MG_3091-200x300.jpg 200w, https:\/\/justynalorenc.com\/wp-content\/uploads\/2018\/12\/MG_3091-768x1152.jpg 768w, https:\/\/justynalorenc.com\/wp-content\/uploads\/2018\/12\/MG_3091.jpg 800w\" sizes=\"(max-width: 683px) 100vw, 683px\" \/><\/figure><\/li><\/ul><\/figure>\n\n\n\n<h2 class=\"has-text-align-center wp-block-heading\">5. MERCADO MODELO<\/h2>\n\n\n\n<p>Na tym targu rybnym znajdziecie co najmniej tuzin pikantnych i s\u0142odkich powod\u00f3w do dumy Salvadoru. Kupicie te\u017c ubrania, pami\u0105tki, sprz\u0119ty do domu, przyprawy, jedzenie, obrazy i wszystko inne. Targ w budynku z 1861 roku (w kt\u00f3rym by\u0142a &#8222;przechowalnia&#8221; niewolnik\u00f3w, zanim trafili na targ) oferuje wszystko, \u0142\u0105cznie z pysznym jedzeniem w restauracjach na pi\u0119trze. Budynek znajduje si\u0119 u st\u00f3p windy Lacerdy, \u0142\u0105cz\u0105cej dolne i g\u00f3rne miasto, z kt\u00f3rej mo\u017cna skorzysta\u0107 za ca\u0142e 25 groszy.<\/p>\n\n\n\n<figure class=\"wp-block-gallery columns-1 is-cropped wp-block-gallery-41 is-layout-flex wp-block-gallery-is-layout-flex\"><ul class=\"blocks-gallery-grid\"><li class=\"blocks-gallery-item\"><figure><img loading=\"lazy\" decoding=\"async\" width=\"1024\" height=\"683\" src=\"http:\/\/bloggini.pl\/wp-content\/uploads\/2018\/12\/MG_3294-1024x683.jpg\" alt=\"\" data-id=\"1618\" data-link=\"http:\/\/bloggini.pl\/_mg_3294\/\" class=\"wp-image-1618\" srcset=\"https:\/\/justynalorenc.com\/wp-content\/uploads\/2018\/12\/MG_3294-1024x683.jpg 1024w, https:\/\/justynalorenc.com\/wp-content\/uploads\/2018\/12\/MG_3294-300x200.jpg 300w, https:\/\/justynalorenc.com\/wp-content\/uploads\/2018\/12\/MG_3294-768x512.jpg 768w, https:\/\/justynalorenc.com\/wp-content\/uploads\/2018\/12\/MG_3294-1080x720.jpg 1080w, https:\/\/justynalorenc.com\/wp-content\/uploads\/2018\/12\/MG_3294.jpg 1200w\" sizes=\"(max-width: 1024px) 100vw, 1024px\" \/><\/figure><\/li><\/ul><\/figure>\n\n\n\n<figure class=\"wp-block-gallery columns-2 is-cropped wp-block-gallery-43 is-layout-flex wp-block-gallery-is-layout-flex\"><ul class=\"blocks-gallery-grid\"><li class=\"blocks-gallery-item\"><figure><img loading=\"lazy\" decoding=\"async\" width=\"683\" height=\"1024\" src=\"http:\/\/bloggini.pl\/wp-content\/uploads\/2018\/12\/MG_3299-683x1024.jpg\" alt=\"\" data-id=\"1620\" data-link=\"http:\/\/bloggini.pl\/_mg_3299\/\" class=\"wp-image-1620\" srcset=\"https:\/\/justynalorenc.com\/wp-content\/uploads\/2018\/12\/MG_3299-683x1024.jpg 683w, https:\/\/justynalorenc.com\/wp-content\/uploads\/2018\/12\/MG_3299-200x300.jpg 200w, https:\/\/justynalorenc.com\/wp-content\/uploads\/2018\/12\/MG_3299-768x1152.jpg 768w, https:\/\/justynalorenc.com\/wp-content\/uploads\/2018\/12\/MG_3299.jpg 800w\" sizes=\"(max-width: 683px) 100vw, 683px\" \/><\/figure><\/li><li class=\"blocks-gallery-item\"><figure><img loading=\"lazy\" decoding=\"async\" width=\"683\" height=\"1024\" src=\"http:\/\/bloggini.pl\/wp-content\/uploads\/2018\/12\/MG_3295-683x1024.jpg\" alt=\"\" data-id=\"1619\" data-link=\"http:\/\/bloggini.pl\/_mg_3295\/\" class=\"wp-image-1619\" srcset=\"https:\/\/justynalorenc.com\/wp-content\/uploads\/2018\/12\/MG_3295-683x1024.jpg 683w, https:\/\/justynalorenc.com\/wp-content\/uploads\/2018\/12\/MG_3295-200x300.jpg 200w, https:\/\/justynalorenc.com\/wp-content\/uploads\/2018\/12\/MG_3295-768x1152.jpg 768w, https:\/\/justynalorenc.com\/wp-content\/uploads\/2018\/12\/MG_3295.jpg 800w\" sizes=\"(max-width: 683px) 100vw, 683px\" \/><\/figure><\/li><\/ul><\/figure>\n\n\n\n<h2 class=\"has-text-align-center wp-block-heading\">6. PLA\u017bE<\/h2>\n\n\n\n<p>Powiedziano nam, \u017ce Salvador s\u0142ynie z pi\u0119knych pla\u017c. Niestety nie by\u0142o nam dane skosztowa\u0107 \u017cadnej z nich. Deszcz pokrzy\u017cowa\u0142 nam mocno plany, a kiedy wybrali\u015bmy si\u0119 zobaczy\u0107 (wyludnion\u0105, ale wci\u0105\u017c pla\u017c\u0119) pla\u017c\u0119 Itapua i zorganizowali\u015bmy sobie ma\u0142y spacer wzd\u0142u\u017c wybrze\u017ca od placu Largo da Mariqiota, na wst\u0119pie dostali\u015bmy kilka gro\u017anie brzmi\u0105cych ostrze\u017ce\u0144, \u017ceby\u015bmy lepiej szykowali odwr\u00f3t, je\u015bli nie chcemy straci\u0107 telefon\u00f3w, dokument\u00f3w i czego tam jeszcze (ja z wielkim Canonem, od kt\u00f3rego ugina si\u0119 kark, wygl\u0105da\u0142am tak na turystk\u0119, \u017ce bardziej si\u0119 nie da). Okaza\u0142o si\u0119, \u017ce klasycznie wpakowali\u015bmy si\u0119 w jaki\u015b zakamarek, jedn\u0105 tysi\u0119czn\u0105 cz\u0119\u015b\u0107 jednej ze stu pla\u017c, na kt\u00f3r\u0105 nikt rozs\u0105dny ani normalny nie wchodzi, bo przecie\u017c nie wolno. Wycieczka na pla\u017c\u0119 zako\u0144czy\u0142a si\u0119 ogl\u0105daniem jej zza szyby Ubera. To by by\u0142o na tyle ze zwiedzania pla\u017c Vermelho i Itapua, ale podobno naprawd\u0119 s\u0105 bardzo pi\u0119kne i chyba polecamy.<\/p>\n\n\n\n<div class=\"wp-block-columns has-2-columns is-layout-flex wp-container-47 wp-block-columns-is-layout-flex\">\n<div class=\"wp-block-column is-layout-flow wp-block-column-is-layout-flow\"><\/div>\n\n\n\n<div class=\"wp-block-column is-layout-flow wp-block-column-is-layout-flow\"><\/div>\n<\/div>\n\n\n\n<figure class=\"wp-block-gallery columns-0 is-cropped wp-block-gallery-48 is-layout-flex wp-block-gallery-is-layout-flex\"><ul class=\"blocks-gallery-grid\"><li class=\"blocks-gallery-item\"><figure><img loading=\"lazy\" decoding=\"async\" width=\"683\" height=\"1024\" src=\"http:\/\/bloggini.pl\/wp-content\/uploads\/2018\/12\/MG_3326-683x1024.jpg\" alt=\"\" data-id=\"1623\" data-link=\"http:\/\/bloggini.pl\/_mg_3326\/\" class=\"wp-image-1623\" srcset=\"https:\/\/justynalorenc.com\/wp-content\/uploads\/2018\/12\/MG_3326-683x1024.jpg 683w, https:\/\/justynalorenc.com\/wp-content\/uploads\/2018\/12\/MG_3326-200x300.jpg 200w, https:\/\/justynalorenc.com\/wp-content\/uploads\/2018\/12\/MG_3326-768x1152.jpg 768w, https:\/\/justynalorenc.com\/wp-content\/uploads\/2018\/12\/MG_3326.jpg 800w\" sizes=\"(max-width: 683px) 100vw, 683px\" \/><\/figure><\/li><li class=\"blocks-gallery-item\"><figure><img loading=\"lazy\" decoding=\"async\" width=\"1024\" height=\"683\" src=\"http:\/\/bloggini.pl\/wp-content\/uploads\/2018\/12\/MG_3325-1024x683.jpg\" alt=\"\" data-id=\"1622\" data-link=\"http:\/\/bloggini.pl\/_mg_3325\/\" class=\"wp-image-1622\" srcset=\"https:\/\/justynalorenc.com\/wp-content\/uploads\/2018\/12\/MG_3325-1024x683.jpg 1024w, https:\/\/justynalorenc.com\/wp-content\/uploads\/2018\/12\/MG_3325-300x200.jpg 300w, https:\/\/justynalorenc.com\/wp-content\/uploads\/2018\/12\/MG_3325-768x512.jpg 768w, https:\/\/justynalorenc.com\/wp-content\/uploads\/2018\/12\/MG_3325-1080x720.jpg 1080w, https:\/\/justynalorenc.com\/wp-content\/uploads\/2018\/12\/MG_3325.jpg 1200w\" sizes=\"(max-width: 1024px) 100vw, 1024px\" \/><\/figure><\/li><li class=\"blocks-gallery-item\"><figure><img loading=\"lazy\" decoding=\"async\" width=\"1024\" height=\"683\" src=\"http:\/\/bloggini.pl\/wp-content\/uploads\/2018\/12\/MG_3036-1-1024x683.jpg\" alt=\"\" data-id=\"1624\" data-link=\"http:\/\/bloggini.pl\/kolonialna-perla-brazylii-6-powodow-dla-ktorych-warto-odwiedzic-salvador\/_mg_3036-2\/\" class=\"wp-image-1624\" srcset=\"https:\/\/justynalorenc.com\/wp-content\/uploads\/2018\/12\/MG_3036-1-1024x683.jpg 1024w, https:\/\/justynalorenc.com\/wp-content\/uploads\/2018\/12\/MG_3036-1-300x200.jpg 300w, https:\/\/justynalorenc.com\/wp-content\/uploads\/2018\/12\/MG_3036-1-768x512.jpg 768w, https:\/\/justynalorenc.com\/wp-content\/uploads\/2018\/12\/MG_3036-1-1080x720.jpg 1080w, https:\/\/justynalorenc.com\/wp-content\/uploads\/2018\/12\/MG_3036-1.jpg 1200w\" sizes=\"(max-width: 1024px) 100vw, 1024px\" \/><\/figure><\/li><\/ul><\/figure>\n\n\n\n<p class=\"has-medium-font-size\">W Salvadorze czu\u0107 innego ducha, ni\u017c w <a href=\"http:\/\/bloggini.pl\/najfajniejsze-miejsca-w-rio-de-janeiro-praktyczny-przewodnik\/\">Rio<\/a>. Innego, ni\u017c gdziekolwiek indziej. Nie jest kosmopolityczne, \u015bwiatowe, ani nawet czyste. Mimo to wp\u0142ywy i po\u0142\u0105czenia kultur, ras i wierze\u0144 stworzy\u0142y przez kilka wiek\u00f3w co\u015b tak oryginalnego, \u017ce chowajcie si\u0119 wszystkie najbezpieczniejsze miasta globu. Mieszka\u0144cy s\u0105 mocno zwi\u0105zani ze swoim dziedzictwem, kultura afryka\u0144ska codziennie kultywowana, a ich domem jest prawdziwy tygiel kulturowy. \u017bycie nocne, imprezy, jedzenie, festiwale i street art &#8211; a z drugiej strony potworny rasizm, korupcja, bieda, nier\u00f3wno\u015bci spo\u0142eczne, bezdomno\u015b\u0107, brud, mizoginia i przest\u0119pczo\u015b\u0107. Odwiedzajcie ostro\u017cnie. <\/p>\n\n\n\n<figure class=\"wp-block-gallery columns-1 is-cropped wp-block-gallery-50 is-layout-flex wp-block-gallery-is-layout-flex\"><ul class=\"blocks-gallery-grid\"><li class=\"blocks-gallery-item\"><figure><img loading=\"lazy\" decoding=\"async\" width=\"1024\" height=\"683\" src=\"http:\/\/bloggini.pl\/wp-content\/uploads\/2018\/12\/MG_3327-1024x683.jpg\" alt=\"\" data-id=\"1629\" data-link=\"http:\/\/bloggini.pl\/_mg_3327\/\" class=\"wp-image-1629\" srcset=\"https:\/\/justynalorenc.com\/wp-content\/uploads\/2018\/12\/MG_3327-1024x683.jpg 1024w, https:\/\/justynalorenc.com\/wp-content\/uploads\/2018\/12\/MG_3327-300x200.jpg 300w, https:\/\/justynalorenc.com\/wp-content\/uploads\/2018\/12\/MG_3327-768x512.jpg 768w, https:\/\/justynalorenc.com\/wp-content\/uploads\/2018\/12\/MG_3327-1080x720.jpg 1080w, https:\/\/justynalorenc.com\/wp-content\/uploads\/2018\/12\/MG_3327.jpg 1200w\" sizes=\"(max-width: 1024px) 100vw, 1024px\" \/><\/figure><\/li><\/ul><\/figure>\n\n\n\n<figure class=\"wp-block-gallery columns-0 is-cropped wp-block-gallery-52 is-layout-flex wp-block-gallery-is-layout-flex\"><ul class=\"blocks-gallery-grid\"><\/ul><\/figure>","protected":false},"excerpt":{"rendered":"<p>Sao Salvador de Bahia de Todos os Santos to pi\u0119kne (ale i do\u015b\u0107 niebezpieczne) miasto o smutnej kolonialnej historii, kt\u00f3ra czyni je dzi\u015b jednym z najbardziej wyj\u0105tkowych miejsc na \u015bwiecie. Za\u0142o\u017cona prawie 500 lat temu przez Portugalczyk\u00f3w dawna stolica Brazylii do dzi\u015b jest zamieszkiwana niemal wy\u0142\u0105cznie (w 80 %) przez czarnosk\u00f3rych potomk\u00f3w dawnych niewolnik\u00f3w. Dzi\u015b [&hellip;]<\/p>","protected":false},"author":1,"featured_media":7673,"comment_status":"open","ping_status":"open","sticky":false,"template":"","format":"standard","meta":{"_monsterinsights_skip_tracking":false,"_monsterinsights_sitenote_active":false,"_monsterinsights_sitenote_note":"","_monsterinsights_sitenote_category":0,"footnotes":""},"categories":[1,45],"tags":[66,65,14,64],"yoast_head":"<!-- This site is optimized with the Yoast SEO plugin v22.0 - https:\/\/yoast.com\/wordpress\/plugins\/seo\/ -->\n<title>Kolonialna per\u0142a Brazylii - 6 powod\u00f3w, dla kt\u00f3rych warto odwiedzi\u0107 Salvador &#8211; Justyna Lorenc<\/title>\n<meta name=\"description\" content=\"Kolonialna per\u0142a Brazylii, czyli 6 pi\u0119knych powod\u00f3w, by odwiedzi\u0107 Salvador. Kolonialna architektura, smaczna kuchnia i niezwyk\u0142e pla\u017ce!\" \/>\n<meta name=\"robots\" content=\"index, follow, max-snippet:-1, max-image-preview:large, max-video-preview:-1\" \/>\n<link rel=\"canonical\" href=\"https:\/\/justynalorenc.com\/en\/kolonialna-perla-brazylii-6-powodow-dla-ktorych-warto-odwiedzic-salvador\/\" \/>\n<meta property=\"og:locale\" content=\"en_GB\" \/>\n<meta property=\"og:type\" content=\"article\" \/>\n<meta property=\"og:title\" content=\"Kolonialna per\u0142a Brazylii - 6 powod\u00f3w, dla kt\u00f3rych warto odwiedzi\u0107 Salvador &#8211; Justyna Lorenc\" \/>\n<meta property=\"og:description\" content=\"Kolonialna per\u0142a Brazylii, czyli 6 pi\u0119knych powod\u00f3w, by odwiedzi\u0107 Salvador. Kolonialna architektura, smaczna kuchnia i niezwyk\u0142e pla\u017ce!\" \/>\n<meta property=\"og:url\" content=\"https:\/\/justynalorenc.com\/en\/kolonialna-perla-brazylii-6-powodow-dla-ktorych-warto-odwiedzic-salvador\/\" \/>\n<meta property=\"og:site_name\" content=\"Justyna Lorenc\" \/>\n<meta property=\"article:publisher\" content=\"https:\/\/www.facebook.com\/justynalorenccom\/\" \/>\n<meta property=\"article:author\" content=\"https:\/\/www.facebook.com\/justynalorenccom\/\" \/>\n<meta property=\"article:published_time\" content=\"2018-12-13T14:20:54+00:00\" \/>\n<meta property=\"article:modified_time\" content=\"2023-06-22T17:08:36+00:00\" \/>\n<meta property=\"og:image\" content=\"https:\/\/justynalorenc.com\/wp-content\/uploads\/2018\/12\/MG_3046.jpg\" \/>\n\t<meta property=\"og:image:width\" content=\"1200\" \/>\n\t<meta property=\"og:image:height\" content=\"784\" \/>\n\t<meta property=\"og:image:type\" content=\"image\/jpeg\" \/>\n<meta name=\"author\" content=\"Justyna\" \/>\n<meta name=\"twitter:card\" content=\"summary_large_image\" \/>\n<meta name=\"twitter:label1\" content=\"Written by\" \/>\n\t<meta name=\"twitter:data1\" content=\"Justyna\" \/>\n\t<meta name=\"twitter:label2\" content=\"Estimated reading time\" \/>\n\t<meta name=\"twitter:data2\" content=\"12 minutes\" \/>\n<script type=\"application\/ld+json\" class=\"yoast-schema-graph\">{\"@context\":\"https:\/\/schema.org\",\"@graph\":[{\"@type\":\"Article\",\"@id\":\"https:\/\/justynalorenc.com\/kolonialna-perla-brazylii-6-powodow-dla-ktorych-warto-odwiedzic-salvador\/#article\",\"isPartOf\":{\"@id\":\"https:\/\/justynalorenc.com\/kolonialna-perla-brazylii-6-powodow-dla-ktorych-warto-odwiedzic-salvador\/\"},\"author\":{\"name\":\"Justyna\",\"@id\":\"https:\/\/justynalorenc.com\/#\/schema\/person\/5f1d38de0ec51979d4c19fbe946b7c99\"},\"headline\":\"Kolonialna per\u0142a Brazylii &#8211; 6 powod\u00f3w, dla kt\u00f3rych warto odwiedzi\u0107 Salvador\",\"datePublished\":\"2018-12-13T14:20:54+00:00\",\"dateModified\":\"2023-06-22T17:08:36+00:00\",\"mainEntityOfPage\":{\"@id\":\"https:\/\/justynalorenc.com\/kolonialna-perla-brazylii-6-powodow-dla-ktorych-warto-odwiedzic-salvador\/\"},\"wordCount\":1128,\"commentCount\":1,\"publisher\":{\"@id\":\"https:\/\/justynalorenc.com\/#\/schema\/person\/5f1d38de0ec51979d4c19fbe946b7c99\"},\"keywords\":[\"ameryka po\u0142udniowa\",\"brazylia\",\"podr\u00f3\u017ce\",\"przewodniki\"],\"articleSection\":[\"PODR\u00d3\u017bE\",\"PRZEWODNIKI\"],\"inLanguage\":\"en-GB\",\"potentialAction\":[{\"@type\":\"CommentAction\",\"name\":\"Comment\",\"target\":[\"https:\/\/justynalorenc.com\/kolonialna-perla-brazylii-6-powodow-dla-ktorych-warto-odwiedzic-salvador\/#respond\"]}]},{\"@type\":\"WebPage\",\"@id\":\"https:\/\/justynalorenc.com\/kolonialna-perla-brazylii-6-powodow-dla-ktorych-warto-odwiedzic-salvador\/\",\"url\":\"https:\/\/justynalorenc.com\/kolonialna-perla-brazylii-6-powodow-dla-ktorych-warto-odwiedzic-salvador\/\",\"name\":\"Kolonialna per\u0142a Brazylii - 6 powod\u00f3w, dla kt\u00f3rych warto odwiedzi\u0107 Salvador &#8211; Justyna Lorenc\",\"isPartOf\":{\"@id\":\"https:\/\/justynalorenc.com\/#website\"},\"datePublished\":\"2018-12-13T14:20:54+00:00\",\"dateModified\":\"2023-06-22T17:08:36+00:00\",\"description\":\"Kolonialna per\u0142a Brazylii, czyli 6 pi\u0119knych powod\u00f3w, by odwiedzi\u0107 Salvador. Kolonialna architektura, smaczna kuchnia i niezwyk\u0142e pla\u017ce!\",\"breadcrumb\":{\"@id\":\"https:\/\/justynalorenc.com\/kolonialna-perla-brazylii-6-powodow-dla-ktorych-warto-odwiedzic-salvador\/#breadcrumb\"},\"inLanguage\":\"en-GB\",\"potentialAction\":[{\"@type\":\"ReadAction\",\"target\":[\"https:\/\/justynalorenc.com\/kolonialna-perla-brazylii-6-powodow-dla-ktorych-warto-odwiedzic-salvador\/\"]}]},{\"@type\":\"BreadcrumbList\",\"@id\":\"https:\/\/justynalorenc.com\/kolonialna-perla-brazylii-6-powodow-dla-ktorych-warto-odwiedzic-salvador\/#breadcrumb\",\"itemListElement\":[{\"@type\":\"ListItem\",\"position\":1,\"name\":\"Strona g\u0142\u00f3wna\",\"item\":\"https:\/\/justynalorenc.com\/\"},{\"@type\":\"ListItem\",\"position\":2,\"name\":\"Kolonialna per\u0142a Brazylii &#8211; 6 powod\u00f3w, dla kt\u00f3rych warto odwiedzi\u0107 Salvador\"}]},{\"@type\":\"WebSite\",\"@id\":\"https:\/\/justynalorenc.com\/#website\",\"url\":\"https:\/\/justynalorenc.com\/\",\"name\":\"Justyna Lorenc\",\"description\":\"BLOG - podr\u00f3\u017ce | fotografia | porady | inspiracje | klimatyczne miejsca\",\"publisher\":{\"@id\":\"https:\/\/justynalorenc.com\/#\/schema\/person\/5f1d38de0ec51979d4c19fbe946b7c99\"},\"potentialAction\":[{\"@type\":\"SearchAction\",\"target\":{\"@type\":\"EntryPoint\",\"urlTemplate\":\"https:\/\/justynalorenc.com\/?s={search_term_string}\"},\"query-input\":\"required name=search_term_string\"}],\"inLanguage\":\"en-GB\"},{\"@type\":[\"Person\",\"Organization\"],\"@id\":\"https:\/\/justynalorenc.com\/#\/schema\/person\/5f1d38de0ec51979d4c19fbe946b7c99\",\"name\":\"Justyna\",\"image\":{\"@type\":\"ImageObject\",\"inLanguage\":\"en-GB\",\"@id\":\"https:\/\/justynalorenc.com\/#\/schema\/person\/image\/\",\"url\":\"https:\/\/secure.gravatar.com\/avatar\/841e9b2ea8d5610552749bad1d090415?s=96&d=mm&r=g\",\"contentUrl\":\"https:\/\/secure.gravatar.com\/avatar\/841e9b2ea8d5610552749bad1d090415?s=96&d=mm&r=g\",\"caption\":\"Justyna\"},\"logo\":{\"@id\":\"https:\/\/justynalorenc.com\/#\/schema\/person\/image\/\"},\"sameAs\":[\"https:\/\/www.facebook.com\/justynalorenccom\/\",\"https:\/\/www.instagram.com\/justyna_lorenc\/?hl=pl\"]}]}<\/script>\n<!-- \/ Yoast SEO plugin. -->","yoast_head_json":{"title":"Kolonialna per\u0142a Brazylii - 6 powod\u00f3w, dla kt\u00f3rych warto odwiedzi\u0107 Salvador &#8211; Justyna Lorenc","description":"Kolonialna per\u0142a Brazylii, czyli 6 pi\u0119knych powod\u00f3w, by odwiedzi\u0107 Salvador. Kolonialna architektura, smaczna kuchnia i niezwyk\u0142e pla\u017ce!","robots":{"index":"index","follow":"follow","max-snippet":"max-snippet:-1","max-image-preview":"max-image-preview:large","max-video-preview":"max-video-preview:-1"},"canonical":"https:\/\/justynalorenc.com\/en\/kolonialna-perla-brazylii-6-powodow-dla-ktorych-warto-odwiedzic-salvador\/","og_locale":"en_GB","og_type":"article","og_title":"Kolonialna per\u0142a Brazylii - 6 powod\u00f3w, dla kt\u00f3rych warto odwiedzi\u0107 Salvador &#8211; Justyna Lorenc","og_description":"Kolonialna per\u0142a Brazylii, czyli 6 pi\u0119knych powod\u00f3w, by odwiedzi\u0107 Salvador. Kolonialna architektura, smaczna kuchnia i niezwyk\u0142e pla\u017ce!","og_url":"https:\/\/justynalorenc.com\/en\/kolonialna-perla-brazylii-6-powodow-dla-ktorych-warto-odwiedzic-salvador\/","og_site_name":"Justyna Lorenc","article_publisher":"https:\/\/www.facebook.com\/justynalorenccom\/","article_author":"https:\/\/www.facebook.com\/justynalorenccom\/","article_published_time":"2018-12-13T14:20:54+00:00","article_modified_time":"2023-06-22T17:08:36+00:00","og_image":[{"width":1200,"height":784,"url":"https:\/\/justynalorenc.com\/wp-content\/uploads\/2018\/12\/MG_3046.jpg","type":"image\/jpeg"}],"author":"Justyna","twitter_card":"summary_large_image","twitter_misc":{"Written by":"Justyna","Estimated reading time":"12 minutes"},"schema":{"@context":"https:\/\/schema.org","@graph":[{"@type":"Article","@id":"https:\/\/justynalorenc.com\/kolonialna-perla-brazylii-6-powodow-dla-ktorych-warto-odwiedzic-salvador\/#article","isPartOf":{"@id":"https:\/\/justynalorenc.com\/kolonialna-perla-brazylii-6-powodow-dla-ktorych-warto-odwiedzic-salvador\/"},"author":{"name":"Justyna","@id":"https:\/\/justynalorenc.com\/#\/schema\/person\/5f1d38de0ec51979d4c19fbe946b7c99"},"headline":"Kolonialna per\u0142a Brazylii &#8211; 6 powod\u00f3w, dla kt\u00f3rych warto odwiedzi\u0107 Salvador","datePublished":"2018-12-13T14:20:54+00:00","dateModified":"2023-06-22T17:08:36+00:00","mainEntityOfPage":{"@id":"https:\/\/justynalorenc.com\/kolonialna-perla-brazylii-6-powodow-dla-ktorych-warto-odwiedzic-salvador\/"},"wordCount":1128,"commentCount":1,"publisher":{"@id":"https:\/\/justynalorenc.com\/#\/schema\/person\/5f1d38de0ec51979d4c19fbe946b7c99"},"keywords":["ameryka po\u0142udniowa","brazylia","podr\u00f3\u017ce","przewodniki"],"articleSection":["PODR\u00d3\u017bE","PRZEWODNIKI"],"inLanguage":"en-GB","potentialAction":[{"@type":"CommentAction","name":"Comment","target":["https:\/\/justynalorenc.com\/kolonialna-perla-brazylii-6-powodow-dla-ktorych-warto-odwiedzic-salvador\/#respond"]}]},{"@type":"WebPage","@id":"https:\/\/justynalorenc.com\/kolonialna-perla-brazylii-6-powodow-dla-ktorych-warto-odwiedzic-salvador\/","url":"https:\/\/justynalorenc.com\/kolonialna-perla-brazylii-6-powodow-dla-ktorych-warto-odwiedzic-salvador\/","name":"Kolonialna per\u0142a Brazylii - 6 powod\u00f3w, dla kt\u00f3rych warto odwiedzi\u0107 Salvador &#8211; Justyna Lorenc","isPartOf":{"@id":"https:\/\/justynalorenc.com\/#website"},"datePublished":"2018-12-13T14:20:54+00:00","dateModified":"2023-06-22T17:08:36+00:00","description":"Kolonialna per\u0142a Brazylii, czyli 6 pi\u0119knych powod\u00f3w, by odwiedzi\u0107 Salvador. Kolonialna architektura, smaczna kuchnia i niezwyk\u0142e pla\u017ce!","breadcrumb":{"@id":"https:\/\/justynalorenc.com\/kolonialna-perla-brazylii-6-powodow-dla-ktorych-warto-odwiedzic-salvador\/#breadcrumb"},"inLanguage":"en-GB","potentialAction":[{"@type":"ReadAction","target":["https:\/\/justynalorenc.com\/kolonialna-perla-brazylii-6-powodow-dla-ktorych-warto-odwiedzic-salvador\/"]}]},{"@type":"BreadcrumbList","@id":"https:\/\/justynalorenc.com\/kolonialna-perla-brazylii-6-powodow-dla-ktorych-warto-odwiedzic-salvador\/#breadcrumb","itemListElement":[{"@type":"ListItem","position":1,"name":"Strona g\u0142\u00f3wna","item":"https:\/\/justynalorenc.com\/"},{"@type":"ListItem","position":2,"name":"Kolonialna per\u0142a Brazylii &#8211; 6 powod\u00f3w, dla kt\u00f3rych warto odwiedzi\u0107 Salvador"}]},{"@type":"WebSite","@id":"https:\/\/justynalorenc.com\/#website","url":"https:\/\/justynalorenc.com\/","name":"Justyna Lorenc","description":"BLOG - podr\u00f3\u017ce | fotografia | porady | inspiracje | klimatyczne miejsca","publisher":{"@id":"https:\/\/justynalorenc.com\/#\/schema\/person\/5f1d38de0ec51979d4c19fbe946b7c99"},"potentialAction":[{"@type":"SearchAction","target":{"@type":"EntryPoint","urlTemplate":"https:\/\/justynalorenc.com\/?s={search_term_string}"},"query-input":"required name=search_term_string"}],"inLanguage":"en-GB"},{"@type":["Person","Organization"],"@id":"https:\/\/justynalorenc.com\/#\/schema\/person\/5f1d38de0ec51979d4c19fbe946b7c99","name":"Justyna","image":{"@type":"ImageObject","inLanguage":"en-GB","@id":"https:\/\/justynalorenc.com\/#\/schema\/person\/image\/","url":"https:\/\/secure.gravatar.com\/avatar\/841e9b2ea8d5610552749bad1d090415?s=96&d=mm&r=g","contentUrl":"https:\/\/secure.gravatar.com\/avatar\/841e9b2ea8d5610552749bad1d090415?s=96&d=mm&r=g","caption":"Justyna"},"logo":{"@id":"https:\/\/justynalorenc.com\/#\/schema\/person\/image\/"},"sameAs":["https:\/\/www.facebook.com\/justynalorenccom\/","https:\/\/www.instagram.com\/justyna_lorenc\/?hl=pl"]}]}},"_links":{"self":[{"href":"https:\/\/justynalorenc.com\/en\/wp-json\/wp\/v2\/posts\/1256"}],"collection":[{"href":"https:\/\/justynalorenc.com\/en\/wp-json\/wp\/v2\/posts"}],"about":[{"href":"https:\/\/justynalorenc.com\/en\/wp-json\/wp\/v2\/types\/post"}],"author":[{"embeddable":true,"href":"https:\/\/justynalorenc.com\/en\/wp-json\/wp\/v2\/users\/1"}],"replies":[{"embeddable":true,"href":"https:\/\/justynalorenc.com\/en\/wp-json\/wp\/v2\/comments?post=1256"}],"version-history":[{"count":28,"href":"https:\/\/justynalorenc.com\/en\/wp-json\/wp\/v2\/posts\/1256\/revisions"}],"predecessor-version":[{"id":7675,"href":"https:\/\/justynalorenc.com\/en\/wp-json\/wp\/v2\/posts\/1256\/revisions\/7675"}],"wp:featuredmedia":[{"embeddable":true,"href":"https:\/\/justynalorenc.com\/en\/wp-json\/wp\/v2\/media\/7673"}],"wp:attachment":[{"href":"https:\/\/justynalorenc.com\/en\/wp-json\/wp\/v2\/media?parent=1256"}],"wp:term":[{"taxonomy":"category","embeddable":true,"href":"https:\/\/justynalorenc.com\/en\/wp-json\/wp\/v2\/categories?post=1256"},{"taxonomy":"post_tag","embeddable":true,"href":"https:\/\/justynalorenc.com\/en\/wp-json\/wp\/v2\/tags?post=1256"}],"curies":[{"name":"wp","href":"https:\/\/api.w.org\/{rel}","templated":true}]}}