{"id":10031,"date":"2023-06-13T11:53:00","date_gmt":"2023-06-13T09:53:00","guid":{"rendered":"https:\/\/justynalorenc.com\/?p=10031"},"modified":"2023-11-08T14:01:58","modified_gmt":"2023-11-08T13:01:58","slug":"5-faktow-o-belgii-o-ktorych-nie-wiedzieliscie","status":"publish","type":"post","link":"https:\/\/justynalorenc.com\/en\/5-faktow-o-belgii-o-ktorych-nie-wiedzieliscie\/","title":{"rendered":"5 Facts About Belgium and Brussels You Didn't Know"},"content":{"rendered":"<h3 class=\"wp-block-heading\">Belgia i Bruksela kojarzone s\u0105 przez obcokrajowc\u00f3w przede wszystkim z czekolad\u0105, frytkami, goframi i piwem. Jednak ma\u0142o kto wie, \u017ce to jedyny kraj na \u015bwiecie, kt\u00f3rego doskonale o\u015bwietlone autostrady wida\u0107 z kosmosu, jedyny, kt\u00f3ry nie mia\u0142 rz\u0105du przez p\u00f3\u0142tora roku i pierwszy, kt\u00f3ry mia\u0142 na czele rz\u0105du homoseksualnego premiera. <\/h3>\n\n\n\n<h2 class=\"wp-block-heading has-luminous-vivid-orange-color has-text-color\"><strong>1. BIUROKRACJA I BRAKI W NOWYCH TECHNOLOGIACH<\/strong><\/h2>\n\n\n\n<p class=\"wp-block-paragraph\">Je\u015bli mieszkasz w Belgii, mo\u017cesz zapomnie\u0107 o profilu zaufanym. Tutaj jeszcze do niedawna mo\u017cna by\u0142o kupi\u0107 limitowany internet. Po 2 latach widz\u0119, \u017ce technologicznie Belgia nie dorasta Polsce do pi\u0119t: niemo\u017cliwe jest za\u0142atwienie spraw urz\u0119dowych online, a us\u0142ugi publiczne nie s\u0105 scyfryzowane. Czas oczekiwania na wszystko zazwyczaj stanowi zagadk\u0119, niezale\u017cnie od tego, czy jest to zam\u00f3wienie kuchni na wymiar, czy otrzymanie listu z wynikami bada\u0144. Tak &#8211; tutaj wci\u0105\u017c to funkcjonuje. Wyniki bada\u0144 dostawa\u0142am nierzadko kilka tygodni po badaniach krwi.&nbsp;<\/p>\n\n\n\n<h2 class=\"wp-block-heading has-luminous-vivid-orange-color has-text-color\"><strong>2. DEKOLONIZACJA W MUZEUM<\/strong><\/h2>\n\n\n\n<p class=\"wp-block-paragraph\">Dopiero ca\u0142kiem niedawno, bo w 2002 roku dyrekcja muzeum zorientowa\u0142a si\u0119, \u017ce ekspozycja pozostaje praktycznie niezmieniana od lat 60. i ma wci\u0105\u017c do\u015b\u0107 kolonialny charakter. Ale po kolei.&nbsp;<\/p>\n\n\n\n<p class=\"wp-block-paragraph\">Pierwsza ekspozycja powsta\u0142a z inicjatywy kr\u00f3la na wystaw\u0119 \u015bwiatow\u0105 w 1897 roku i mia\u0142a promowa\u0107 Wolne Pa\u0144stwo Kongo Leopolda II. Opr\u00f3cz eksponat\u00f3w przyrodniczych w muzeum pocz\u0105tkowo funkcjonowa\u0142o&#8230; <a href=\"https:\/\/www.africamuseum.be\/en\/discover\/history_articles\/the_human_zoo_of_tervuren_1897\" target=\"_blank\" rel=\"noreferrer noopener\">ludzkie zoo<\/a>. W 1898 roku, ju\u017c po wystawie \u015bwiatowej, kolonialn\u0105 ekspozycj\u0119 zacz\u0119to przekszta\u0142ca\u0107 w muzeum. Najpierw by\u0142o to Kr\u00f3lewskie Muzeum Konga Belgijskiego, by wreszcie w 1960 ustali\u0107 nazw\u0119 jako Kr\u00f3lewskie Muzeum Afryki \u015arodkowej.<\/p>\n\n\n\n<p class=\"wp-block-paragraph\">W 2002 roku Belgowie doznali ol\u015bnienia, a \u00f3wczesny dyrektor przyzna\u0142, \u017ce kolonialna wystawa nie przystaje do naszych czas\u00f3w. W zwi\u0105zku z tym muzeum na lata 2013-2018 zamkni\u0119to do renowacji, a dzi\u015b mo\u017cemy ogl\u0105da\u0107 now\u0105 wystaw\u0119.<\/p>\n\n\n\n<p class=\"wp-block-paragraph\">Dzisiejsze muzeum skupia si\u0119 na dekolonizacji, dialogu z histori\u0105 kolonialn\u0105 i perspektywie przyrodniczo-etnograficznej. Wystawy prezentuj\u0105 zwyczaje \u015blubne, maski, ta\u0144ce ludowe, tradycyjn\u0105 muzyk\u0119, ska\u0142y, motyle, zwierz\u0119ta. Zabrane z oryginalnej wystawy rze\u017aby przedstawiaj\u0105ce czarnych m\u0119\u017cczyzn zosta\u0142y przeniesione do okr\u0105g\u0142ej sali i zas\u0142oni\u0119te p\u0142achtami materia\u0142u, ale w taki spos\u00f3b, \u017ce to, co zas\u0142oni\u0119te i wepchni\u0119te w mrok historii, mo\u017cna wci\u0105\u017c zobaczy\u0107. W ramach dyskursu z kolonializmem poprzedniej wystawy cz\u0119\u015b\u0107 usuni\u0119tej ekspozycji zosta\u0142a zachowana i jest dost\u0119pna dla zwiedzaj\u0105cych zaraz po wej\u015bciu, z komentarzem kuratorskim.<\/p>\n\n\n\n<p class=\"wp-block-paragraph\">Pocz\u0105tkowo Kongo by\u0142o prywatn\u0105 w\u0142asno\u015bci\u0105 kr\u00f3la Leopolda, ale ten w 1908 roku sprzeda\u0142 kraj Belgii, w kt\u00f3rej r\u0119kach Kongo pozostawa\u0142o a\u017c do 1960 roku. Historia tego kraju i kolonizacji naznaczona jest ogromnym cierpieniem milion\u00f3w ludzi dla ch\u0119ci w\u0142adzy i zysku. Wykorzystywanie do pracy na plantacjach i w kopalniach z\u0142ota wi\u0105za\u0142o si\u0119 z niewyobra\u017calnym okrucie\u0144stwem, pot\u0119gowanym przez zakaz edukacji i niewolnictwo, przez co belgijskie imperium kolonialne jest winne \u015bmierci od 5 do a\u017c 15 milion\u00f3w mieszka\u0144c\u00f3w Konga. <\/p>\n\n\n\n<p class=\"wp-block-paragraph\">Te muzealne zmiany wpisuj\u0105 si\u0119 zatem mocno w szersz\u0105 narracj\u0119 dekolonizacji &#8211; propagandowa narracja piel\u0119gnowana ca\u0142ymi latami przez kr\u00f3la Leopolda dzi\u015b odchodzi w zapomnienie, a w szko\u0142ach zaczyna si\u0119 uczy\u0107 o koloniach i o tym, czym naprawd\u0119 by\u0142y.&nbsp;<\/p>\n\n\n\n<h2 class=\"wp-block-heading has-luminous-vivid-orange-color has-text-color\"><strong>3. PRZYPADKOWA STOLICA<\/strong><\/h2>\n\n\n\n<p class=\"wp-block-paragraph\">Jedno z najbardziej mi\u0119dzynarodowych i kosmopolitycznych miast na \u015bwiecie, siedziba dyplomat\u00f3w, Unii i NATO. Bruksela jest znana jako stolica Europy. Historia mog\u0142aby wygl\u0105da\u0107 zupe\u0142nie inaczej, gdyby nie zrz\u0105dzenie losu. Czy wiecie, \u017ce Bruksela zosta\u0142a stolic\u0105 Europy zupe\u0142nym przypadkiem i tylko dlatego, \u017ce nazwa kraju zaczyna si\u0119 na liter\u0119 B?<\/p>\n\n\n\n<p class=\"wp-block-paragraph\">W 1957 roku powsta\u0142a Europejska Wsp\u00f3lnota Gospodarcza (EWG), a kraje, kt\u00f3re do niej przyst\u0105pi\u0142y, nie mog\u0142y dogada\u0107 si\u0119, gdzie b\u0119dzie siedziba organizacji. Wsp\u00f3lnota zaczyna\u0142a dzia\u0142a\u0107, a pracownicy wci\u0105\u017c nie wiedzieli, gdzie b\u0119d\u0105 ich biura. W ko\u0144cu zdecydowano, \u017ce nowym instytucjom b\u0119d\u0105 kolejno przewodniczy\u0107 ministrowie ka\u017cdego z 6 pa\u0144stw cz\u0142onkowskich, a pierwsza w kolejno\u015bci alfabetycznej by\u0142a Belgia. Najpierw by\u0142a to niezdolno\u015b\u0107 zdecydowania, a nast\u0119pnie, gdy zacz\u0119to kupowa\u0107 coraz wi\u0119cej biur, budynk\u00f3w i sprz\u0119t\u00f3w dla kolejnych pracownik\u00f3w, a biurokracja zacz\u0119\u0142a si\u0119 rozrasta\u0107, zwyczajnie przesta\u0142o si\u0119 op\u0142aca\u0107 przenosi\u0107 ca\u0142y ten osobny administracyjny \u015bwiat do innego kraju. W ko\u0144cu Bruksela sta\u0142a si\u0119 de facto stolic\u0105 UE i wszystkich instytucji.&nbsp;<\/p>\n\n\n\n<p class=\"wp-block-paragraph\">40 tysi\u0119cy pracownik\u00f3w UE i 4 tysi\u0105ce NATO, a tak\u017ce niezliczona liczba dyplomat\u00f3w pracuje dzisiaj w Brukseli tylko dlatego, \u017ce Belgia zaczyna si\u0119 na liter\u0119 B.<\/p>\n\n\n\n<h2 class=\"wp-block-heading has-luminous-vivid-orange-color has-text-color\"><strong>4. BELGIA NIE MIA\u0141A RZ\u0104DU PRZEZ 589 DNI<\/strong><\/h2>\n\n\n\n<p class=\"wp-block-paragraph\">Administracja Belgii jest zupe\u0142nie inna ni\u017c Polski. Belgia jest podzielona na 3 regiony federalne: Flandri\u0119, Waloni\u0119 i Region Sto\u0142eczny Brukseli i \u017cyj\u0105 tu w\u0142a\u015bciwie 2 r\u00f3\u017cne narody w 1 pa\u0144stwie. Obowi\u0105zuj\u0105 tutaj 3 j\u0119zyki urz\u0119dowe (francuski, flamandzki i niemiecki), a na szczeblu centralnym w\u0142adz\u0119 sprawuje rz\u0105d federalny (konstytucja nakazuje r\u00f3wny podzia\u0142 stanowisk w rz\u0105dzie mi\u0119dzy polityk\u00f3w flamandzkich i walo\u0144skich).&nbsp;<\/p>\n\n\n\n<p class=\"wp-block-paragraph\">Te podzia\u0142y geograficzne i j\u0119zykowe przek\u0142adaj\u0105 si\u0119 na podzia\u0142y polityczne i administracyjne. Skomplikowany system polityczny mia\u0142 \u0142agodzi\u0107 r\u00f3\u017cnice mi\u0119dzy regionami &#8211; a dzi\u015b \u015bwietnie je te\u017c oddaje.&nbsp;<\/p>\n\n\n\n<p class=\"wp-block-paragraph\">Polityczny sp\u00f3r pomi\u0119dzy francuskoj\u0119zycznymi Walonami a Flamandami od 2010 roku uniemo\u017cliwia\u0142 stworzenie nowego rz\u0105du. Belgowie nie mogli porozumie\u0107 si\u0119 a\u017c do 2011 &#8211; co czyni ten kryzys najd\u0142u\u017cszym kryzysem rz\u0105dowym we wsp\u00f3\u0142czesnej historii politycznej.&nbsp;<\/p>\n\n\n\n<p class=\"wp-block-paragraph\">Co ciekawe, administracja belgijska jest mocno rozdrobniona, a lokalne samorz\u0105dy i rz\u0105dy regionalne maj\u0105 bardzo du\u017c\u0105 autonomi\u0119 i sporo uprawnie\u0144. Jest tu ponad 500 gmin administracyjnych! Dla zainteresowanych politycznym t\u0142em: <a href=\"https:\/\/en.wikipedia.org\/wiki\/2010%E2%80%932011_Belgian_government_formation\" target=\"_blank\" rel=\"noreferrer noopener\">tutaj<\/a> znajdziecie wi\u0119cej informacji.<\/p>\n\n\n\n<h2 class=\"wp-block-heading has-luminous-vivid-orange-color has-text-color\"><strong>5. PIERWSZY HOMOSEKSUALNY PREMIER<\/strong><\/h2>\n\n\n\n<p class=\"wp-block-paragraph\">Belgia jako pierwsza w Europie mia\u0142a na czele rz\u0105du homoseksualnego premiera. Elio Di Rupo by\u0142 pierwszym premierem Belgii pochodzenia niebelgijskiego, drug\u0105 na \u015bwiecie osob\u0105 homoseksualn\u0105 na czele rz\u0105du (pierwsz\u0105 by\u0142a J\u00f3hanna Sigur\u00f0ard\u00f3ttir &#8211; premierka Islandii w latach 2009-2013 by\u0142a nie tylko pierwsz\u0105 kobiet\u0105 &#8211; premierk\u0105 Islandii, ale te\u017c pierwsz\u0105 w Europie g\u0142ow\u0105 pa\u0144stwa otwarcie deklaruj\u0105c\u0105 si\u0119 jako homoseksualna).&nbsp;<\/p>\n\n\n\n<p class=\"wp-block-paragraph\">Elio Di Rupo, pochodz\u0105cy z rodziny w\u0142oskich imigrant\u00f3w polityk, by\u0142 zatem pierwszym jawnie homoseksualnym m\u0119\u017cczyzn\u0105, kt\u00f3ry zosta\u0142 szefem rz\u0105du w czasach nowo\u017cytnych. Coming out zrobi\u0142 w 1996 roku: gdy dziennikarz zaczepi\u0142 go, twierdz\u0105c, \u017ce podobno jest gejem, odpar\u0142: \u201etak, i co z tego?\u201d. Zosta\u0142 mianowany premierem Belgii tu\u017c po tym, gdy kraj przez ponad rok pozostawa\u0142 bez rz\u0105du i sprawowa\u0142 urz\u0105d w latach 2011-2014.<\/p>\n\n\n\n<hr class=\"wp-block-separator has-alpha-channel-opacity\"\/>\n\n\n\n<p class=\"wp-block-paragraph\">Wiedzieli\u015bcie o kt\u00f3rej\u015b z tych ciekawostek? A mo\u017ce znacie inne? Dajcie zna\u0107 na Instagramie!<\/p>","protected":false},"excerpt":{"rendered":"<p>Belgia i Bruksela kojarzone s\u0105 przez obcokrajowc\u00f3w przede wszystkim z czekolad\u0105, frytkami, goframi i piwem. Jednak ma\u0142o kto wie, \u017ce to jedyny kraj na \u015bwiecie, kt\u00f3rego doskonale o\u015bwietlone autostrady wida\u0107 z kosmosu, jedyny, kt\u00f3ry nie mia\u0142 rz\u0105du przez p\u00f3\u0142tora roku i pierwszy, kt\u00f3ry mia\u0142 na czele rz\u0105du homoseksualnego premiera. 1. BIUROKRACJA I BRAKI W NOWYCH [&hellip;]<\/p>\n","protected":false},"author":1,"featured_media":10423,"comment_status":"open","ping_status":"open","sticky":false,"template":"","format":"standard","meta":{"_monsterinsights_skip_tracking":false,"footnotes":""},"categories":[1],"tags":[19,18,145,89],"class_list":["post-10031","post","type-post","status-publish","format-standard","has-post-thumbnail","hentry","category-podroze","tag-belgia","tag-bruksela","tag-ciekawostki","tag-inspiracje"],"yoast_head":"<!-- This site is optimized with the Yoast SEO plugin v28.3 - https:\/\/yoast.com\/product\/yoast-seo-wordpress\/ -->\n<title>5 FAKT\u00d3W O BELGII I BRUKSELI, O KT\u00d3RYCH NIE WIEDZIELI\u015aCIE<\/title>\n<meta name=\"description\" content=\"Belgia i Bruksela kojarzone s\u0105 z czekolad\u0105, frytkami, goframi i piwem. Ale Belgia to te\u017c kraj, kt\u00f3ry nie mia\u0142 rz\u0105du najd\u0142u\u017cej na \u015bwiecie.\" \/>\n<meta name=\"robots\" content=\"index, follow, max-snippet:-1, max-image-preview:large, max-video-preview:-1\" \/>\n<link rel=\"canonical\" href=\"https:\/\/justynalorenc.com\/en\/5-faktow-o-belgii-o-ktorych-nie-wiedzieliscie\/\" \/>\n<meta property=\"og:locale\" content=\"en_GB\" \/>\n<meta property=\"og:type\" content=\"article\" \/>\n<meta property=\"og:title\" content=\"5 FAKT\u00d3W O BELGII I BRUKSELI, O KT\u00d3RYCH NIE WIEDZIELI\u015aCIE\" \/>\n<meta property=\"og:description\" content=\"Belgia i Bruksela kojarzone s\u0105 z czekolad\u0105, frytkami, goframi i piwem. Ale Belgia to te\u017c kraj, kt\u00f3ry nie mia\u0142 rz\u0105du najd\u0142u\u017cej na \u015bwiecie.\" \/>\n<meta property=\"og:url\" content=\"https:\/\/justynalorenc.com\/en\/5-faktow-o-belgii-o-ktorych-nie-wiedzieliscie\/\" \/>\n<meta property=\"og:site_name\" content=\"Justyna Lorenc\" \/>\n<meta property=\"article:publisher\" content=\"https:\/\/www.facebook.com\/justynalorenccom\/\" \/>\n<meta property=\"article:author\" content=\"https:\/\/www.facebook.com\/justynalorenccom\/\" \/>\n<meta property=\"article:published_time\" content=\"2023-06-13T09:53:00+00:00\" \/>\n<meta property=\"article:modified_time\" content=\"2023-11-08T13:01:58+00:00\" \/>\n<meta property=\"og:image\" content=\"https:\/\/justynalorenc.com\/wp-content\/uploads\/2023\/07\/DSC04373-scaled.jpg\" \/>\n\t<meta property=\"og:image:width\" content=\"2560\" \/>\n\t<meta property=\"og:image:height\" content=\"1707\" \/>\n\t<meta property=\"og:image:type\" content=\"image\/jpeg\" \/>\n<meta name=\"author\" content=\"Justyna\" \/>\n<meta name=\"twitter:card\" content=\"summary_large_image\" \/>\n<meta name=\"twitter:label1\" content=\"Written by\" \/>\n\t<meta name=\"twitter:data1\" content=\"Justyna\" \/>\n\t<meta name=\"twitter:label2\" content=\"Estimated reading time\" \/>\n\t<meta name=\"twitter:data2\" content=\"6 minutes\" \/>\n<script type=\"application\/ld+json\" class=\"yoast-schema-graph\">{\"@context\":\"https:\\\/\\\/schema.org\",\"@graph\":[{\"@type\":\"Article\",\"@id\":\"https:\\\/\\\/justynalorenc.com\\\/5-faktow-o-belgii-o-ktorych-nie-wiedzieliscie\\\/#article\",\"isPartOf\":{\"@id\":\"https:\\\/\\\/justynalorenc.com\\\/5-faktow-o-belgii-o-ktorych-nie-wiedzieliscie\\\/\"},\"author\":{\"name\":\"Justyna\",\"@id\":\"https:\\\/\\\/justynalorenc.com\\\/#\\\/schema\\\/person\\\/5f1d38de0ec51979d4c19fbe946b7c99\"},\"headline\":\"5 FAKT\u00d3W O BELGII I BRUKSELI, O KT\u00d3RYCH NIE WIEDZIELI\u015aCIE\",\"datePublished\":\"2023-06-13T09:53:00+00:00\",\"dateModified\":\"2023-11-08T13:01:58+00:00\",\"mainEntityOfPage\":{\"@id\":\"https:\\\/\\\/justynalorenc.com\\\/5-faktow-o-belgii-o-ktorych-nie-wiedzieliscie\\\/\"},\"wordCount\":1130,\"commentCount\":0,\"publisher\":{\"@id\":\"https:\\\/\\\/justynalorenc.com\\\/#\\\/schema\\\/person\\\/5f1d38de0ec51979d4c19fbe946b7c99\"},\"image\":{\"@id\":\"https:\\\/\\\/justynalorenc.com\\\/5-faktow-o-belgii-o-ktorych-nie-wiedzieliscie\\\/#primaryimage\"},\"thumbnailUrl\":\"https:\\\/\\\/justynalorenc.com\\\/wp-content\\\/uploads\\\/2023\\\/07\\\/DSC04373-scaled.jpg\",\"keywords\":[\"belgia\",\"bruksela\",\"ciekawostki\",\"inspiracje\"],\"articleSection\":[\"PODR\u00d3\u017bE\"],\"inLanguage\":\"en-GB\",\"potentialAction\":[{\"@type\":\"CommentAction\",\"name\":\"Comment\",\"target\":[\"https:\\\/\\\/justynalorenc.com\\\/5-faktow-o-belgii-o-ktorych-nie-wiedzieliscie\\\/#respond\"]}]},{\"@type\":\"WebPage\",\"@id\":\"https:\\\/\\\/justynalorenc.com\\\/5-faktow-o-belgii-o-ktorych-nie-wiedzieliscie\\\/\",\"url\":\"https:\\\/\\\/justynalorenc.com\\\/5-faktow-o-belgii-o-ktorych-nie-wiedzieliscie\\\/\",\"name\":\"5 FAKT\u00d3W O BELGII I BRUKSELI, O KT\u00d3RYCH NIE WIEDZIELI\u015aCIE\",\"isPartOf\":{\"@id\":\"https:\\\/\\\/justynalorenc.com\\\/#website\"},\"primaryImageOfPage\":{\"@id\":\"https:\\\/\\\/justynalorenc.com\\\/5-faktow-o-belgii-o-ktorych-nie-wiedzieliscie\\\/#primaryimage\"},\"image\":{\"@id\":\"https:\\\/\\\/justynalorenc.com\\\/5-faktow-o-belgii-o-ktorych-nie-wiedzieliscie\\\/#primaryimage\"},\"thumbnailUrl\":\"https:\\\/\\\/justynalorenc.com\\\/wp-content\\\/uploads\\\/2023\\\/07\\\/DSC04373-scaled.jpg\",\"datePublished\":\"2023-06-13T09:53:00+00:00\",\"dateModified\":\"2023-11-08T13:01:58+00:00\",\"description\":\"Belgia i Bruksela kojarzone s\u0105 z czekolad\u0105, frytkami, goframi i piwem. Ale Belgia to te\u017c kraj, kt\u00f3ry nie mia\u0142 rz\u0105du najd\u0142u\u017cej na \u015bwiecie.\",\"breadcrumb\":{\"@id\":\"https:\\\/\\\/justynalorenc.com\\\/5-faktow-o-belgii-o-ktorych-nie-wiedzieliscie\\\/#breadcrumb\"},\"inLanguage\":\"en-GB\",\"potentialAction\":[{\"@type\":\"ReadAction\",\"target\":[\"https:\\\/\\\/justynalorenc.com\\\/5-faktow-o-belgii-o-ktorych-nie-wiedzieliscie\\\/\"]}]},{\"@type\":\"ImageObject\",\"inLanguage\":\"en-GB\",\"@id\":\"https:\\\/\\\/justynalorenc.com\\\/5-faktow-o-belgii-o-ktorych-nie-wiedzieliscie\\\/#primaryimage\",\"url\":\"https:\\\/\\\/justynalorenc.com\\\/wp-content\\\/uploads\\\/2023\\\/07\\\/DSC04373-scaled.jpg\",\"contentUrl\":\"https:\\\/\\\/justynalorenc.com\\\/wp-content\\\/uploads\\\/2023\\\/07\\\/DSC04373-scaled.jpg\",\"width\":2560,\"height\":1707,\"caption\":\"bruksela muzeum afryki\"},{\"@type\":\"BreadcrumbList\",\"@id\":\"https:\\\/\\\/justynalorenc.com\\\/5-faktow-o-belgii-o-ktorych-nie-wiedzieliscie\\\/#breadcrumb\",\"itemListElement\":[{\"@type\":\"ListItem\",\"position\":1,\"name\":\"Strona g\u0142\u00f3wna\",\"item\":\"https:\\\/\\\/justynalorenc.com\\\/\"},{\"@type\":\"ListItem\",\"position\":2,\"name\":\"5 FAKT\u00d3W O BELGII I BRUKSELI, O KT\u00d3RYCH NIE WIEDZIELI\u015aCIE\"}]},{\"@type\":\"WebSite\",\"@id\":\"https:\\\/\\\/justynalorenc.com\\\/#website\",\"url\":\"https:\\\/\\\/justynalorenc.com\\\/\",\"name\":\"Justyna Lorenc\",\"description\":\"BLOG - podr\u00f3\u017ce | fotografia | porady | inspiracje | klimatyczne miejsca\",\"publisher\":{\"@id\":\"https:\\\/\\\/justynalorenc.com\\\/#\\\/schema\\\/person\\\/5f1d38de0ec51979d4c19fbe946b7c99\"},\"potentialAction\":[{\"@type\":\"SearchAction\",\"target\":{\"@type\":\"EntryPoint\",\"urlTemplate\":\"https:\\\/\\\/justynalorenc.com\\\/?s={search_term_string}\"},\"query-input\":{\"@type\":\"PropertyValueSpecification\",\"valueRequired\":true,\"valueName\":\"search_term_string\"}}],\"inLanguage\":\"en-GB\"},{\"@type\":[\"Person\",\"Organization\"],\"@id\":\"https:\\\/\\\/justynalorenc.com\\\/#\\\/schema\\\/person\\\/5f1d38de0ec51979d4c19fbe946b7c99\",\"name\":\"Justyna\",\"image\":{\"@type\":\"ImageObject\",\"inLanguage\":\"en-GB\",\"@id\":\"https:\\\/\\\/secure.gravatar.com\\\/avatar\\\/4a19de892d32415f83400ec651885d20f2eb105c33cf721229fabe10cefa85fb?s=96&d=mm&r=g\",\"url\":\"https:\\\/\\\/secure.gravatar.com\\\/avatar\\\/4a19de892d32415f83400ec651885d20f2eb105c33cf721229fabe10cefa85fb?s=96&d=mm&r=g\",\"contentUrl\":\"https:\\\/\\\/secure.gravatar.com\\\/avatar\\\/4a19de892d32415f83400ec651885d20f2eb105c33cf721229fabe10cefa85fb?s=96&d=mm&r=g\",\"caption\":\"Justyna\"},\"logo\":{\"@id\":\"https:\\\/\\\/secure.gravatar.com\\\/avatar\\\/4a19de892d32415f83400ec651885d20f2eb105c33cf721229fabe10cefa85fb?s=96&d=mm&r=g\"},\"sameAs\":[\"https:\\\/\\\/www.facebook.com\\\/justynalorenccom\\\/\",\"https:\\\/\\\/www.instagram.com\\\/justyna_lorenc\\\/?hl=pl\"]}]}<\/script>\n<!-- \/ Yoast SEO plugin. -->","yoast_head_json":{"title":"5 Facts About Belgium and Brussels You Didn't Know","description":"Belgia i Bruksela kojarzone s\u0105 z czekolad\u0105, frytkami, goframi i piwem. Ale Belgia to te\u017c kraj, kt\u00f3ry nie mia\u0142 rz\u0105du najd\u0142u\u017cej na \u015bwiecie.","robots":{"index":"index","follow":"follow","max-snippet":"max-snippet:-1","max-image-preview":"max-image-preview:large","max-video-preview":"max-video-preview:-1"},"canonical":"https:\/\/justynalorenc.com\/en\/5-faktow-o-belgii-o-ktorych-nie-wiedzieliscie\/","og_locale":"en_GB","og_type":"article","og_title":"5 FAKT\u00d3W O BELGII I BRUKSELI, O KT\u00d3RYCH NIE WIEDZIELI\u015aCIE","og_description":"Belgia i Bruksela kojarzone s\u0105 z czekolad\u0105, frytkami, goframi i piwem. Ale Belgia to te\u017c kraj, kt\u00f3ry nie mia\u0142 rz\u0105du najd\u0142u\u017cej na \u015bwiecie.","og_url":"https:\/\/justynalorenc.com\/en\/5-faktow-o-belgii-o-ktorych-nie-wiedzieliscie\/","og_site_name":"Justyna Lorenc","article_publisher":"https:\/\/www.facebook.com\/justynalorenccom\/","article_author":"https:\/\/www.facebook.com\/justynalorenccom\/","article_published_time":"2023-06-13T09:53:00+00:00","article_modified_time":"2023-11-08T13:01:58+00:00","og_image":[{"width":2560,"height":1707,"url":"https:\/\/justynalorenc.com\/wp-content\/uploads\/2023\/07\/DSC04373-scaled.jpg","type":"image\/jpeg"}],"author":"Justyna","twitter_card":"summary_large_image","twitter_misc":{"Written by":"Justyna","Estimated reading time":"6 minutes"},"schema":{"@context":"https:\/\/schema.org","@graph":[{"@type":"Article","@id":"https:\/\/justynalorenc.com\/5-faktow-o-belgii-o-ktorych-nie-wiedzieliscie\/#article","isPartOf":{"@id":"https:\/\/justynalorenc.com\/5-faktow-o-belgii-o-ktorych-nie-wiedzieliscie\/"},"author":{"name":"Justyna","@id":"https:\/\/justynalorenc.com\/#\/schema\/person\/5f1d38de0ec51979d4c19fbe946b7c99"},"headline":"5 FAKT\u00d3W O BELGII I BRUKSELI, O KT\u00d3RYCH NIE WIEDZIELI\u015aCIE","datePublished":"2023-06-13T09:53:00+00:00","dateModified":"2023-11-08T13:01:58+00:00","mainEntityOfPage":{"@id":"https:\/\/justynalorenc.com\/5-faktow-o-belgii-o-ktorych-nie-wiedzieliscie\/"},"wordCount":1130,"commentCount":0,"publisher":{"@id":"https:\/\/justynalorenc.com\/#\/schema\/person\/5f1d38de0ec51979d4c19fbe946b7c99"},"image":{"@id":"https:\/\/justynalorenc.com\/5-faktow-o-belgii-o-ktorych-nie-wiedzieliscie\/#primaryimage"},"thumbnailUrl":"https:\/\/justynalorenc.com\/wp-content\/uploads\/2023\/07\/DSC04373-scaled.jpg","keywords":["belgia","bruksela","ciekawostki","inspiracje"],"articleSection":["PODR\u00d3\u017bE"],"inLanguage":"en-GB","potentialAction":[{"@type":"CommentAction","name":"Comment","target":["https:\/\/justynalorenc.com\/5-faktow-o-belgii-o-ktorych-nie-wiedzieliscie\/#respond"]}]},{"@type":"WebPage","@id":"https:\/\/justynalorenc.com\/5-faktow-o-belgii-o-ktorych-nie-wiedzieliscie\/","url":"https:\/\/justynalorenc.com\/5-faktow-o-belgii-o-ktorych-nie-wiedzieliscie\/","name":"5 Facts About Belgium and Brussels You Didn't Know","isPartOf":{"@id":"https:\/\/justynalorenc.com\/#website"},"primaryImageOfPage":{"@id":"https:\/\/justynalorenc.com\/5-faktow-o-belgii-o-ktorych-nie-wiedzieliscie\/#primaryimage"},"image":{"@id":"https:\/\/justynalorenc.com\/5-faktow-o-belgii-o-ktorych-nie-wiedzieliscie\/#primaryimage"},"thumbnailUrl":"https:\/\/justynalorenc.com\/wp-content\/uploads\/2023\/07\/DSC04373-scaled.jpg","datePublished":"2023-06-13T09:53:00+00:00","dateModified":"2023-11-08T13:01:58+00:00","description":"Belgia i Bruksela kojarzone s\u0105 z czekolad\u0105, frytkami, goframi i piwem. Ale Belgia to te\u017c kraj, kt\u00f3ry nie mia\u0142 rz\u0105du najd\u0142u\u017cej na \u015bwiecie.","breadcrumb":{"@id":"https:\/\/justynalorenc.com\/5-faktow-o-belgii-o-ktorych-nie-wiedzieliscie\/#breadcrumb"},"inLanguage":"en-GB","potentialAction":[{"@type":"ReadAction","target":["https:\/\/justynalorenc.com\/5-faktow-o-belgii-o-ktorych-nie-wiedzieliscie\/"]}]},{"@type":"ImageObject","inLanguage":"en-GB","@id":"https:\/\/justynalorenc.com\/5-faktow-o-belgii-o-ktorych-nie-wiedzieliscie\/#primaryimage","url":"https:\/\/justynalorenc.com\/wp-content\/uploads\/2023\/07\/DSC04373-scaled.jpg","contentUrl":"https:\/\/justynalorenc.com\/wp-content\/uploads\/2023\/07\/DSC04373-scaled.jpg","width":2560,"height":1707,"caption":"bruksela muzeum afryki"},{"@type":"BreadcrumbList","@id":"https:\/\/justynalorenc.com\/5-faktow-o-belgii-o-ktorych-nie-wiedzieliscie\/#breadcrumb","itemListElement":[{"@type":"ListItem","position":1,"name":"Strona g\u0142\u00f3wna","item":"https:\/\/justynalorenc.com\/"},{"@type":"ListItem","position":2,"name":"5 FAKT\u00d3W O BELGII I BRUKSELI, O KT\u00d3RYCH NIE WIEDZIELI\u015aCIE"}]},{"@type":"WebSite","@id":"https:\/\/justynalorenc.com\/#website","url":"https:\/\/justynalorenc.com\/","name":"Justyna Lorenc","description":"BLOG - podr\u00f3\u017ce | fotografia | porady | inspiracje | klimatyczne miejsca","publisher":{"@id":"https:\/\/justynalorenc.com\/#\/schema\/person\/5f1d38de0ec51979d4c19fbe946b7c99"},"potentialAction":[{"@type":"SearchAction","target":{"@type":"EntryPoint","urlTemplate":"https:\/\/justynalorenc.com\/?s={search_term_string}"},"query-input":{"@type":"PropertyValueSpecification","valueRequired":true,"valueName":"search_term_string"}}],"inLanguage":"en-GB"},{"@type":["Person","Organization"],"@id":"https:\/\/justynalorenc.com\/#\/schema\/person\/5f1d38de0ec51979d4c19fbe946b7c99","name":"Justyna","image":{"@type":"ImageObject","inLanguage":"en-GB","@id":"https:\/\/secure.gravatar.com\/avatar\/4a19de892d32415f83400ec651885d20f2eb105c33cf721229fabe10cefa85fb?s=96&d=mm&r=g","url":"https:\/\/secure.gravatar.com\/avatar\/4a19de892d32415f83400ec651885d20f2eb105c33cf721229fabe10cefa85fb?s=96&d=mm&r=g","contentUrl":"https:\/\/secure.gravatar.com\/avatar\/4a19de892d32415f83400ec651885d20f2eb105c33cf721229fabe10cefa85fb?s=96&d=mm&r=g","caption":"Justyna"},"logo":{"@id":"https:\/\/secure.gravatar.com\/avatar\/4a19de892d32415f83400ec651885d20f2eb105c33cf721229fabe10cefa85fb?s=96&d=mm&r=g"},"sameAs":["https:\/\/www.facebook.com\/justynalorenccom\/","https:\/\/www.instagram.com\/justyna_lorenc\/?hl=pl"]}]}},"_links":{"self":[{"href":"https:\/\/justynalorenc.com\/en\/wp-json\/wp\/v2\/posts\/10031","targetHints":{"allow":["GET"]}}],"collection":[{"href":"https:\/\/justynalorenc.com\/en\/wp-json\/wp\/v2\/posts"}],"about":[{"href":"https:\/\/justynalorenc.com\/en\/wp-json\/wp\/v2\/types\/post"}],"author":[{"embeddable":true,"href":"https:\/\/justynalorenc.com\/en\/wp-json\/wp\/v2\/users\/1"}],"replies":[{"embeddable":true,"href":"https:\/\/justynalorenc.com\/en\/wp-json\/wp\/v2\/comments?post=10031"}],"version-history":[{"count":19,"href":"https:\/\/justynalorenc.com\/en\/wp-json\/wp\/v2\/posts\/10031\/revisions"}],"predecessor-version":[{"id":11646,"href":"https:\/\/justynalorenc.com\/en\/wp-json\/wp\/v2\/posts\/10031\/revisions\/11646"}],"wp:featuredmedia":[{"embeddable":true,"href":"https:\/\/justynalorenc.com\/en\/wp-json\/wp\/v2\/media\/10423"}],"wp:attachment":[{"href":"https:\/\/justynalorenc.com\/en\/wp-json\/wp\/v2\/media?parent=10031"}],"wp:term":[{"taxonomy":"category","embeddable":true,"href":"https:\/\/justynalorenc.com\/en\/wp-json\/wp\/v2\/categories?post=10031"},{"taxonomy":"post_tag","embeddable":true,"href":"https:\/\/justynalorenc.com\/en\/wp-json\/wp\/v2\/tags?post=10031"}],"curies":[{"name":"wp","href":"https:\/\/api.w.org\/{rel}","templated":true}]}}